{"id":200977,"date":"2026-09-02T16:26:47","date_gmt":"2026-09-02T20:26:47","guid":{"rendered":"https:\/\/upla.cl\/noticias\/?p=200977"},"modified":"2026-09-02T16:26:47","modified_gmt":"2026-09-02T20:26:47","slug":"investigacion-upla-que-aborda-el-rol-del-arte-frente-a-emergencias-socioambientales-fue-expuesta-en-congreso-realizado-en-puerto-montt","status":"publish","type":"post","link":"https:\/\/upla.cl\/noticias\/2026\/09\/02\/investigacion-upla-que-aborda-el-rol-del-arte-frente-a-emergencias-socioambientales-fue-expuesta-en-congreso-realizado-en-puerto-montt\/","title":{"rendered":"Investigaci\u00f3n UPLA que aborda el rol del arte frente a emergencias socioambientales fue expuesta en congreso realizado en Puerto Montt"},"content":{"rendered":"<p><a href=\"https:\/\/upla.cl\/noticias\/wp-content\/uploads\/2026\/09\/Ultramareal2.jpg\"><img loading=\"lazy\" decoding=\"async\" class=\"alignright  wp-image-200978\" src=\"https:\/\/upla.cl\/noticias\/wp-content\/uploads\/2026\/09\/Ultramareal2-1024x943.jpg\" alt=\"\" width=\"352\" height=\"324\" srcset=\"https:\/\/upla.cl\/noticias\/wp-content\/uploads\/2026\/09\/Ultramareal2-1024x943.jpg 1024w, https:\/\/upla.cl\/noticias\/wp-content\/uploads\/2026\/09\/Ultramareal2-300x276.jpg 300w, https:\/\/upla.cl\/noticias\/wp-content\/uploads\/2026\/09\/Ultramareal2-150x138.jpg 150w, https:\/\/upla.cl\/noticias\/wp-content\/uploads\/2026\/09\/Ultramareal2-768x707.jpg 768w, https:\/\/upla.cl\/noticias\/wp-content\/uploads\/2026\/09\/Ultramareal2-1536x1414.jpg 1536w, https:\/\/upla.cl\/noticias\/wp-content\/uploads\/2026\/09\/Ultramareal2.jpg 1920w\" sizes=\"auto, (max-width: 352px) 100vw, 352px\" \/><\/a><strong>\u201cUltramareal: ensamblajes, crisis y litoral\u201d <\/strong>se titul\u00f3 la ponencia individual ofrecida por el<strong> acad\u00e9mico de la Facultad de Arte UPLA, Nicholas Jackson Valenzuela,<\/strong> en el I <strong>Congreso Internacional en Artes, Educaci\u00f3n y Paisajes Contempor\u00e1neos: \u201cPensar la Frontera\u201d<\/strong> realizado en <strong>Puerto Montt<\/strong>, instancia en que el artista particip\u00f3 en discusiones art\u00edsticas-pedag\u00f3gicas y expuso los principales resultados de su proyecto continuo de investigaci\u00f3n-creaci\u00f3n <strong>\u201cUltramareal\u201d, propuesta centrada en explorar los l\u00edmites postmedi\u00e1ticos y las posibilidades anal\u00edticas del arte contempor\u00e1neo frente a las emergencias socioambientales.<\/strong><\/p>\n<p>A trav\u00e9s de su intervenci\u00f3n (24 de agosto) <strong>el docente del Departamento de Artes Integradas<\/strong> de la universidad, <strong>comparti\u00f3 como su investigaci\u00f3n art\u00edstica despliega procesos abiertos -tales como composiciones sonoras, acciones culinarias, dispositivos tecnol\u00f3gicos e instalaciones-<\/strong> <strong>para evidenciar materialmente un fen\u00f3meno invisible pero ecol\u00f3gicamente cr\u00edtico<\/strong>: c\u00f3mo los metales pesados vertidos al oc\u00e9ano, junto a otros desechos, se ligan de manera persistente con los ecosistemas costeros locales.<\/p>\n<p><a href=\"https:\/\/upla.cl\/noticias\/wp-content\/uploads\/2026\/09\/Ultramareal3.jpg\"><img loading=\"lazy\" decoding=\"async\" class=\"alignright size-medium wp-image-200979\" src=\"https:\/\/upla.cl\/noticias\/wp-content\/uploads\/2026\/09\/Ultramareal3-300x200.jpg\" alt=\"\" width=\"300\" height=\"200\" srcset=\"https:\/\/upla.cl\/noticias\/wp-content\/uploads\/2026\/09\/Ultramareal3-300x200.jpg 300w, https:\/\/upla.cl\/noticias\/wp-content\/uploads\/2026\/09\/Ultramareal3-1024x683.jpg 1024w, https:\/\/upla.cl\/noticias\/wp-content\/uploads\/2026\/09\/Ultramareal3-150x100.jpg 150w, https:\/\/upla.cl\/noticias\/wp-content\/uploads\/2026\/09\/Ultramareal3-768x512.jpg 768w, https:\/\/upla.cl\/noticias\/wp-content\/uploads\/2026\/09\/Ultramareal3-1536x1024.jpg 1536w, https:\/\/upla.cl\/noticias\/wp-content\/uploads\/2026\/09\/Ultramareal3.jpg 1920w\" sizes=\"auto, (max-width: 300px) 100vw, 300px\" \/><\/a>Como habitante de la Regi\u00f3n de Valpara\u00edso, <strong>Jackson agreg\u00f3 que utiliza el trabajo de campo, la recolecci\u00f3n de residuos materiales y la colaboraci\u00f3n interdisciplinar para indagar de qu\u00e9 manera el ensamblaje permite reimaginar y visibilizar los devastadores efectos de las industrias en la costa,<\/strong> enfoc\u00e1ndose de manera particular en el impacto de la actividad humana en el intermareal.<\/p>\n<p>Para el<strong> Departamento de Artes Integradas de la Facultad de Arte de la UPLA<\/strong>, la participaci\u00f3n (con apoyo de la Direcci\u00f3n General de Investigaci\u00f3n) de Nicholas Jackson en este congreso internacional proyecta la capacidad investigativa y de creaci\u00f3n de nuestra casa de estudios para abordar problem\u00e1ticas territoriales de envergadura local y global. <strong>La exposici\u00f3n de esta investigaci\u00f3n situada facilita y consolida la creaci\u00f3n de redes de colaboraci\u00f3n art\u00edstica, acad\u00e9mica y pedag\u00f3gica con pares a nivel nacional e internacional, reforzando la proyecci\u00f3n de la UPLA como un polo reflexivo, experimental y situado en la escena de la investigaci\u00f3n art\u00edstica nacional.<\/strong><\/p>\n<p><a href=\"https:\/\/upla.cl\/noticias\/wp-content\/uploads\/2026\/09\/Ultramareal4.jpg\"><img loading=\"lazy\" decoding=\"async\" class=\"alignright size-medium wp-image-200980\" src=\"https:\/\/upla.cl\/noticias\/wp-content\/uploads\/2026\/09\/Ultramareal4-300x268.jpg\" alt=\"\" width=\"300\" height=\"268\" srcset=\"https:\/\/upla.cl\/noticias\/wp-content\/uploads\/2026\/09\/Ultramareal4-300x268.jpg 300w, https:\/\/upla.cl\/noticias\/wp-content\/uploads\/2026\/09\/Ultramareal4-150x134.jpg 150w, https:\/\/upla.cl\/noticias\/wp-content\/uploads\/2026\/09\/Ultramareal4-768x686.jpg 768w, https:\/\/upla.cl\/noticias\/wp-content\/uploads\/2026\/09\/Ultramareal4.jpg 1000w\" sizes=\"auto, (max-width: 300px) 100vw, 300px\" \/><\/a>Cabe mencionar, que <strong>este encuentro acad\u00e9mico y art\u00edstico de car\u00e1cter transdisciplinario, desarrollado el 24 y 25 de agosto de 2026 bajo el lema \u201cLugar del Habla \/ Lugar de la Escucha\u201d, fue organizado en conjunto por la Subdirecci\u00f3n de Arte, Cultura y Patrimonio de la Direcci\u00f3n General de Vinculaci\u00f3n con el Medio y la carrera de Pedagog\u00eda en Artes Visuales de la Universidad de Los Lagos<\/strong>, constituy\u00e9ndose como un espacio cr\u00edtico para pensar los l\u00edmites geogr\u00e1ficos, disciplinarios y conceptuales entre el arte, la educaci\u00f3n y los territorios.<\/p>\n","protected":false},"excerpt":{"rendered":"<p>Artista y acad\u00e9mico de la Facultad de Arte, Nicholas Jackson, present\u00f3 en el I Congreso Internacional en Artes, Educaci\u00f3n y Paisajes Contempor\u00e1neos: \u201cPensar la Frontera\u201d su proyecto denominado \u201cUltramareal\u201d, propuesta que resalta la crisis ecol\u00f3gica en los litorales.<\/p>\n","protected":false},"author":21,"featured_media":200978,"comment_status":"closed","ping_status":"open","sticky":false,"template":"","format":"standard","meta":{"footnotes":""},"categories":[51,96,201,40,69,97,71,43,904,91],"tags":[225,922,215,329,722,921,330,216],"class_list":["post-200977","post","type-post","status-publish","format-standard","has-post-thumbnail","","category-academia","category-academicos","category-desarrollo-estudiantil","category-destacados","category-egresados","category-estudiantes","category-facultad-de-arte","category-investigacion","category-pedagogia-en-artes-visuales","category-vinculacion-con-el-medio","tag-artes-integradas","tag-congresoarte","tag-facultad-de-arte","tag-nicholas-jackson","tag-puerto-montt","tag-u-lagos","tag-ultramareal","tag-upla"],"_links":{"self":[{"href":"https:\/\/upla.cl\/noticias\/wp-json\/wp\/v2\/posts\/200977","targetHints":{"allow":["GET"]}}],"collection":[{"href":"https:\/\/upla.cl\/noticias\/wp-json\/wp\/v2\/posts"}],"about":[{"href":"https:\/\/upla.cl\/noticias\/wp-json\/wp\/v2\/types\/post"}],"author":[{"embeddable":true,"href":"https:\/\/upla.cl\/noticias\/wp-json\/wp\/v2\/users\/21"}],"replies":[{"embeddable":true,"href":"https:\/\/upla.cl\/noticias\/wp-json\/wp\/v2\/comments?post=200977"}],"version-history":[{"count":4,"href":"https:\/\/upla.cl\/noticias\/wp-json\/wp\/v2\/posts\/200977\/revisions"}],"predecessor-version":[{"id":201010,"href":"https:\/\/upla.cl\/noticias\/wp-json\/wp\/v2\/posts\/200977\/revisions\/201010"}],"wp:featuredmedia":[{"embeddable":true,"href":"https:\/\/upla.cl\/noticias\/wp-json\/wp\/v2\/media\/200978"}],"wp:attachment":[{"href":"https:\/\/upla.cl\/noticias\/wp-json\/wp\/v2\/media?parent=200977"}],"wp:term":[{"taxonomy":"category","embeddable":true,"href":"https:\/\/upla.cl\/noticias\/wp-json\/wp\/v2\/categories?post=200977"},{"taxonomy":"post_tag","embeddable":true,"href":"https:\/\/upla.cl\/noticias\/wp-json\/wp\/v2\/tags?post=200977"}],"curies":[{"name":"wp","href":"https:\/\/api.w.org\/{rel}","templated":true}]}}