{"id":200982,"date":"2026-09-02T16:01:16","date_gmt":"2026-09-02T20:01:16","guid":{"rendered":"https:\/\/upla.cl\/noticias\/?p=200982"},"modified":"2026-09-02T16:14:39","modified_gmt":"2026-09-02T20:14:39","slug":"estudiantes-de-los-campus-valparaiso-y-san-felipe-participaron-en-jornada-recreativa-de-la-upla","status":"publish","type":"post","link":"https:\/\/upla.cl\/noticias\/2026\/09\/02\/estudiantes-de-los-campus-valparaiso-y-san-felipe-participaron-en-jornada-recreativa-de-la-upla\/","title":{"rendered":"Estudiantes de los campus Valpara\u00edso y San Felipe participaron en jornada recreativa de la UPLA"},"content":{"rendered":"<p><img loading=\"lazy\" decoding=\"async\" class=\"aligncenter size-large wp-image-200983\" src=\"https:\/\/upla.cl\/noticias\/wp-content\/uploads\/2026\/09\/jornada_quebrada_verde_13-1024x682.jpg\" alt=\"\" width=\"618\" height=\"412\" srcset=\"https:\/\/upla.cl\/noticias\/wp-content\/uploads\/2026\/09\/jornada_quebrada_verde_13-1024x682.jpg 1024w, https:\/\/upla.cl\/noticias\/wp-content\/uploads\/2026\/09\/jornada_quebrada_verde_13-300x200.jpg 300w, https:\/\/upla.cl\/noticias\/wp-content\/uploads\/2026\/09\/jornada_quebrada_verde_13-150x100.jpg 150w, https:\/\/upla.cl\/noticias\/wp-content\/uploads\/2026\/09\/jornada_quebrada_verde_13-768x511.jpg 768w, https:\/\/upla.cl\/noticias\/wp-content\/uploads\/2026\/09\/jornada_quebrada_verde_13-1536x1023.jpg 1536w, https:\/\/upla.cl\/noticias\/wp-content\/uploads\/2026\/09\/jornada_quebrada_verde_13-2048x1364.jpg 2048w\" sizes=\"auto, (max-width: 618px) 100vw, 618px\" \/><\/p>\n<p>Juegos, charlas y din\u00e1micas marcaron la jornada recreativa \u201cComienzan las Tutor\u00edas PAR\u201d, realizada en el Parque Quebrada Verde y organizada por la <a href=\"https:\/\/upla.cl\/acompanamientoestudiantil\/\">Unidad de Acompa\u00f1amiento Estudiantil (UAE)<\/a>, a trav\u00e9s del <strong>Programa de Acceso a la Educaci\u00f3n Superior (PACE)<\/strong> de la <strong>Universidad de Playa Ancha (UPLA).<\/strong><\/p>\n<p>La iniciativa tuvo como prop\u00f3sito generar un espacio de encuentro entre estudiantes de distintos cursos y carreras, promoviendo el intercambio de experiencias fuera del contexto acad\u00e9mico y fortaleciendo sus habilidades psicoeducativas y sociales.<\/p>\n<p>La actividad estaba dirigida inicialmente a tutores y tutorados de los campus San Felipe y Valpara\u00edso. Sin embargo, debido a la disponibilidad de cupos, la convocatoria se extendi\u00f3 a toda la comunidad estudiantil de la UPLA.<\/p>\n<p>Durante el encuentro se realizaron diversas din\u00e1micas, entre ellas, rompehielos, resoluci\u00f3n de un misterio y recorridos por el parque. A trav\u00e9s de estas instancias, las y los estudiantes pudieron generar confianza, fortalecer el trabajo colaborativo y desarrollar habilidades vinculadas a la resoluci\u00f3n de problemas. <a href=\"https:\/\/upla.cl\/noticias\/wp-content\/uploads\/2026\/09\/jornada_quebrada_verde_9-scaled.jpg\"><img loading=\"lazy\" decoding=\"async\" class=\"alignright size-medium wp-image-200985\" src=\"https:\/\/upla.cl\/noticias\/wp-content\/uploads\/2026\/09\/jornada_quebrada_verde_9-300x200.jpg\" alt=\"\" width=\"300\" height=\"200\" srcset=\"https:\/\/upla.cl\/noticias\/wp-content\/uploads\/2026\/09\/jornada_quebrada_verde_9-300x200.jpg 300w, https:\/\/upla.cl\/noticias\/wp-content\/uploads\/2026\/09\/jornada_quebrada_verde_9-1024x682.jpg 1024w, https:\/\/upla.cl\/noticias\/wp-content\/uploads\/2026\/09\/jornada_quebrada_verde_9-150x100.jpg 150w, https:\/\/upla.cl\/noticias\/wp-content\/uploads\/2026\/09\/jornada_quebrada_verde_9-768x511.jpg 768w, https:\/\/upla.cl\/noticias\/wp-content\/uploads\/2026\/09\/jornada_quebrada_verde_9-1536x1023.jpg 1536w, https:\/\/upla.cl\/noticias\/wp-content\/uploads\/2026\/09\/jornada_quebrada_verde_9-2048x1364.jpg 2048w\" sizes=\"auto, (max-width: 300px) 100vw, 300px\" \/><\/a><\/p>\n<p>En ese contexto, el <strong>ejecutor psicoeducativo de la UAE, Diego M\u00e9ndez Gonz\u00e1lez,<\/strong> explic\u00f3 que la jornada busc\u00f3 acercar a tutores y tutoras a sus grupos de estudiantes, con el objetivo de fortalecer sus v\u00ednculos y generar espacios de interacci\u00f3n fuera del contexto acad\u00e9mico.<\/p>\n<p>\u00abEl objetivo de la actividad era promover la Tutor\u00eda Par, fomentando el v\u00ednculo entre tutores y sus tutorados\/as y fortaleciendo las habilidades sociales en las y los estudiantes (&#8230;) A la vez, es relevante que nuestros estudiantes adquieran mayor autonom\u00eda territorial y conozcan otros espacios de la ciudad Puerto, por eso decidimos realizar la jornada en el parque de Quebrada Verde\u00bb.<\/p>\n<p>Asimismo, destac\u00f3 la importancia de generar espacios que permitan desarrollar habilidades socioemocionales que pueden ser aplicadas tanto en la vida universitaria como en otros \u00e1mbitos de la vida cotidiana.<\/p>\n<p>\u00abSe llev\u00f3 a cabo el trabajo en grupo con compa\u00f1eras y compa\u00f1eros de diversas carreras, lo cual permiti\u00f3 potenciar el uso de la comunicaci\u00f3n asertiva, resoluci\u00f3n de conflictos, trabajo colaborativo, toma de decisiones y competencias m\u00faltiples\u00bb, coment\u00f3.<\/p>\n<p><em><strong>Voces estudiantiles<\/strong><\/em><\/p>\n<p>La <strong>estudiante de Terapia Ocupacional y tutora par, Piera Figueroa Valenzuela,<\/strong> valor\u00f3 positivamente la instancia, destacando la posibilidad de compartir con estudiantes de otras carreras y campus, adem\u00e1s de disfrutar de un espacio al aire libre y fomentar el aprendizaje mediante actividades l\u00fadicas. <a href=\"https:\/\/upla.cl\/noticias\/wp-content\/uploads\/2026\/09\/jornada_quebrada_verde_11-scaled.jpg\"><img loading=\"lazy\" decoding=\"async\" class=\"alignright size-medium wp-image-200986\" src=\"https:\/\/upla.cl\/noticias\/wp-content\/uploads\/2026\/09\/jornada_quebrada_verde_11-300x200.jpg\" alt=\"\" width=\"300\" height=\"200\" srcset=\"https:\/\/upla.cl\/noticias\/wp-content\/uploads\/2026\/09\/jornada_quebrada_verde_11-300x200.jpg 300w, https:\/\/upla.cl\/noticias\/wp-content\/uploads\/2026\/09\/jornada_quebrada_verde_11-1024x682.jpg 1024w, https:\/\/upla.cl\/noticias\/wp-content\/uploads\/2026\/09\/jornada_quebrada_verde_11-150x100.jpg 150w, https:\/\/upla.cl\/noticias\/wp-content\/uploads\/2026\/09\/jornada_quebrada_verde_11-768x511.jpg 768w, https:\/\/upla.cl\/noticias\/wp-content\/uploads\/2026\/09\/jornada_quebrada_verde_11-1536x1023.jpg 1536w, https:\/\/upla.cl\/noticias\/wp-content\/uploads\/2026\/09\/jornada_quebrada_verde_11-2048x1364.jpg 2048w\" sizes=\"auto, (max-width: 300px) 100vw, 300px\" \/><\/a><\/p>\n<p>\u00abMe ha gustado compartir con compa\u00f1eros tanto de Valpara\u00edso como de San Felipe, con chicos que est\u00e1n reci\u00e9n en su primer a\u00f1o, que nos piden consejos, apoyo y material. Me gusta mucho venir al parque, es muy natural, es muy bonito, me gusta compartir con los animales tambi\u00e9n; las vistas desde la laguna o desde los miradores son excelentes\u00bb.<\/p>\n<p>Asimismo, el <strong>estudiante de Periodismo, Dani Godoy Rojo,<\/strong> destac\u00f3 el car\u00e1cter colaborativo de la jornada y la posibilidad de poner en pr\u00e1ctica habilidades como el respeto, la empat\u00eda y el trabajo en equipo.<\/p>\n<p>\u00abEsta actividad pone en pr\u00e1ctica los valores fundamentales de esta sociedad, que son el respeto, la empat\u00eda, la inclusi\u00f3n, el trabajo en equipo. Entonces, me parece muy potencial e incre\u00edble esta instancia en este sentido\u00bb, mencion\u00f3.<\/p>\n<div id='gallery-1' class='gallery galleryid-200982 gallery-columns-3 gallery-size-medium'><figure class='gallery-item'>\n\t\t\t<div class='gallery-icon landscape'>\n\t\t\t\t<a href='https:\/\/upla.cl\/noticias\/2026\/09\/02\/estudiantes-de-los-campus-valparaiso-y-san-felipe-participaron-en-jornada-recreativa-de-la-upla\/jornada_quebrada_verde_2\/'><img loading=\"lazy\" decoding=\"async\" width=\"300\" height=\"200\" src=\"https:\/\/upla.cl\/noticias\/wp-content\/uploads\/2026\/09\/jornada_quebrada_verde_2-300x200.jpg\" class=\"attachment-medium size-medium\" alt=\"\" srcset=\"https:\/\/upla.cl\/noticias\/wp-content\/uploads\/2026\/09\/jornada_quebrada_verde_2-300x200.jpg 300w, https:\/\/upla.cl\/noticias\/wp-content\/uploads\/2026\/09\/jornada_quebrada_verde_2-1024x682.jpg 1024w, https:\/\/upla.cl\/noticias\/wp-content\/uploads\/2026\/09\/jornada_quebrada_verde_2-150x100.jpg 150w, https:\/\/upla.cl\/noticias\/wp-content\/uploads\/2026\/09\/jornada_quebrada_verde_2-768x511.jpg 768w, https:\/\/upla.cl\/noticias\/wp-content\/uploads\/2026\/09\/jornada_quebrada_verde_2-1536x1023.jpg 1536w, https:\/\/upla.cl\/noticias\/wp-content\/uploads\/2026\/09\/jornada_quebrada_verde_2-2048x1364.jpg 2048w\" sizes=\"auto, (max-width: 300px) 100vw, 300px\" \/><\/a>\n\t\t\t<\/div><\/figure><figure class='gallery-item'>\n\t\t\t<div class='gallery-icon landscape'>\n\t\t\t\t<a href='https:\/\/upla.cl\/noticias\/2026\/09\/02\/estudiantes-de-los-campus-valparaiso-y-san-felipe-participaron-en-jornada-recreativa-de-la-upla\/jornada_quebrada_verde_4\/'><img loading=\"lazy\" decoding=\"async\" width=\"300\" height=\"200\" src=\"https:\/\/upla.cl\/noticias\/wp-content\/uploads\/2026\/09\/jornada_quebrada_verde_4-300x200.jpg\" class=\"attachment-medium size-medium\" alt=\"\" srcset=\"https:\/\/upla.cl\/noticias\/wp-content\/uploads\/2026\/09\/jornada_quebrada_verde_4-300x200.jpg 300w, https:\/\/upla.cl\/noticias\/wp-content\/uploads\/2026\/09\/jornada_quebrada_verde_4-1024x682.jpg 1024w, https:\/\/upla.cl\/noticias\/wp-content\/uploads\/2026\/09\/jornada_quebrada_verde_4-150x100.jpg 150w, https:\/\/upla.cl\/noticias\/wp-content\/uploads\/2026\/09\/jornada_quebrada_verde_4-768x511.jpg 768w, https:\/\/upla.cl\/noticias\/wp-content\/uploads\/2026\/09\/jornada_quebrada_verde_4-1536x1023.jpg 1536w, https:\/\/upla.cl\/noticias\/wp-content\/uploads\/2026\/09\/jornada_quebrada_verde_4-2048x1364.jpg 2048w\" sizes=\"auto, (max-width: 300px) 100vw, 300px\" \/><\/a>\n\t\t\t<\/div><\/figure><figure class='gallery-item'>\n\t\t\t<div class='gallery-icon landscape'>\n\t\t\t\t<a href='https:\/\/upla.cl\/noticias\/2026\/09\/02\/estudiantes-de-los-campus-valparaiso-y-san-felipe-participaron-en-jornada-recreativa-de-la-upla\/jornada_quebrada_verde_6\/'><img loading=\"lazy\" decoding=\"async\" width=\"300\" height=\"200\" src=\"https:\/\/upla.cl\/noticias\/wp-content\/uploads\/2026\/09\/jornada_quebrada_verde_6-300x200.jpg\" class=\"attachment-medium size-medium\" alt=\"\" srcset=\"https:\/\/upla.cl\/noticias\/wp-content\/uploads\/2026\/09\/jornada_quebrada_verde_6-300x200.jpg 300w, https:\/\/upla.cl\/noticias\/wp-content\/uploads\/2026\/09\/jornada_quebrada_verde_6-1024x682.jpg 1024w, https:\/\/upla.cl\/noticias\/wp-content\/uploads\/2026\/09\/jornada_quebrada_verde_6-150x100.jpg 150w, https:\/\/upla.cl\/noticias\/wp-content\/uploads\/2026\/09\/jornada_quebrada_verde_6-768x511.jpg 768w, https:\/\/upla.cl\/noticias\/wp-content\/uploads\/2026\/09\/jornada_quebrada_verde_6-1536x1023.jpg 1536w, https:\/\/upla.cl\/noticias\/wp-content\/uploads\/2026\/09\/jornada_quebrada_verde_6-2048x1364.jpg 2048w\" sizes=\"auto, (max-width: 300px) 100vw, 300px\" \/><\/a>\n\t\t\t<\/div><\/figure><figure class='gallery-item'>\n\t\t\t<div class='gallery-icon landscape'>\n\t\t\t\t<a href='https:\/\/upla.cl\/noticias\/2026\/09\/02\/estudiantes-de-los-campus-valparaiso-y-san-felipe-participaron-en-jornada-recreativa-de-la-upla\/jornada_quebrada_verde_3\/'><img loading=\"lazy\" decoding=\"async\" width=\"300\" height=\"200\" src=\"https:\/\/upla.cl\/noticias\/wp-content\/uploads\/2026\/09\/jornada_quebrada_verde_3-300x200.jpg\" class=\"attachment-medium size-medium\" alt=\"\" srcset=\"https:\/\/upla.cl\/noticias\/wp-content\/uploads\/2026\/09\/jornada_quebrada_verde_3-300x200.jpg 300w, https:\/\/upla.cl\/noticias\/wp-content\/uploads\/2026\/09\/jornada_quebrada_verde_3-1024x682.jpg 1024w, https:\/\/upla.cl\/noticias\/wp-content\/uploads\/2026\/09\/jornada_quebrada_verde_3-150x100.jpg 150w, https:\/\/upla.cl\/noticias\/wp-content\/uploads\/2026\/09\/jornada_quebrada_verde_3-768x511.jpg 768w, https:\/\/upla.cl\/noticias\/wp-content\/uploads\/2026\/09\/jornada_quebrada_verde_3-1536x1023.jpg 1536w, https:\/\/upla.cl\/noticias\/wp-content\/uploads\/2026\/09\/jornada_quebrada_verde_3-2048x1364.jpg 2048w\" sizes=\"auto, (max-width: 300px) 100vw, 300px\" \/><\/a>\n\t\t\t<\/div><\/figure><figure class='gallery-item'>\n\t\t\t<div class='gallery-icon landscape'>\n\t\t\t\t<a href='https:\/\/upla.cl\/noticias\/2026\/09\/02\/estudiantes-de-los-campus-valparaiso-y-san-felipe-participaron-en-jornada-recreativa-de-la-upla\/jornada_quebrada_verde_5\/'><img loading=\"lazy\" decoding=\"async\" width=\"300\" height=\"200\" src=\"https:\/\/upla.cl\/noticias\/wp-content\/uploads\/2026\/09\/jornada_quebrada_verde_5-300x200.jpg\" class=\"attachment-medium size-medium\" alt=\"\" srcset=\"https:\/\/upla.cl\/noticias\/wp-content\/uploads\/2026\/09\/jornada_quebrada_verde_5-300x200.jpg 300w, https:\/\/upla.cl\/noticias\/wp-content\/uploads\/2026\/09\/jornada_quebrada_verde_5-1024x682.jpg 1024w, https:\/\/upla.cl\/noticias\/wp-content\/uploads\/2026\/09\/jornada_quebrada_verde_5-150x100.jpg 150w, https:\/\/upla.cl\/noticias\/wp-content\/uploads\/2026\/09\/jornada_quebrada_verde_5-768x511.jpg 768w, https:\/\/upla.cl\/noticias\/wp-content\/uploads\/2026\/09\/jornada_quebrada_verde_5-1536x1023.jpg 1536w, https:\/\/upla.cl\/noticias\/wp-content\/uploads\/2026\/09\/jornada_quebrada_verde_5-2048x1364.jpg 2048w\" sizes=\"auto, (max-width: 300px) 100vw, 300px\" \/><\/a>\n\t\t\t<\/div><\/figure><figure class='gallery-item'>\n\t\t\t<div class='gallery-icon landscape'>\n\t\t\t\t<a href='https:\/\/upla.cl\/noticias\/2026\/09\/02\/estudiantes-de-los-campus-valparaiso-y-san-felipe-participaron-en-jornada-recreativa-de-la-upla\/jornada_quebrada_verde_7\/'><img loading=\"lazy\" decoding=\"async\" width=\"300\" height=\"200\" src=\"https:\/\/upla.cl\/noticias\/wp-content\/uploads\/2026\/09\/jornada_quebrada_verde_7-300x200.jpg\" class=\"attachment-medium size-medium\" alt=\"\" srcset=\"https:\/\/upla.cl\/noticias\/wp-content\/uploads\/2026\/09\/jornada_quebrada_verde_7-300x200.jpg 300w, https:\/\/upla.cl\/noticias\/wp-content\/uploads\/2026\/09\/jornada_quebrada_verde_7-1024x682.jpg 1024w, https:\/\/upla.cl\/noticias\/wp-content\/uploads\/2026\/09\/jornada_quebrada_verde_7-150x100.jpg 150w, https:\/\/upla.cl\/noticias\/wp-content\/uploads\/2026\/09\/jornada_quebrada_verde_7-768x511.jpg 768w, https:\/\/upla.cl\/noticias\/wp-content\/uploads\/2026\/09\/jornada_quebrada_verde_7-1536x1023.jpg 1536w, https:\/\/upla.cl\/noticias\/wp-content\/uploads\/2026\/09\/jornada_quebrada_verde_7-2048x1364.jpg 2048w\" sizes=\"auto, (max-width: 300px) 100vw, 300px\" \/><\/a>\n\t\t\t<\/div><\/figure><figure class='gallery-item'>\n\t\t\t<div class='gallery-icon landscape'>\n\t\t\t\t<a href='https:\/\/upla.cl\/noticias\/2026\/09\/02\/estudiantes-de-los-campus-valparaiso-y-san-felipe-participaron-en-jornada-recreativa-de-la-upla\/jornada_quebrada_verde_8\/'><img loading=\"lazy\" decoding=\"async\" width=\"300\" height=\"200\" src=\"https:\/\/upla.cl\/noticias\/wp-content\/uploads\/2026\/09\/jornada_quebrada_verde_8-300x200.jpg\" class=\"attachment-medium size-medium\" alt=\"\" srcset=\"https:\/\/upla.cl\/noticias\/wp-content\/uploads\/2026\/09\/jornada_quebrada_verde_8-300x200.jpg 300w, https:\/\/upla.cl\/noticias\/wp-content\/uploads\/2026\/09\/jornada_quebrada_verde_8-1024x682.jpg 1024w, https:\/\/upla.cl\/noticias\/wp-content\/uploads\/2026\/09\/jornada_quebrada_verde_8-150x100.jpg 150w, https:\/\/upla.cl\/noticias\/wp-content\/uploads\/2026\/09\/jornada_quebrada_verde_8-768x511.jpg 768w, https:\/\/upla.cl\/noticias\/wp-content\/uploads\/2026\/09\/jornada_quebrada_verde_8-1536x1023.jpg 1536w, https:\/\/upla.cl\/noticias\/wp-content\/uploads\/2026\/09\/jornada_quebrada_verde_8-2048x1364.jpg 2048w\" sizes=\"auto, (max-width: 300px) 100vw, 300px\" \/><\/a>\n\t\t\t<\/div><\/figure><figure class='gallery-item'>\n\t\t\t<div class='gallery-icon landscape'>\n\t\t\t\t<a href='https:\/\/upla.cl\/noticias\/2026\/09\/02\/estudiantes-de-los-campus-valparaiso-y-san-felipe-participaron-en-jornada-recreativa-de-la-upla\/jornada_quebrada_verde_12\/'><img loading=\"lazy\" decoding=\"async\" width=\"300\" height=\"200\" src=\"https:\/\/upla.cl\/noticias\/wp-content\/uploads\/2026\/09\/jornada_quebrada_verde_12-300x200.jpg\" class=\"attachment-medium size-medium\" alt=\"\" srcset=\"https:\/\/upla.cl\/noticias\/wp-content\/uploads\/2026\/09\/jornada_quebrada_verde_12-300x200.jpg 300w, https:\/\/upla.cl\/noticias\/wp-content\/uploads\/2026\/09\/jornada_quebrada_verde_12-1024x682.jpg 1024w, https:\/\/upla.cl\/noticias\/wp-content\/uploads\/2026\/09\/jornada_quebrada_verde_12-150x100.jpg 150w, https:\/\/upla.cl\/noticias\/wp-content\/uploads\/2026\/09\/jornada_quebrada_verde_12-768x511.jpg 768w, https:\/\/upla.cl\/noticias\/wp-content\/uploads\/2026\/09\/jornada_quebrada_verde_12-1536x1023.jpg 1536w, https:\/\/upla.cl\/noticias\/wp-content\/uploads\/2026\/09\/jornada_quebrada_verde_12-2048x1364.jpg 2048w\" sizes=\"auto, (max-width: 300px) 100vw, 300px\" \/><\/a>\n\t\t\t<\/div><\/figure><figure class='gallery-item'>\n\t\t\t<div class='gallery-icon landscape'>\n\t\t\t\t<a href='https:\/\/upla.cl\/noticias\/2026\/09\/02\/estudiantes-de-los-campus-valparaiso-y-san-felipe-participaron-en-jornada-recreativa-de-la-upla\/jornada_quebrada_verde_1\/'><img loading=\"lazy\" decoding=\"async\" width=\"300\" height=\"200\" src=\"https:\/\/upla.cl\/noticias\/wp-content\/uploads\/2026\/09\/jornada_quebrada_verde_1-300x200.jpg\" class=\"attachment-medium size-medium\" alt=\"\" srcset=\"https:\/\/upla.cl\/noticias\/wp-content\/uploads\/2026\/09\/jornada_quebrada_verde_1-300x200.jpg 300w, https:\/\/upla.cl\/noticias\/wp-content\/uploads\/2026\/09\/jornada_quebrada_verde_1-1024x682.jpg 1024w, https:\/\/upla.cl\/noticias\/wp-content\/uploads\/2026\/09\/jornada_quebrada_verde_1-150x100.jpg 150w, https:\/\/upla.cl\/noticias\/wp-content\/uploads\/2026\/09\/jornada_quebrada_verde_1-768x511.jpg 768w, https:\/\/upla.cl\/noticias\/wp-content\/uploads\/2026\/09\/jornada_quebrada_verde_1-1536x1023.jpg 1536w, https:\/\/upla.cl\/noticias\/wp-content\/uploads\/2026\/09\/jornada_quebrada_verde_1-2048x1364.jpg 2048w\" sizes=\"auto, (max-width: 300px) 100vw, 300px\" \/><\/a>\n\t\t\t<\/div><\/figure>\n\t\t<\/div>\n\n<p><em>Fuente: Fernanda Soto Rodr\u00edguez, periodista de la Direcci\u00f3n General de Comunicaciones de la Universidad de Playa Ancha.<\/em><\/p>\n","protected":false},"excerpt":{"rendered":"<p>Estudiantes de los campus Valpara\u00edso y San Felipe participaron en una jornada recreativa realizada en la Parque Quebrada Verde, la cual fue organizada por la Unidad de Acompa\u00f1amiento Estudiantil (UAE), a trav\u00e9s del Programa de Acceso a la Educaci\u00f3n Superior (PACE), instancia que permiti\u00f3 fortalecer el vinculo entre la comunidad estudiantil mediante din\u00e1micas, juegos y charlas. <\/p>\n","protected":false},"author":22,"featured_media":200983,"comment_status":"closed","ping_status":"open","sticky":false,"template":"","format":"standard","meta":{"footnotes":""},"categories":[40,97,122,136,90],"tags":[],"class_list":["post-200982","post","type-post","status-publish","format-standard","has-post-thumbnail","","category-destacados","category-estudiantes","category-inclusion","category-pace-upla","category-uae"],"_links":{"self":[{"href":"https:\/\/upla.cl\/noticias\/wp-json\/wp\/v2\/posts\/200982","targetHints":{"allow":["GET"]}}],"collection":[{"href":"https:\/\/upla.cl\/noticias\/wp-json\/wp\/v2\/posts"}],"about":[{"href":"https:\/\/upla.cl\/noticias\/wp-json\/wp\/v2\/types\/post"}],"author":[{"embeddable":true,"href":"https:\/\/upla.cl\/noticias\/wp-json\/wp\/v2\/users\/22"}],"replies":[{"embeddable":true,"href":"https:\/\/upla.cl\/noticias\/wp-json\/wp\/v2\/comments?post=200982"}],"version-history":[{"count":5,"href":"https:\/\/upla.cl\/noticias\/wp-json\/wp\/v2\/posts\/200982\/revisions"}],"predecessor-version":[{"id":201007,"href":"https:\/\/upla.cl\/noticias\/wp-json\/wp\/v2\/posts\/200982\/revisions\/201007"}],"wp:featuredmedia":[{"embeddable":true,"href":"https:\/\/upla.cl\/noticias\/wp-json\/wp\/v2\/media\/200983"}],"wp:attachment":[{"href":"https:\/\/upla.cl\/noticias\/wp-json\/wp\/v2\/media?parent=200982"}],"wp:term":[{"taxonomy":"category","embeddable":true,"href":"https:\/\/upla.cl\/noticias\/wp-json\/wp\/v2\/categories?post=200982"},{"taxonomy":"post_tag","embeddable":true,"href":"https:\/\/upla.cl\/noticias\/wp-json\/wp\/v2\/tags?post=200982"}],"curies":[{"name":"wp","href":"https:\/\/api.w.org\/{rel}","templated":true}]}}