{"id":201016,"date":"2026-09-03T10:33:01","date_gmt":"2026-09-03T14:33:01","guid":{"rendered":"https:\/\/upla.cl\/noticias\/?p=201016"},"modified":"2026-09-03T15:58:51","modified_gmt":"2026-09-03T19:58:51","slug":"uad-impulsa-el-fortalecimiento-curricular-y-pedagogico-en-las-facultades","status":"publish","type":"post","link":"https:\/\/upla.cl\/noticias\/2026\/09\/03\/uad-impulsa-el-fortalecimiento-curricular-y-pedagogico-en-las-facultades\/","title":{"rendered":"UAD impulsa el fortalecimiento curricular y pedag\u00f3gico en las facultades"},"content":{"rendered":"<p><a href=\"https:\/\/upla.cl\/noticias\/wp-content\/uploads\/2026\/09\/Rediseno_ingles2.jpeg\"><img loading=\"lazy\" decoding=\"async\" class=\"alignleft wp-image-201030 size-medium\" src=\"https:\/\/upla.cl\/noticias\/wp-content\/uploads\/2026\/09\/Rediseno_ingles2-300x225.jpeg\" alt=\"\" width=\"300\" height=\"225\" srcset=\"https:\/\/upla.cl\/noticias\/wp-content\/uploads\/2026\/09\/Rediseno_ingles2-300x225.jpeg 300w, https:\/\/upla.cl\/noticias\/wp-content\/uploads\/2026\/09\/Rediseno_ingles2-1024x768.jpeg 1024w, https:\/\/upla.cl\/noticias\/wp-content\/uploads\/2026\/09\/Rediseno_ingles2-150x113.jpeg 150w, https:\/\/upla.cl\/noticias\/wp-content\/uploads\/2026\/09\/Rediseno_ingles2-768x576.jpeg 768w, https:\/\/upla.cl\/noticias\/wp-content\/uploads\/2026\/09\/Rediseno_ingles2-1536x1152.jpeg 1536w, https:\/\/upla.cl\/noticias\/wp-content\/uploads\/2026\/09\/Rediseno_ingles2.jpeg 1920w\" sizes=\"auto, (max-width: 300px) 100vw, 300px\" \/><\/a>Con un despliegue territorial y estrat\u00e9gico constante en las distintas facultades, la <strong>Unidad de Acompa\u00f1amiento Docente (UAD)<\/strong> de la <a href=\"https:\/\/upla.cl\/vicerrectoriaacademica\/\"><strong>Vicerrector\u00eda Acad\u00e9mica<\/strong><\/a> lidera este segundo semestre una transformaci\u00f3n profunda de las pr\u00e1cticas pedag\u00f3gicas: una apuesta rigurosa por traducir los grandes lineamientos del Modelo Educativo institucional en experiencias de aula reales, tangibles y transformadoras para los estudiantes de la <strong>Universidad de Playa Ancha.<\/strong><\/p>\n<p>La informaci\u00f3n la entreg\u00f3 <strong>Eugenio Contreras Tello, coordinador de esta unidad<\/strong>, quien sostuvo que durante el segundo semestre de 2026, el equipo que lidera despleg\u00f3 un robusto plan de formaci\u00f3n y acompa\u00f1amiento situado. Seg\u00fan precis\u00f3, estas iniciativas est\u00e1n dise\u00f1adas para responder tanto a los procesos institucionales en curso como a las demandas espec\u00edficas de las distintas facultades, carreras y sus equipos acad\u00e9micos, consolidando el compromiso de la instituci\u00f3n con la excelencia formativa.<\/p>\n<p>Explic\u00f3 que el eje central de este despliegue radica en el acompa\u00f1amiento a los procesos de redise\u00f1o curricular. Tras la aprobaci\u00f3n de las mallas por parte del <strong>Senado Universitario<\/strong>, las carreras ingresan a una fase crucial: el redise\u00f1o de los programas de asignatura que conforman su nuevo plan de estudios. Es en este espacio donde la UAD interviene activamente a trav\u00e9s del curso institucional \u201cRedise\u00f1o de Programas de Actividad Curricular en Educaci\u00f3n Superior\u201d.<\/p>\n<p><a href=\"https:\/\/upla.cl\/noticias\/wp-content\/uploads\/2026\/09\/Captura-de-pantalla-2026-09-03-a-las-10.24.56-a.m.png\"><img loading=\"lazy\" decoding=\"async\" class=\"alignright size-medium wp-image-201029\" src=\"https:\/\/upla.cl\/noticias\/wp-content\/uploads\/2026\/09\/Captura-de-pantalla-2026-09-03-a-las-10.24.56-a.m-300x137.png\" alt=\"\" width=\"300\" height=\"137\" srcset=\"https:\/\/upla.cl\/noticias\/wp-content\/uploads\/2026\/09\/Captura-de-pantalla-2026-09-03-a-las-10.24.56-a.m-300x137.png 300w, https:\/\/upla.cl\/noticias\/wp-content\/uploads\/2026\/09\/Captura-de-pantalla-2026-09-03-a-las-10.24.56-a.m-1024x466.png 1024w, https:\/\/upla.cl\/noticias\/wp-content\/uploads\/2026\/09\/Captura-de-pantalla-2026-09-03-a-las-10.24.56-a.m-150x68.png 150w, https:\/\/upla.cl\/noticias\/wp-content\/uploads\/2026\/09\/Captura-de-pantalla-2026-09-03-a-las-10.24.56-a.m-768x350.png 768w, https:\/\/upla.cl\/noticias\/wp-content\/uploads\/2026\/09\/Captura-de-pantalla-2026-09-03-a-las-10.24.56-a.m.png 1296w\" sizes=\"auto, (max-width: 300px) 100vw, 300px\" \/><\/a>Este trabajo -dijo-\u00a0 va mucho m\u00e1s all\u00e1 de la mera actualizaci\u00f3n documental. El programa de asignatura organiza la experiencia de aprendizaje del estudiantado, articulando competencias, resultados de aprendizaje, saberes, metodolog\u00edas y sistemas de evaluaci\u00f3n. Coment\u00f3, adem\u00e1s, que bajo enfoques como el dise\u00f1o inverso y el alineamiento constructivo, los equipos acad\u00e9micos logran traducir la misi\u00f3n institucional y el Modelo Educativo en decisiones pedag\u00f3gicas concretas.<\/p>\n<p>\u00abEn particular, consideramos que el trabajo con los programas de asignatura representa una etapa fundamental, porque es all\u00ed donde muchas de las decisiones adoptadas durante un redise\u00f1o curricular comienzan a materializarse en aquello que posteriormente experimentar\u00e1n nuestros estudiantes\u00bb, sostuvo Eugenio Contreras.<\/p>\n<p><strong>Cronograma<\/strong><\/p>\n<p><a href=\"https:\/\/upla.cl\/noticias\/wp-content\/uploads\/2026\/09\/Rediseno_Nutricion-2.JPG.jpeg\"><img loading=\"lazy\" decoding=\"async\" class=\"alignright size-medium wp-image-201028\" src=\"https:\/\/upla.cl\/noticias\/wp-content\/uploads\/2026\/09\/Rediseno_Nutricion-2.JPG-300x225.jpeg\" alt=\"\" width=\"300\" height=\"225\" srcset=\"https:\/\/upla.cl\/noticias\/wp-content\/uploads\/2026\/09\/Rediseno_Nutricion-2.JPG-300x225.jpeg 300w, https:\/\/upla.cl\/noticias\/wp-content\/uploads\/2026\/09\/Rediseno_Nutricion-2.JPG-1024x768.jpeg 1024w, https:\/\/upla.cl\/noticias\/wp-content\/uploads\/2026\/09\/Rediseno_Nutricion-2.JPG-150x113.jpeg 150w, https:\/\/upla.cl\/noticias\/wp-content\/uploads\/2026\/09\/Rediseno_Nutricion-2.JPG-768x576.jpeg 768w, https:\/\/upla.cl\/noticias\/wp-content\/uploads\/2026\/09\/Rediseno_Nutricion-2.JPG-1536x1152.jpeg 1536w, https:\/\/upla.cl\/noticias\/wp-content\/uploads\/2026\/09\/Rediseno_Nutricion-2.JPG.jpeg 1920w\" sizes=\"auto, (max-width: 300px) 100vw, 300px\" \/><\/a>Este acompa\u00f1amiento especializado ya se encuentra en marcha en diversas unidades acad\u00e9micas. En la <strong>Facultad de Ciencias de la Salud,<\/strong> el proceso se inici\u00f3 el 20 de agosto con la carrera de <strong>Nutrici\u00f3n y Diet\u00e9tica,<\/strong> prosiguiendo con <strong>Fonoaudiolog\u00eda<\/strong> (27 de agosto). El cronograma indica que continuar\u00e1n con <strong>Kinesiolog\u00eda<\/strong> (3 de septiembre) y <strong>Terapia Ocupacional<\/strong> (10 de septiembre). En cuanto a la carrera de Enfermer\u00eda, el trabajo est\u00e1 programado para la primera semana de octubre. A ello se suman <strong>Pedagog\u00eda en Ingl\u00e9s<\/strong> <strong>(Facultad de\u00a0 Humanidades)<\/strong>, que comenz\u00f3 el 26 de agosto, y Psicolog\u00eda, con inicio previsto para el 23 de septiembre.<\/p>\n<p>El coordinador agreg\u00f3 que, junto al redise\u00f1o curricular, la UAD impulsa otras l\u00edneas estrat\u00e9gicas de gran impacto. Entre ellas destaca la quinta versi\u00f3n del <strong>Diplomado en Docencia Universitaria<\/strong>, que fortalece sistem\u00e1ticamente las competencias pedag\u00f3gicas del cuerpo acad\u00e9mico, y el curso <strong>\u201cDise\u00f1o de Proyectos de Investigaci\u00f3n Formativa\u201d.<\/strong> Este \u00faltimo, enfocado en dotar al profesorado de herramientas para indagar en sus propias pr\u00e1cticas pedag\u00f3gicas, cont\u00f3 en su segunda sesi\u00f3n con la participaci\u00f3n de la <strong>Mg. Carla Gajardo Poblete, Directora Ejecutiva de RENIDES.<\/strong><\/p>\n<p>Asimismo, la <strong>Facultad de Ciencias de la Actividad F\u00edsica y del Deporte<\/strong> ha incorporado en su horario protegido el curso <strong>\u201cDise\u00f1o de Experiencias de Aprendizaje para la Educaci\u00f3n Superior con Herramientas de IA\u201d<\/strong>, integrando la tecnolog\u00eda generativa con un firme resguardo del juicio profesional docente.<\/p>\n<p>Contreras subray\u00f3 que estas acciones, aunque responden a necesidades diversas, convergen en un prop\u00f3sito com\u00fan: articular la formaci\u00f3n pedag\u00f3gica con un acompa\u00f1amiento situado y colaborativo. \u00abComo Unidad, nuestro inter\u00e9s es continuar avanzando en esta forma de trabajo, combinando la formaci\u00f3n con un acompa\u00f1amiento situado y trabajando colaborativamente con facultades, carreras y equipos acad\u00e9micos para fortalecer las capacidades de nuestros docentes y mejorar las experiencias de aprendizaje\u00bb, concluy\u00f3.<\/p>\n<div id='gallery-1' class='gallery galleryid-201016 gallery-columns-3 gallery-size-thumbnail'><figure class='gallery-item'>\n\t\t\t<div class='gallery-icon landscape'>\n\t\t\t\t<a href='https:\/\/upla.cl\/noticias\/wp-content\/uploads\/2026\/09\/Rediseno_ingles2.jpeg'><img loading=\"lazy\" decoding=\"async\" width=\"150\" height=\"113\" src=\"https:\/\/upla.cl\/noticias\/wp-content\/uploads\/2026\/09\/Rediseno_ingles2-150x113.jpeg\" class=\"attachment-thumbnail size-thumbnail\" alt=\"\" srcset=\"https:\/\/upla.cl\/noticias\/wp-content\/uploads\/2026\/09\/Rediseno_ingles2-150x113.jpeg 150w, https:\/\/upla.cl\/noticias\/wp-content\/uploads\/2026\/09\/Rediseno_ingles2-300x225.jpeg 300w, https:\/\/upla.cl\/noticias\/wp-content\/uploads\/2026\/09\/Rediseno_ingles2-1024x768.jpeg 1024w, https:\/\/upla.cl\/noticias\/wp-content\/uploads\/2026\/09\/Rediseno_ingles2-768x576.jpeg 768w, https:\/\/upla.cl\/noticias\/wp-content\/uploads\/2026\/09\/Rediseno_ingles2-1536x1152.jpeg 1536w, https:\/\/upla.cl\/noticias\/wp-content\/uploads\/2026\/09\/Rediseno_ingles2.jpeg 1920w\" sizes=\"auto, (max-width: 150px) 100vw, 150px\" \/><\/a>\n\t\t\t<\/div><\/figure><figure class='gallery-item'>\n\t\t\t<div class='gallery-icon landscape'>\n\t\t\t\t<a href='https:\/\/upla.cl\/noticias\/wp-content\/uploads\/2026\/09\/Rdeiseno_inges-1WhatsApp-Image-2026-09-02-at-09.00.58-1.jpeg'><img loading=\"lazy\" decoding=\"async\" width=\"150\" height=\"113\" src=\"https:\/\/upla.cl\/noticias\/wp-content\/uploads\/2026\/09\/Rdeiseno_inges-1WhatsApp-Image-2026-09-02-at-09.00.58-1-150x113.jpeg\" class=\"attachment-thumbnail size-thumbnail\" alt=\"\" srcset=\"https:\/\/upla.cl\/noticias\/wp-content\/uploads\/2026\/09\/Rdeiseno_inges-1WhatsApp-Image-2026-09-02-at-09.00.58-1-150x113.jpeg 150w, https:\/\/upla.cl\/noticias\/wp-content\/uploads\/2026\/09\/Rdeiseno_inges-1WhatsApp-Image-2026-09-02-at-09.00.58-1-300x225.jpeg 300w, https:\/\/upla.cl\/noticias\/wp-content\/uploads\/2026\/09\/Rdeiseno_inges-1WhatsApp-Image-2026-09-02-at-09.00.58-1-1024x768.jpeg 1024w, https:\/\/upla.cl\/noticias\/wp-content\/uploads\/2026\/09\/Rdeiseno_inges-1WhatsApp-Image-2026-09-02-at-09.00.58-1-768x576.jpeg 768w, https:\/\/upla.cl\/noticias\/wp-content\/uploads\/2026\/09\/Rdeiseno_inges-1WhatsApp-Image-2026-09-02-at-09.00.58-1-1536x1152.jpeg 1536w, https:\/\/upla.cl\/noticias\/wp-content\/uploads\/2026\/09\/Rdeiseno_inges-1WhatsApp-Image-2026-09-02-at-09.00.58-1.jpeg 1920w\" sizes=\"auto, (max-width: 150px) 100vw, 150px\" \/><\/a>\n\t\t\t<\/div><\/figure><figure class='gallery-item'>\n\t\t\t<div class='gallery-icon landscape'>\n\t\t\t\t<a href='https:\/\/upla.cl\/noticias\/wp-content\/uploads\/2026\/09\/Rediseno_Fonoaudiologua2.JPG.jpeg'><img loading=\"lazy\" decoding=\"async\" width=\"150\" height=\"113\" src=\"https:\/\/upla.cl\/noticias\/wp-content\/uploads\/2026\/09\/Rediseno_Fonoaudiologua2.JPG-150x113.jpeg\" class=\"attachment-thumbnail size-thumbnail\" alt=\"\" srcset=\"https:\/\/upla.cl\/noticias\/wp-content\/uploads\/2026\/09\/Rediseno_Fonoaudiologua2.JPG-150x113.jpeg 150w, https:\/\/upla.cl\/noticias\/wp-content\/uploads\/2026\/09\/Rediseno_Fonoaudiologua2.JPG-300x225.jpeg 300w, https:\/\/upla.cl\/noticias\/wp-content\/uploads\/2026\/09\/Rediseno_Fonoaudiologua2.JPG-1024x768.jpeg 1024w, https:\/\/upla.cl\/noticias\/wp-content\/uploads\/2026\/09\/Rediseno_Fonoaudiologua2.JPG-768x576.jpeg 768w, https:\/\/upla.cl\/noticias\/wp-content\/uploads\/2026\/09\/Rediseno_Fonoaudiologua2.JPG-1536x1152.jpeg 1536w, https:\/\/upla.cl\/noticias\/wp-content\/uploads\/2026\/09\/Rediseno_Fonoaudiologua2.JPG.jpeg 1920w\" sizes=\"auto, (max-width: 150px) 100vw, 150px\" \/><\/a>\n\t\t\t<\/div><\/figure><figure class='gallery-item'>\n\t\t\t<div class='gallery-icon landscape'>\n\t\t\t\t<a href='https:\/\/upla.cl\/noticias\/wp-content\/uploads\/2026\/09\/Rediseno_Fonouadiologia.JPG.jpeg'><img loading=\"lazy\" decoding=\"async\" width=\"150\" height=\"113\" src=\"https:\/\/upla.cl\/noticias\/wp-content\/uploads\/2026\/09\/Rediseno_Fonouadiologia.JPG-150x113.jpeg\" class=\"attachment-thumbnail size-thumbnail\" alt=\"\" srcset=\"https:\/\/upla.cl\/noticias\/wp-content\/uploads\/2026\/09\/Rediseno_Fonouadiologia.JPG-150x113.jpeg 150w, https:\/\/upla.cl\/noticias\/wp-content\/uploads\/2026\/09\/Rediseno_Fonouadiologia.JPG-300x225.jpeg 300w, https:\/\/upla.cl\/noticias\/wp-content\/uploads\/2026\/09\/Rediseno_Fonouadiologia.JPG-1024x768.jpeg 1024w, https:\/\/upla.cl\/noticias\/wp-content\/uploads\/2026\/09\/Rediseno_Fonouadiologia.JPG-768x576.jpeg 768w, https:\/\/upla.cl\/noticias\/wp-content\/uploads\/2026\/09\/Rediseno_Fonouadiologia.JPG-1536x1152.jpeg 1536w, https:\/\/upla.cl\/noticias\/wp-content\/uploads\/2026\/09\/Rediseno_Fonouadiologia.JPG.jpeg 1920w\" sizes=\"auto, (max-width: 150px) 100vw, 150px\" \/><\/a>\n\t\t\t<\/div><\/figure><figure class='gallery-item'>\n\t\t\t<div class='gallery-icon landscape'>\n\t\t\t\t<a href='https:\/\/upla.cl\/noticias\/wp-content\/uploads\/2026\/09\/Rediseno_Nutricion-2.JPG-1.jpeg'><img loading=\"lazy\" decoding=\"async\" width=\"150\" height=\"113\" src=\"https:\/\/upla.cl\/noticias\/wp-content\/uploads\/2026\/09\/Rediseno_Nutricion-2.JPG-1-150x113.jpeg\" class=\"attachment-thumbnail size-thumbnail\" alt=\"\" srcset=\"https:\/\/upla.cl\/noticias\/wp-content\/uploads\/2026\/09\/Rediseno_Nutricion-2.JPG-1-150x113.jpeg 150w, https:\/\/upla.cl\/noticias\/wp-content\/uploads\/2026\/09\/Rediseno_Nutricion-2.JPG-1-300x225.jpeg 300w, https:\/\/upla.cl\/noticias\/wp-content\/uploads\/2026\/09\/Rediseno_Nutricion-2.JPG-1-1024x768.jpeg 1024w, https:\/\/upla.cl\/noticias\/wp-content\/uploads\/2026\/09\/Rediseno_Nutricion-2.JPG-1-768x576.jpeg 768w, https:\/\/upla.cl\/noticias\/wp-content\/uploads\/2026\/09\/Rediseno_Nutricion-2.JPG-1-1536x1152.jpeg 1536w, https:\/\/upla.cl\/noticias\/wp-content\/uploads\/2026\/09\/Rediseno_Nutricion-2.JPG-1.jpeg 1920w\" sizes=\"auto, (max-width: 150px) 100vw, 150px\" \/><\/a>\n\t\t\t<\/div><\/figure><figure class='gallery-item'>\n\t\t\t<div class='gallery-icon landscape'>\n\t\t\t\t<a href='https:\/\/upla.cl\/noticias\/wp-content\/uploads\/2026\/09\/Rediseno_Nutricion-3.JPG.jpeg'><img loading=\"lazy\" decoding=\"async\" width=\"150\" height=\"113\" src=\"https:\/\/upla.cl\/noticias\/wp-content\/uploads\/2026\/09\/Rediseno_Nutricion-3.JPG-150x113.jpeg\" class=\"attachment-thumbnail size-thumbnail\" alt=\"\" srcset=\"https:\/\/upla.cl\/noticias\/wp-content\/uploads\/2026\/09\/Rediseno_Nutricion-3.JPG-150x113.jpeg 150w, https:\/\/upla.cl\/noticias\/wp-content\/uploads\/2026\/09\/Rediseno_Nutricion-3.JPG-300x225.jpeg 300w, https:\/\/upla.cl\/noticias\/wp-content\/uploads\/2026\/09\/Rediseno_Nutricion-3.JPG-1024x768.jpeg 1024w, https:\/\/upla.cl\/noticias\/wp-content\/uploads\/2026\/09\/Rediseno_Nutricion-3.JPG-768x576.jpeg 768w, https:\/\/upla.cl\/noticias\/wp-content\/uploads\/2026\/09\/Rediseno_Nutricion-3.JPG-1536x1152.jpeg 1536w, https:\/\/upla.cl\/noticias\/wp-content\/uploads\/2026\/09\/Rediseno_Nutricion-3.JPG.jpeg 1920w\" sizes=\"auto, (max-width: 150px) 100vw, 150px\" \/><\/a>\n\t\t\t<\/div><\/figure><figure class='gallery-item'>\n\t\t\t<div class='gallery-icon landscape'>\n\t\t\t\t<a href='https:\/\/upla.cl\/noticias\/wp-content\/uploads\/2026\/09\/Rediseno_Nutricion.JPG.jpeg'><img loading=\"lazy\" decoding=\"async\" width=\"150\" height=\"113\" src=\"https:\/\/upla.cl\/noticias\/wp-content\/uploads\/2026\/09\/Rediseno_Nutricion.JPG-150x113.jpeg\" class=\"attachment-thumbnail size-thumbnail\" alt=\"\" srcset=\"https:\/\/upla.cl\/noticias\/wp-content\/uploads\/2026\/09\/Rediseno_Nutricion.JPG-150x113.jpeg 150w, https:\/\/upla.cl\/noticias\/wp-content\/uploads\/2026\/09\/Rediseno_Nutricion.JPG-300x225.jpeg 300w, https:\/\/upla.cl\/noticias\/wp-content\/uploads\/2026\/09\/Rediseno_Nutricion.JPG-1024x768.jpeg 1024w, https:\/\/upla.cl\/noticias\/wp-content\/uploads\/2026\/09\/Rediseno_Nutricion.JPG-768x576.jpeg 768w, https:\/\/upla.cl\/noticias\/wp-content\/uploads\/2026\/09\/Rediseno_Nutricion.JPG-1536x1152.jpeg 1536w, https:\/\/upla.cl\/noticias\/wp-content\/uploads\/2026\/09\/Rediseno_Nutricion.JPG.jpeg 1920w\" sizes=\"auto, (max-width: 150px) 100vw, 150px\" \/><\/a>\n\t\t\t<\/div><\/figure>\n\t\t<\/div>\n\n","protected":false},"excerpt":{"rendered":"<p>Se trata de Iniciativas estrat\u00e9gicas del segundo semestre de 2026 orientadas a la innovaci\u00f3n pedag\u00f3gica: Acompa\u00f1amiento situado en redise\u00f1os curriculares, investigaci\u00f3n formativa y uso \u00e9tico de la IA.<br \/>\nCompromiso institucional con el Modelo Educativo y la excelencia en el aula.<\/p>\n","protected":false},"author":3,"featured_media":201030,"comment_status":"closed","ping_status":"open","sticky":false,"template":"","format":"standard","meta":{"footnotes":""},"categories":[51,202,40,101,213],"tags":[],"class_list":["post-201016","post","type-post","status-publish","format-standard","has-post-thumbnail","","category-academia","category-analisis-y-planificacion-estrategica","category-destacados","category-docencia","category-vicerrectoria-academica"],"_links":{"self":[{"href":"https:\/\/upla.cl\/noticias\/wp-json\/wp\/v2\/posts\/201016","targetHints":{"allow":["GET"]}}],"collection":[{"href":"https:\/\/upla.cl\/noticias\/wp-json\/wp\/v2\/posts"}],"about":[{"href":"https:\/\/upla.cl\/noticias\/wp-json\/wp\/v2\/types\/post"}],"author":[{"embeddable":true,"href":"https:\/\/upla.cl\/noticias\/wp-json\/wp\/v2\/users\/3"}],"replies":[{"embeddable":true,"href":"https:\/\/upla.cl\/noticias\/wp-json\/wp\/v2\/comments?post=201016"}],"version-history":[{"count":5,"href":"https:\/\/upla.cl\/noticias\/wp-json\/wp\/v2\/posts\/201016\/revisions"}],"predecessor-version":[{"id":201041,"href":"https:\/\/upla.cl\/noticias\/wp-json\/wp\/v2\/posts\/201016\/revisions\/201041"}],"wp:featuredmedia":[{"embeddable":true,"href":"https:\/\/upla.cl\/noticias\/wp-json\/wp\/v2\/media\/201030"}],"wp:attachment":[{"href":"https:\/\/upla.cl\/noticias\/wp-json\/wp\/v2\/media?parent=201016"}],"wp:term":[{"taxonomy":"category","embeddable":true,"href":"https:\/\/upla.cl\/noticias\/wp-json\/wp\/v2\/categories?post=201016"},{"taxonomy":"post_tag","embeddable":true,"href":"https:\/\/upla.cl\/noticias\/wp-json\/wp\/v2\/tags?post=201016"}],"curies":[{"name":"wp","href":"https:\/\/api.w.org\/{rel}","templated":true}]}}