{"id":201022,"date":"2026-09-03T09:28:40","date_gmt":"2026-09-03T13:28:40","guid":{"rendered":"https:\/\/upla.cl\/noticias\/?p=201022"},"modified":"2026-09-03T09:28:40","modified_gmt":"2026-09-03T13:28:40","slug":"estudiantes-del-campus-san-felipe-preparan-paso-al-mundo-laboral-en-taller-realizado-por-vinculacion-con-el-medio","status":"publish","type":"post","link":"https:\/\/upla.cl\/noticias\/2026\/09\/03\/estudiantes-del-campus-san-felipe-preparan-paso-al-mundo-laboral-en-taller-realizado-por-vinculacion-con-el-medio\/","title":{"rendered":"Estudiantes del campus San Felipe preparan paso al mundo laboral en taller realizado por Vinculaci\u00f3n con el Medio"},"content":{"rendered":"<p><a href=\"https:\/\/upla.cl\/noticias\/wp-content\/uploads\/2026\/09\/taller_apresto_laboral_2.jpg\"><img loading=\"lazy\" decoding=\"async\" class=\"aligncenter size-large wp-image-201024\" src=\"https:\/\/upla.cl\/noticias\/wp-content\/uploads\/2026\/09\/taller_apresto_laboral_2-1024x683.jpg\" alt=\"\" width=\"618\" height=\"412\" srcset=\"https:\/\/upla.cl\/noticias\/wp-content\/uploads\/2026\/09\/taller_apresto_laboral_2-1024x683.jpg 1024w, https:\/\/upla.cl\/noticias\/wp-content\/uploads\/2026\/09\/taller_apresto_laboral_2-300x200.jpg 300w, https:\/\/upla.cl\/noticias\/wp-content\/uploads\/2026\/09\/taller_apresto_laboral_2-150x100.jpg 150w, https:\/\/upla.cl\/noticias\/wp-content\/uploads\/2026\/09\/taller_apresto_laboral_2-768x512.jpg 768w, https:\/\/upla.cl\/noticias\/wp-content\/uploads\/2026\/09\/taller_apresto_laboral_2-1536x1024.jpg 1536w, https:\/\/upla.cl\/noticias\/wp-content\/uploads\/2026\/09\/taller_apresto_laboral_2.jpg 1920w\" sizes=\"auto, (max-width: 618px) 100vw, 618px\" \/><\/a>En el auditorio del campus San Felipe se llev\u00f3 a cabo el <strong>\u201cTaller de apresto laboral\u201d <\/strong>dirigido a estudiantes y egresados y egresadas de la Universidad de Playa Ancha (UPLA), a cargo de la Direcci\u00f3n General de Vinculaci\u00f3n con el Medio (DGVM).<\/p>\n<p>El taller fue implementado por el <strong>psic\u00f3logo Felipe Miranda Arellano<\/strong>, de la <strong>Unidad de V\u00ednculos con la Comunidad Egresada y Empleadores<\/strong> de la DGVM, quien abord\u00f3 el proceso que debe enfrentar un profesional a la hora de buscar empleo, espec\u00edficamente la confecci\u00f3n de un curr\u00edculum competente; la b\u00fasqueda de ofertas y networking; las etapas de reclutamiento y selecci\u00f3n de personal; la estructura de la entrevista laboral, sus modelos y estrategias para su abordaje; y la importancia del proceso comunicativo en la selecci\u00f3n laboral.<\/p>\n<p>En ese sentido, el <strong>psic\u00f3logo Felipe Miranda<\/strong> explica que \u201cel objetivo de este encuentro fue entregar a las y los participantes herramientas concretas que les permitan enfrentar con mayor preparaci\u00f3n y confianza los procesos de reclutamiento y selecci\u00f3n de personal. Con frecuencia, egresadas y egresados nos manifiestan que no se sienten suficientemente preparados para elaborar un curr\u00edculum o desenvolverse en una entrevista laboral. Cuando les pregunto c\u00f3mo construyeron su primer curr\u00edculum, suelen contarme que alguien les envi\u00f3 un ejemplo para que lo utilizaran como referencia, que recibieron algunas indicaciones generales o que buscaron informaci\u00f3n en Internet. Por ello, generar este tipo de instancias resulta importante para fortalecer su preparaci\u00f3n y brindarles mayores herramientas para incorporarse al mundo laboral\u201d.<\/p>\n<p><a href=\"https:\/\/upla.cl\/noticias\/wp-content\/uploads\/2026\/09\/taller_apresto_laboral_3.jpg\"><img loading=\"lazy\" decoding=\"async\" class=\"alignright size-medium wp-image-201026\" src=\"https:\/\/upla.cl\/noticias\/wp-content\/uploads\/2026\/09\/taller_apresto_laboral_3-300x200.jpg\" alt=\"\" width=\"300\" height=\"200\" srcset=\"https:\/\/upla.cl\/noticias\/wp-content\/uploads\/2026\/09\/taller_apresto_laboral_3-300x200.jpg 300w, https:\/\/upla.cl\/noticias\/wp-content\/uploads\/2026\/09\/taller_apresto_laboral_3-1024x683.jpg 1024w, https:\/\/upla.cl\/noticias\/wp-content\/uploads\/2026\/09\/taller_apresto_laboral_3-150x100.jpg 150w, https:\/\/upla.cl\/noticias\/wp-content\/uploads\/2026\/09\/taller_apresto_laboral_3-768x512.jpg 768w, https:\/\/upla.cl\/noticias\/wp-content\/uploads\/2026\/09\/taller_apresto_laboral_3-1536x1024.jpg 1536w, https:\/\/upla.cl\/noticias\/wp-content\/uploads\/2026\/09\/taller_apresto_laboral_3.jpg 1920w\" sizes=\"auto, (max-width: 300px) 100vw, 300px\" \/><\/a>Respecto de la recepci\u00f3n de los asistentes a la actividad desarrollada en el campus San Felipe, el profesional de la Direcci\u00f3n General de Vinculaci\u00f3n con el Medio valor\u00f3 \u201cque los participantes sean activos en su aprendizaje\u201d, explicando que al iniciar este tipo de talleres \u00e9l promueve el desarrollo de un di\u00e1logo, en vez de una exposici\u00f3n lineal. \u201cMe parece que en esta ocasi\u00f3n tuvimos un grupo de participantes que aprovech\u00f3 mucho esa premisa y estuvo muy activo haciendo preguntas, aclarando dudas e incluso compartiendo experiencias personales en torno a su b\u00fasqueda de empleo\u201d, destac\u00f3.<\/p>\n<p><strong>Antonia Barrera Barrera, estudiante de <a href=\"https:\/\/upla.cl\/facultad\/humanidades\/pedagogia-en-castellano\/\">Pedagog\u00eda en Castellano<\/a><\/strong> que particip\u00f3 de la instancia, relev\u00f3 que \u201cme pareci\u00f3 un taller muy importante, sobre todo porque estamos a punto de iniciar nuestra pr\u00e1ctica profesional y hay muchos compa\u00f1eros que no tienen ninguna noci\u00f3n ni experiencia laboral, por lo que se ponen muy nerviosos al momento de ejercer; ese suele ser el problema de los estudiantes de pregrado, que se preguntan \u2018\u00bfc\u00f3mo me van a contratar si yo no tengo experiencia?\u2019, algo que suele ser requisito en casi todas las entrevistas de trabajo. Entonces, fue un taller muy bueno en ese aspecto, y en lo personal me resolvi\u00f3 varias dudas, porque a pesar de que tengo experiencia laboral, hay muchos tecnicismos que a\u00fan no ten\u00eda completamente entendidos e incorporados\u201d.<\/p>\n<p>Por su parte, <strong>Rafael C\u00e1rcamo P\u00e9rez, perteneciente igualmente a la carrera de Pedagog\u00eda en Castellano<\/strong>, sostuvo tras la actividad que \u201clas herramientas que se entregaron estuvieron demasiado bien expuestas, principalmente para alguien que no tiene ning\u00fan conocimiento sobre esto. Yo, por ejemplo, que estoy a punto de salir, no sab\u00eda nada de esto, pensaba que solo era llegar y dejar tu curr\u00edculum, entonces esto como que me abri\u00f3 las puertas a lo que se tiene que hacer y a lo que no se tiene que hacer\u201d.<\/p>\n<p>&nbsp;<\/p>\n<p><em>Fuente: Daniel Labb\u00e9 Y., periodista Direcci\u00f3n General de Vinculaci\u00f3n con el Medio \/ Campus San Felipe.<\/em><\/p>\n","protected":false},"excerpt":{"rendered":"<p>Psic\u00f3logo de la DGVM abord\u00f3 en instancia de apresto laboral el proceso que debe enfrentar un profesional a la hora de buscar empleo.<\/p>\n","protected":false},"author":10,"featured_media":201024,"comment_status":"closed","ping_status":"open","sticky":false,"template":"","format":"standard","meta":{"footnotes":""},"categories":[60,40,97,91],"tags":[],"class_list":["post-201022","post","type-post","status-publish","format-standard","has-post-thumbnail","","category-campus-san-felipe","category-destacados","category-estudiantes","category-vinculacion-con-el-medio"],"_links":{"self":[{"href":"https:\/\/upla.cl\/noticias\/wp-json\/wp\/v2\/posts\/201022","targetHints":{"allow":["GET"]}}],"collection":[{"href":"https:\/\/upla.cl\/noticias\/wp-json\/wp\/v2\/posts"}],"about":[{"href":"https:\/\/upla.cl\/noticias\/wp-json\/wp\/v2\/types\/post"}],"author":[{"embeddable":true,"href":"https:\/\/upla.cl\/noticias\/wp-json\/wp\/v2\/users\/10"}],"replies":[{"embeddable":true,"href":"https:\/\/upla.cl\/noticias\/wp-json\/wp\/v2\/comments?post=201022"}],"version-history":[{"count":1,"href":"https:\/\/upla.cl\/noticias\/wp-json\/wp\/v2\/posts\/201022\/revisions"}],"predecessor-version":[{"id":201027,"href":"https:\/\/upla.cl\/noticias\/wp-json\/wp\/v2\/posts\/201022\/revisions\/201027"}],"wp:featuredmedia":[{"embeddable":true,"href":"https:\/\/upla.cl\/noticias\/wp-json\/wp\/v2\/media\/201024"}],"wp:attachment":[{"href":"https:\/\/upla.cl\/noticias\/wp-json\/wp\/v2\/media?parent=201022"}],"wp:term":[{"taxonomy":"category","embeddable":true,"href":"https:\/\/upla.cl\/noticias\/wp-json\/wp\/v2\/categories?post=201022"},{"taxonomy":"post_tag","embeddable":true,"href":"https:\/\/upla.cl\/noticias\/wp-json\/wp\/v2\/tags?post=201022"}],"curies":[{"name":"wp","href":"https:\/\/api.w.org\/{rel}","templated":true}]}}