{"id":201046,"date":"2026-09-03T15:57:58","date_gmt":"2026-09-03T19:57:58","guid":{"rendered":"https:\/\/upla.cl\/noticias\/?p=201046"},"modified":"2026-09-03T15:57:58","modified_gmt":"2026-09-03T19:57:58","slug":"mandato-ineludible-en-la-salud-hacia-un-modelo-centrado-en-las-personas","status":"publish","type":"post","link":"https:\/\/upla.cl\/noticias\/2026\/09\/03\/mandato-ineludible-en-la-salud-hacia-un-modelo-centrado-en-las-personas\/","title":{"rendered":"Mandato ineludible en la salud: hacia un modelo centrado en las personas"},"content":{"rendered":"<p><a href=\"https:\/\/upla.cl\/noticias\/wp-content\/uploads\/2026\/09\/Victor-Burgos.jpeg\"><img loading=\"lazy\" decoding=\"async\" class=\"alignright size-medium wp-image-201047\" src=\"https:\/\/upla.cl\/noticias\/wp-content\/uploads\/2026\/09\/Victor-Burgos-300x225.jpeg\" alt=\"\" width=\"300\" height=\"225\" srcset=\"https:\/\/upla.cl\/noticias\/wp-content\/uploads\/2026\/09\/Victor-Burgos-300x225.jpeg 300w, https:\/\/upla.cl\/noticias\/wp-content\/uploads\/2026\/09\/Victor-Burgos-1024x768.jpeg 1024w, https:\/\/upla.cl\/noticias\/wp-content\/uploads\/2026\/09\/Victor-Burgos-150x113.jpeg 150w, https:\/\/upla.cl\/noticias\/wp-content\/uploads\/2026\/09\/Victor-Burgos-768x576.jpeg 768w, https:\/\/upla.cl\/noticias\/wp-content\/uploads\/2026\/09\/Victor-Burgos-1536x1152.jpeg 1536w, https:\/\/upla.cl\/noticias\/wp-content\/uploads\/2026\/09\/Victor-Burgos.jpeg 1600w\" sizes=\"auto, (max-width: 300px) 100vw, 300px\" \/><\/a>Independientemente del espacio asistencial en el que se desempe\u00f1en \u2014ya sea en la atenci\u00f3n primaria, en unidades de urgencia o en recintos hospitalarios de alta complejidad\u2014, toda persona que trabaje en el \u00e1rea de la salud comparte un mandato fundamental: desde su posici\u00f3n espec\u00edfica, debe contribuir activamente a un modelo de salud centrado en el usuario, que sea de car\u00e1cter integral y que garantice de manera efectiva la continuidad de los cuidados. As\u00ed lo afirm\u00f3 el <strong>kinesi\u00f3logo V\u00edctor Burgos Pe\u00f1ailillo, mag\u00edster en Salud P\u00fablica y diplomado en Gesti\u00f3n Hospitalaria,<\/strong> durante la clase magistral que dict\u00f3 en el <strong>Aula Dr. F\u00e9lix Morales Pettorino<\/strong> dirigida a los estudiantes de la <strong>Facultad de Ciencias de la Salud.<\/strong><\/p>\n<p>La exposici\u00f3n tuvo como objetivo principal abordar la tipolog\u00eda y los modelos de los sistemas de salud, vincul\u00e1ndose con la l\u00ednea de sello de las carreras y la asignatura de Salud P\u00fablica. A partir de su labor en el <strong>Servicio de Salud Vi\u00f1a del Mar Quillota<\/strong> y su trayectoria en gesti\u00f3n cl\u00ednica, el especialista explic\u00f3 que pudo contar desde la experiencia (desde la vivencia del d\u00eda a d\u00eda), para visualizar de qu\u00e9 manera hoy d\u00eda el modelo actual da cuenta de lo que te\u00f3ricamente un modelo de salud y un sistema de salud entrega respuesta a la poblaci\u00f3n.<\/p>\n<p><a href=\"https:\/\/upla.cl\/noticias\/wp-content\/uploads\/2026\/09\/Asistentes-charla-.jpeg\"><img loading=\"lazy\" decoding=\"async\" class=\"alignleft wp-image-201049\" src=\"https:\/\/upla.cl\/noticias\/wp-content\/uploads\/2026\/09\/Asistentes-charla--300x225.jpeg\" alt=\"\" width=\"291\" height=\"218\" srcset=\"https:\/\/upla.cl\/noticias\/wp-content\/uploads\/2026\/09\/Asistentes-charla--300x225.jpeg 300w, https:\/\/upla.cl\/noticias\/wp-content\/uploads\/2026\/09\/Asistentes-charla--1024x768.jpeg 1024w, https:\/\/upla.cl\/noticias\/wp-content\/uploads\/2026\/09\/Asistentes-charla--150x113.jpeg 150w, https:\/\/upla.cl\/noticias\/wp-content\/uploads\/2026\/09\/Asistentes-charla--768x576.jpeg 768w, https:\/\/upla.cl\/noticias\/wp-content\/uploads\/2026\/09\/Asistentes-charla--1536x1152.jpeg 1536w, https:\/\/upla.cl\/noticias\/wp-content\/uploads\/2026\/09\/Asistentes-charla-.jpeg 1600w\" sizes=\"auto, (max-width: 291px) 100vw, 291px\" \/><\/a>\u00abLos desaf\u00edos hoy d\u00eda han cambiado mucho en los \u00faltimos a\u00f1os y por lo tanto ah\u00ed es donde cae el desaf\u00edo en la academia y en las universidades de preparar a los estudiantes no solamente en formaci\u00f3n te\u00f3rica, sino que en la parte t\u00e9cnica, en el contexto operativo y en el \u00e1mbito disciplinar actitudinal, cosa que sus pr\u00e1cticas profesionales las enfrenten de buena manera\u00bb, dijo Burgos.<\/p>\n<p>Asimismo, la charla busc\u00f3 dotar a los futuros profesionales de informaci\u00f3n actualizada sobre la red asistencial para que sus pr\u00e1cticas no constituyan el primer contacto con la realidad operativa. En esa l\u00ednea, Burgos, quien tambi\u00e9n es docente de la facultad, enfatiz\u00f3 que \u00abla clave est\u00e1 en el contexto y principalmente que los estudiantes, las nuevas generaciones, puedan ir recibiendo informaci\u00f3n actualizada del funcionamiento de los sistemas de salud, que sepan qu\u00e9 es lo que se van a enfrentar una vez que ya terminen su etapa de pregrado\u00bb. Este conocimiento oportuno genera un impacto significativo al ingresar al mundo laboral, al alinear la formaci\u00f3n te\u00f3rica y actitudinal con los requerimientos reales de los empleadores.<\/p>\n<p><a href=\"https:\/\/upla.cl\/noticias\/wp-content\/uploads\/2026\/09\/Vicente-Herrera.jpeg\"><img loading=\"lazy\" decoding=\"async\" class=\"alignleft wp-image-201048\" src=\"https:\/\/upla.cl\/noticias\/wp-content\/uploads\/2026\/09\/Vicente-Herrera-114x150.jpeg\" alt=\"\" width=\"88\" height=\"116\" srcset=\"https:\/\/upla.cl\/noticias\/wp-content\/uploads\/2026\/09\/Vicente-Herrera-114x150.jpeg 114w, https:\/\/upla.cl\/noticias\/wp-content\/uploads\/2026\/09\/Vicente-Herrera-228x300.jpeg 228w, https:\/\/upla.cl\/noticias\/wp-content\/uploads\/2026\/09\/Vicente-Herrera-779x1024.jpeg 779w, https:\/\/upla.cl\/noticias\/wp-content\/uploads\/2026\/09\/Vicente-Herrera-768x1010.jpeg 768w, https:\/\/upla.cl\/noticias\/wp-content\/uploads\/2026\/09\/Vicente-Herrera.jpeg 797w\" sizes=\"auto, (max-width: 88px) 100vw, 88px\" \/><\/a>La jornada concluy\u00f3 con una favorable recepci\u00f3n por parte de los asistentes. <strong>Vicente Herrera Moreno, estudiante de cuarto semestre de Terapia Ocupacional,<\/strong> valor\u00f3 la profundidad de los contenidos presentados:\u00a0 \u00abMuy buena la charla. Hay varios m\u00e9todos y sistema que yo no conoc\u00eda. Por ejemplo, a m\u00ed me pareci\u00f3 muy curioso saber de d\u00f3nde vienen los m\u00e9todos y los sistemas de la mutuales, ya que hay tres o cuatro m\u00e9todos que hablaron. Me pareci\u00f3 el m\u00e1s curioso y lo que m\u00e1s destaco, que no sab\u00eda d\u00f3nde ser\u00edan las mutuales o los sistemas que se implementan en Chile, que viene de otra parte, pero que lo acomodan para que en Chile funcione, eso yo no lo sab\u00eda. La charla fue m\u00e1s pr\u00e1ctica que te\u00f3rica, y eso me gust\u00f3\u00bb, afirm\u00f3 el estudiante, mientras sal\u00eda del aula junto a un grupo de compa\u00f1eros de curso-<\/p>\n","protected":false},"excerpt":{"rendered":"<p>La clase magistral del kinesi\u00f3logo V\u00edctor Burgos Pe\u00f1ailillo analiz\u00f3 la estructura de los sistemas sanitarios y los desaf\u00edos operativos a los que se enfrentar\u00e1n los futuros profesionales.<\/p>\n","protected":false},"author":3,"featured_media":201047,"comment_status":"closed","ping_status":"open","sticky":false,"template":"","format":"standard","meta":{"footnotes":""},"categories":[51,96,40,101,97,74],"tags":[],"class_list":["post-201046","post","type-post","status-publish","format-standard","has-post-thumbnail","","category-academia","category-academicos","category-destacados","category-docencia","category-estudiantes","category-facultad-de-ciencias-de-la-salud"],"_links":{"self":[{"href":"https:\/\/upla.cl\/noticias\/wp-json\/wp\/v2\/posts\/201046","targetHints":{"allow":["GET"]}}],"collection":[{"href":"https:\/\/upla.cl\/noticias\/wp-json\/wp\/v2\/posts"}],"about":[{"href":"https:\/\/upla.cl\/noticias\/wp-json\/wp\/v2\/types\/post"}],"author":[{"embeddable":true,"href":"https:\/\/upla.cl\/noticias\/wp-json\/wp\/v2\/users\/3"}],"replies":[{"embeddable":true,"href":"https:\/\/upla.cl\/noticias\/wp-json\/wp\/v2\/comments?post=201046"}],"version-history":[{"count":2,"href":"https:\/\/upla.cl\/noticias\/wp-json\/wp\/v2\/posts\/201046\/revisions"}],"predecessor-version":[{"id":201051,"href":"https:\/\/upla.cl\/noticias\/wp-json\/wp\/v2\/posts\/201046\/revisions\/201051"}],"wp:featuredmedia":[{"embeddable":true,"href":"https:\/\/upla.cl\/noticias\/wp-json\/wp\/v2\/media\/201047"}],"wp:attachment":[{"href":"https:\/\/upla.cl\/noticias\/wp-json\/wp\/v2\/media?parent=201046"}],"wp:term":[{"taxonomy":"category","embeddable":true,"href":"https:\/\/upla.cl\/noticias\/wp-json\/wp\/v2\/categories?post=201046"},{"taxonomy":"post_tag","embeddable":true,"href":"https:\/\/upla.cl\/noticias\/wp-json\/wp\/v2\/tags?post=201046"}],"curies":[{"name":"wp","href":"https:\/\/api.w.org\/{rel}","templated":true}]}}