{"id":201099,"date":"2026-09-04T17:00:57","date_gmt":"2026-09-04T21:00:57","guid":{"rendered":"https:\/\/upla.cl\/noticias\/?p=201099"},"modified":"2026-09-04T19:14:12","modified_gmt":"2026-09-04T23:14:12","slug":"cruv-y-puerto-valparaiso-impulsan-talleres-gratuitos-de-kayak-para-universitarios-y-vecinos-en-el-muelle-baron","status":"publish","type":"post","link":"https:\/\/upla.cl\/noticias\/2026\/09\/04\/cruv-y-puerto-valparaiso-impulsan-talleres-gratuitos-de-kayak-para-universitarios-y-vecinos-en-el-muelle-baron\/","title":{"rendered":"CRUV y Puerto Valpara\u00edso impulsan talleres gratuitos de kayak para universitarios y vecinos en el muelle Bar\u00f3n"},"content":{"rendered":"<p><a href=\"https:\/\/upla.cl\/noticias\/wp-content\/uploads\/2026\/09\/kayak_mar_de_oportunidades_-6.jpg\"><img loading=\"lazy\" decoding=\"async\" class=\"aligncenter size-large wp-image-201125\" src=\"https:\/\/upla.cl\/noticias\/wp-content\/uploads\/2026\/09\/kayak_mar_de_oportunidades_-6-1024x683.jpg\" alt=\"\" width=\"618\" height=\"412\" srcset=\"https:\/\/upla.cl\/noticias\/wp-content\/uploads\/2026\/09\/kayak_mar_de_oportunidades_-6-1024x683.jpg 1024w, https:\/\/upla.cl\/noticias\/wp-content\/uploads\/2026\/09\/kayak_mar_de_oportunidades_-6-300x200.jpg 300w, https:\/\/upla.cl\/noticias\/wp-content\/uploads\/2026\/09\/kayak_mar_de_oportunidades_-6-150x100.jpg 150w, https:\/\/upla.cl\/noticias\/wp-content\/uploads\/2026\/09\/kayak_mar_de_oportunidades_-6-768x512.jpg 768w, https:\/\/upla.cl\/noticias\/wp-content\/uploads\/2026\/09\/kayak_mar_de_oportunidades_-6-1536x1025.jpg 1536w, https:\/\/upla.cl\/noticias\/wp-content\/uploads\/2026\/09\/kayak_mar_de_oportunidades_-6.jpg 1920w\" sizes=\"auto, (max-width: 618px) 100vw, 618px\" \/><\/a>Con el objetivo de integrar a la comunidad universitaria con su patrimonio oce\u00e1nico y promover h\u00e1bitos de vida saludable, se realiz\u00f3 en el muelle Bar\u00f3n el lanzamiento oficial del proyecto \u201cMar de Oportunidades: Fortaleciendo el bienestar e identidad cultural oce\u00e1nica en la comunidad de Valpara\u00edso\u201d.<\/p>\n<p>A trav\u00e9s del Consejo de Rectores de Valpara\u00edso (CRUV), con su Comisi\u00f3n Vida Sana, y el financiamiento de la quinta versi\u00f3n de los Fondos Concursables de Puerto Valpara\u00edso (Empresa Portuaria Valpara\u00edso), estudiantes de la Universidad de Playa Ancha (UPLA), la Pontificia Universidad Cat\u00f3lica de Valpara\u00edso (PUCV), la Universidad T\u00e9cnica Federico Santa Mar\u00eda (USM) y la Universidad de Valpara\u00edso (UV), adem\u00e1s de vecinos de la comuna, podr\u00e1n participar en un ciclo de 12 talleres e itinerarios gratuitos de kayak de mar.<\/p>\n<p><a href=\"https:\/\/upla.cl\/noticias\/wp-content\/uploads\/2026\/09\/kayak_mar_de_oportunidades_-11.jpg\"><img loading=\"lazy\" decoding=\"async\" class=\"alignright size-medium wp-image-201114\" src=\"https:\/\/upla.cl\/noticias\/wp-content\/uploads\/2026\/09\/kayak_mar_de_oportunidades_-11-300x200.jpg\" alt=\"\" width=\"300\" height=\"200\" srcset=\"https:\/\/upla.cl\/noticias\/wp-content\/uploads\/2026\/09\/kayak_mar_de_oportunidades_-11-300x200.jpg 300w, https:\/\/upla.cl\/noticias\/wp-content\/uploads\/2026\/09\/kayak_mar_de_oportunidades_-11-1024x683.jpg 1024w, https:\/\/upla.cl\/noticias\/wp-content\/uploads\/2026\/09\/kayak_mar_de_oportunidades_-11-150x100.jpg 150w, https:\/\/upla.cl\/noticias\/wp-content\/uploads\/2026\/09\/kayak_mar_de_oportunidades_-11-768x512.jpg 768w, https:\/\/upla.cl\/noticias\/wp-content\/uploads\/2026\/09\/kayak_mar_de_oportunidades_-11-1536x1025.jpg 1536w, https:\/\/upla.cl\/noticias\/wp-content\/uploads\/2026\/09\/kayak_mar_de_oportunidades_-11.jpg 1920w\" sizes=\"auto, (max-width: 300px) 100vw, 300px\" \/><\/a>Los talleres se desarrollar\u00e1n en el Centro N\u00e1utico de la Universidad de Valpara\u00edso con la colaboraci\u00f3n del Puerto Deportivo de Valpara\u00edso, y ser\u00e1n guiados por estudiantes de la Escuela de Gesti\u00f3n en Turismo y Cultura de la UV, sumados a monitores de la UPLA. El programa no solo busca ense\u00f1ar la t\u00e9cnica deportiva, sino tambi\u00e9n fomentar la recreaci\u00f3n, el cuidado y el respeto por el oc\u00e9ano, fortaleciendo el bienestar mental de los j\u00f3venes y promoviendo la colaboraci\u00f3n interinstitucional y la convivencia con las y los vecinos del territorio.<\/p>\n<p>Esta iniciativa se enmarca en un esfuerzo mayor por posicionar a Valpara\u00edso como una ciudad universitaria comprometida con el desarrollo sostenible, la vida sana, el arte, la cultura y el servicio social.<\/p>\n<p><a href=\"https:\/\/upla.cl\/noticias\/wp-content\/uploads\/2026\/09\/kayak_mar_de_oportunidades_-35.jpg\"><img loading=\"lazy\" decoding=\"async\" class=\"alignright size-medium wp-image-201112\" src=\"https:\/\/upla.cl\/noticias\/wp-content\/uploads\/2026\/09\/kayak_mar_de_oportunidades_-35-300x200.jpg\" alt=\"\" width=\"300\" height=\"200\" srcset=\"https:\/\/upla.cl\/noticias\/wp-content\/uploads\/2026\/09\/kayak_mar_de_oportunidades_-35-300x200.jpg 300w, https:\/\/upla.cl\/noticias\/wp-content\/uploads\/2026\/09\/kayak_mar_de_oportunidades_-35-1024x682.jpg 1024w, https:\/\/upla.cl\/noticias\/wp-content\/uploads\/2026\/09\/kayak_mar_de_oportunidades_-35-150x100.jpg 150w, https:\/\/upla.cl\/noticias\/wp-content\/uploads\/2026\/09\/kayak_mar_de_oportunidades_-35-768x511.jpg 768w, https:\/\/upla.cl\/noticias\/wp-content\/uploads\/2026\/09\/kayak_mar_de_oportunidades_-35-1536x1022.jpg 1536w, https:\/\/upla.cl\/noticias\/wp-content\/uploads\/2026\/09\/kayak_mar_de_oportunidades_-35.jpg 1920w\" sizes=\"auto, (max-width: 300px) 100vw, 300px\" \/><\/a>El <strong>presidente del CRUV,<\/strong> <strong>rector de la Universidad de Playa Ancha, Carlos Gonz\u00e1lez Morales<\/strong>, relev\u00f3 que los fondos de la Empresa Portuaria Valpara\u00edso, \u201cnos permiten desplegarnos con una acci\u00f3n deportiva y de reconocimiento de nuestro borde costero. Estos fondos nos permiten contar con profesores y ayudantes para una iniciativa que, inicialmente, involucra a 180 estudiantes, quienes primero aprender\u00e1n la t\u00e9cnica y el deporte, para despu\u00e9s hacer las traves\u00edas. Este es el segundo a\u00f1o que desarrollamos la actividad. Lo importante es el trabajo colaborativo entre las cuatro universidades y los vecinos del territorio, ya que la convocatoria es abierta para todos\u201d, sostuvo la autoridad, quien agreg\u00f3 que junto con el respeto al mar y lo que significa vivir en una ciudad costera, se busca generar espacios de recreaci\u00f3n y amistad.<\/p>\n<p><a href=\"https:\/\/upla.cl\/noticias\/wp-content\/uploads\/2026\/09\/kayak_mar_de_oportunidades_-01.jpg\"><img loading=\"lazy\" decoding=\"async\" class=\"alignright size-medium wp-image-201113\" src=\"https:\/\/upla.cl\/noticias\/wp-content\/uploads\/2026\/09\/kayak_mar_de_oportunidades_-01-300x222.jpg\" alt=\"\" width=\"300\" height=\"222\" srcset=\"https:\/\/upla.cl\/noticias\/wp-content\/uploads\/2026\/09\/kayak_mar_de_oportunidades_-01-300x222.jpg 300w, https:\/\/upla.cl\/noticias\/wp-content\/uploads\/2026\/09\/kayak_mar_de_oportunidades_-01-1024x758.jpg 1024w, https:\/\/upla.cl\/noticias\/wp-content\/uploads\/2026\/09\/kayak_mar_de_oportunidades_-01-150x111.jpg 150w, https:\/\/upla.cl\/noticias\/wp-content\/uploads\/2026\/09\/kayak_mar_de_oportunidades_-01-768x569.jpg 768w, https:\/\/upla.cl\/noticias\/wp-content\/uploads\/2026\/09\/kayak_mar_de_oportunidades_-01-1536x1137.jpg 1536w, https:\/\/upla.cl\/noticias\/wp-content\/uploads\/2026\/09\/kayak_mar_de_oportunidades_-01.jpg 1707w\" sizes=\"auto, (max-width: 300px) 100vw, 300px\" \/><\/a>Para el\u00a0 <strong>gerente de Comunicaciones y Vinculaci\u00f3n de Empresa Portuaria Valpara\u00edso, Ian Ashcroft Proust<\/strong>, \u201cel objetivo es ver c\u00f3mo los alumnos interact\u00faan de mejor manera con el mar a trav\u00e9s de una actividad deportiva como el kayak, y c\u00f3mo aprecian la ciudad de Valpara\u00edso desde el mar. Esto para nosotros fue esencial a la hora de escoger este proyecto en los Fondos Concursables de 2026&#8243;.<\/p>\n<h4><strong>\u00a1Al agua!<\/strong><\/h4>\n<p>La <strong>estudiante de primer a\u00f1o de psicolog\u00eda de la UPLA, Catalina C\u00f3rdoba Olea,<\/strong> se mostr\u00f3 emocionada de retomar el kayak en el mar, que conoci\u00f3 siendo chica en Horc\u00f3n. \u201cLo vi en el correo un d\u00eda y, la verdad, hace tiempo ven\u00eda buscando alguna instancia para poder hacer alg\u00fan deporte y me interes\u00f3 todo esto. Es inusual\u201d.<\/p>\n<p><a href=\"https:\/\/upla.cl\/noticias\/wp-content\/uploads\/2026\/09\/kayak_mar_de_oportunidades_-16.jpg\"><img loading=\"lazy\" decoding=\"async\" class=\"alignright size-medium wp-image-201116\" src=\"https:\/\/upla.cl\/noticias\/wp-content\/uploads\/2026\/09\/kayak_mar_de_oportunidades_-16-300x200.jpg\" alt=\"\" width=\"300\" height=\"200\" srcset=\"https:\/\/upla.cl\/noticias\/wp-content\/uploads\/2026\/09\/kayak_mar_de_oportunidades_-16-300x200.jpg 300w, https:\/\/upla.cl\/noticias\/wp-content\/uploads\/2026\/09\/kayak_mar_de_oportunidades_-16-1024x683.jpg 1024w, https:\/\/upla.cl\/noticias\/wp-content\/uploads\/2026\/09\/kayak_mar_de_oportunidades_-16-150x100.jpg 150w, https:\/\/upla.cl\/noticias\/wp-content\/uploads\/2026\/09\/kayak_mar_de_oportunidades_-16-768x512.jpg 768w, https:\/\/upla.cl\/noticias\/wp-content\/uploads\/2026\/09\/kayak_mar_de_oportunidades_-16-1536x1025.jpg 1536w, https:\/\/upla.cl\/noticias\/wp-content\/uploads\/2026\/09\/kayak_mar_de_oportunidades_-16.jpg 1920w\" sizes=\"auto, (max-width: 300px) 100vw, 300px\" \/><\/a>En tanto, el <strong>estudiante cuarto a\u00f1o de doctorado en Ciencias, menci\u00f3n Neurociencias, de la UV, Freddy Aguilar Hern\u00e1ndez, <\/strong>debut\u00f3 en esta experiencia n\u00e1utica. \u201cComo parte de mi formaci\u00f3n como estudiante doctoral, creo que es importante tener una conexi\u00f3n con la naturaleza y con el deporte. Entonces, soy una persona que le gusta mucho el deporte y es primera vez que voy a hacer kayak ac\u00e1\u201d.<\/p>\n<p><strong>Camila Merchan Villaquiran, estudiante UPLA de tercer a\u00f1o de Pedagog\u00eda en Educaci\u00f3n Parvularia<\/strong>, se anim\u00f3 con sus compa\u00f1era a realizar una nueva actividad en la semana, llam\u00e1ndole la atenci\u00f3n la iniciativa.<\/p>\n<p>Igualmente, el <strong>egresado de Derecho de la UV, Basti\u00e1n Garc\u00eda Rabanal<\/strong>, dijo que por Instagram se inform\u00f3 del programa. \u201cPensaba que no iba a poder, como porque ya hab\u00eda egresado la universidad, pero como estaba abierto el cupo tambi\u00e9n como a cualquier ciudadano, me anot\u00e9 y me aceptaron\u201d. Agradeci\u00f3 que el d\u00eda estuviera hermoso y el mar calmo.<\/p>\n<h4><strong>Detalles de la actividad<\/strong><\/h4>\n<p><strong>Lugar:<\/strong>\u00a0Muelle Bar\u00f3n, Valpara\u00edso.<br \/>\n<strong>Jueves (14:30 a 16:30 horas):<\/strong>\u00a03, 10 y 24 de septiembre \/ 1, 8, 22 y 29 de octubre.<br \/>\n<strong>Viernes (10:30 a 12:30 horas):<\/strong>\u00a011 y 25 de septiembre \/ 2 y 23 de octubre.<br \/>\n<strong>Inscripciones en<\/strong><strong>:<\/strong>\u00a0https:\/\/acesse.one\/2kp2g5l<br \/>\n<strong>Consultas en:<\/strong> dider@upla.cl<\/p>\n<div id='gallery-1' class='gallery galleryid-201099 gallery-columns-5 gallery-size-medium'><figure class='gallery-item'>\n\t\t\t<div class='gallery-icon landscape'>\n\t\t\t\t<a href='https:\/\/upla.cl\/noticias\/wp-content\/uploads\/2026\/09\/kayak_mar_de_oportunidades_-67.jpg'><img loading=\"lazy\" decoding=\"async\" width=\"300\" height=\"200\" src=\"https:\/\/upla.cl\/noticias\/wp-content\/uploads\/2026\/09\/kayak_mar_de_oportunidades_-67-300x200.jpg\" class=\"attachment-medium size-medium\" alt=\"\" srcset=\"https:\/\/upla.cl\/noticias\/wp-content\/uploads\/2026\/09\/kayak_mar_de_oportunidades_-67-300x200.jpg 300w, https:\/\/upla.cl\/noticias\/wp-content\/uploads\/2026\/09\/kayak_mar_de_oportunidades_-67-1024x683.jpg 1024w, https:\/\/upla.cl\/noticias\/wp-content\/uploads\/2026\/09\/kayak_mar_de_oportunidades_-67-150x100.jpg 150w, https:\/\/upla.cl\/noticias\/wp-content\/uploads\/2026\/09\/kayak_mar_de_oportunidades_-67-768x512.jpg 768w, https:\/\/upla.cl\/noticias\/wp-content\/uploads\/2026\/09\/kayak_mar_de_oportunidades_-67-1536x1025.jpg 1536w, https:\/\/upla.cl\/noticias\/wp-content\/uploads\/2026\/09\/kayak_mar_de_oportunidades_-67.jpg 1920w\" sizes=\"auto, (max-width: 300px) 100vw, 300px\" \/><\/a>\n\t\t\t<\/div><\/figure><figure class='gallery-item'>\n\t\t\t<div class='gallery-icon landscape'>\n\t\t\t\t<a href='https:\/\/upla.cl\/noticias\/wp-content\/uploads\/2026\/09\/kayak_mar_de_oportunidades_-65.jpg'><img loading=\"lazy\" decoding=\"async\" width=\"300\" height=\"200\" src=\"https:\/\/upla.cl\/noticias\/wp-content\/uploads\/2026\/09\/kayak_mar_de_oportunidades_-65-300x200.jpg\" class=\"attachment-medium size-medium\" alt=\"\" srcset=\"https:\/\/upla.cl\/noticias\/wp-content\/uploads\/2026\/09\/kayak_mar_de_oportunidades_-65-300x200.jpg 300w, https:\/\/upla.cl\/noticias\/wp-content\/uploads\/2026\/09\/kayak_mar_de_oportunidades_-65-1024x683.jpg 1024w, https:\/\/upla.cl\/noticias\/wp-content\/uploads\/2026\/09\/kayak_mar_de_oportunidades_-65-150x100.jpg 150w, https:\/\/upla.cl\/noticias\/wp-content\/uploads\/2026\/09\/kayak_mar_de_oportunidades_-65-768x512.jpg 768w, https:\/\/upla.cl\/noticias\/wp-content\/uploads\/2026\/09\/kayak_mar_de_oportunidades_-65-1536x1025.jpg 1536w, https:\/\/upla.cl\/noticias\/wp-content\/uploads\/2026\/09\/kayak_mar_de_oportunidades_-65.jpg 1920w\" sizes=\"auto, (max-width: 300px) 100vw, 300px\" \/><\/a>\n\t\t\t<\/div><\/figure><figure class='gallery-item'>\n\t\t\t<div class='gallery-icon landscape'>\n\t\t\t\t<a href='https:\/\/upla.cl\/noticias\/wp-content\/uploads\/2026\/09\/kayak_mar_de_oportunidades_-74.jpg'><img loading=\"lazy\" decoding=\"async\" width=\"300\" height=\"200\" src=\"https:\/\/upla.cl\/noticias\/wp-content\/uploads\/2026\/09\/kayak_mar_de_oportunidades_-74-300x200.jpg\" class=\"attachment-medium size-medium\" alt=\"\" srcset=\"https:\/\/upla.cl\/noticias\/wp-content\/uploads\/2026\/09\/kayak_mar_de_oportunidades_-74-300x200.jpg 300w, https:\/\/upla.cl\/noticias\/wp-content\/uploads\/2026\/09\/kayak_mar_de_oportunidades_-74-1024x683.jpg 1024w, https:\/\/upla.cl\/noticias\/wp-content\/uploads\/2026\/09\/kayak_mar_de_oportunidades_-74-150x100.jpg 150w, https:\/\/upla.cl\/noticias\/wp-content\/uploads\/2026\/09\/kayak_mar_de_oportunidades_-74-768x512.jpg 768w, https:\/\/upla.cl\/noticias\/wp-content\/uploads\/2026\/09\/kayak_mar_de_oportunidades_-74-1536x1025.jpg 1536w, https:\/\/upla.cl\/noticias\/wp-content\/uploads\/2026\/09\/kayak_mar_de_oportunidades_-74.jpg 1920w\" sizes=\"auto, (max-width: 300px) 100vw, 300px\" \/><\/a>\n\t\t\t<\/div><\/figure><figure class='gallery-item'>\n\t\t\t<div class='gallery-icon landscape'>\n\t\t\t\t<a href='https:\/\/upla.cl\/noticias\/wp-content\/uploads\/2026\/09\/kayak_mar_de_oportunidades_-55.jpg'><img loading=\"lazy\" decoding=\"async\" width=\"300\" height=\"200\" src=\"https:\/\/upla.cl\/noticias\/wp-content\/uploads\/2026\/09\/kayak_mar_de_oportunidades_-55-300x200.jpg\" class=\"attachment-medium size-medium\" alt=\"\" srcset=\"https:\/\/upla.cl\/noticias\/wp-content\/uploads\/2026\/09\/kayak_mar_de_oportunidades_-55-300x200.jpg 300w, https:\/\/upla.cl\/noticias\/wp-content\/uploads\/2026\/09\/kayak_mar_de_oportunidades_-55-1024x683.jpg 1024w, https:\/\/upla.cl\/noticias\/wp-content\/uploads\/2026\/09\/kayak_mar_de_oportunidades_-55-150x100.jpg 150w, https:\/\/upla.cl\/noticias\/wp-content\/uploads\/2026\/09\/kayak_mar_de_oportunidades_-55-768x512.jpg 768w, https:\/\/upla.cl\/noticias\/wp-content\/uploads\/2026\/09\/kayak_mar_de_oportunidades_-55-1536x1025.jpg 1536w, https:\/\/upla.cl\/noticias\/wp-content\/uploads\/2026\/09\/kayak_mar_de_oportunidades_-55.jpg 1920w\" sizes=\"auto, (max-width: 300px) 100vw, 300px\" \/><\/a>\n\t\t\t<\/div><\/figure><figure class='gallery-item'>\n\t\t\t<div class='gallery-icon landscape'>\n\t\t\t\t<a href='https:\/\/upla.cl\/noticias\/wp-content\/uploads\/2026\/09\/kayak_mar_de_oportunidades_-20.jpg'><img loading=\"lazy\" decoding=\"async\" width=\"300\" height=\"200\" src=\"https:\/\/upla.cl\/noticias\/wp-content\/uploads\/2026\/09\/kayak_mar_de_oportunidades_-20-300x200.jpg\" class=\"attachment-medium size-medium\" alt=\"\" srcset=\"https:\/\/upla.cl\/noticias\/wp-content\/uploads\/2026\/09\/kayak_mar_de_oportunidades_-20-300x200.jpg 300w, https:\/\/upla.cl\/noticias\/wp-content\/uploads\/2026\/09\/kayak_mar_de_oportunidades_-20-1024x683.jpg 1024w, https:\/\/upla.cl\/noticias\/wp-content\/uploads\/2026\/09\/kayak_mar_de_oportunidades_-20-150x100.jpg 150w, https:\/\/upla.cl\/noticias\/wp-content\/uploads\/2026\/09\/kayak_mar_de_oportunidades_-20-768x512.jpg 768w, https:\/\/upla.cl\/noticias\/wp-content\/uploads\/2026\/09\/kayak_mar_de_oportunidades_-20-1536x1025.jpg 1536w, https:\/\/upla.cl\/noticias\/wp-content\/uploads\/2026\/09\/kayak_mar_de_oportunidades_-20.jpg 1920w\" sizes=\"auto, (max-width: 300px) 100vw, 300px\" \/><\/a>\n\t\t\t<\/div><\/figure><figure class='gallery-item'>\n\t\t\t<div class='gallery-icon landscape'>\n\t\t\t\t<a href='https:\/\/upla.cl\/noticias\/wp-content\/uploads\/2026\/09\/kayak_mar_de_oportunidades_-24.jpg'><img loading=\"lazy\" decoding=\"async\" width=\"300\" height=\"200\" src=\"https:\/\/upla.cl\/noticias\/wp-content\/uploads\/2026\/09\/kayak_mar_de_oportunidades_-24-300x200.jpg\" class=\"attachment-medium size-medium\" alt=\"\" srcset=\"https:\/\/upla.cl\/noticias\/wp-content\/uploads\/2026\/09\/kayak_mar_de_oportunidades_-24-300x200.jpg 300w, https:\/\/upla.cl\/noticias\/wp-content\/uploads\/2026\/09\/kayak_mar_de_oportunidades_-24-1024x683.jpg 1024w, https:\/\/upla.cl\/noticias\/wp-content\/uploads\/2026\/09\/kayak_mar_de_oportunidades_-24-150x100.jpg 150w, https:\/\/upla.cl\/noticias\/wp-content\/uploads\/2026\/09\/kayak_mar_de_oportunidades_-24-768x512.jpg 768w, https:\/\/upla.cl\/noticias\/wp-content\/uploads\/2026\/09\/kayak_mar_de_oportunidades_-24-1536x1025.jpg 1536w, https:\/\/upla.cl\/noticias\/wp-content\/uploads\/2026\/09\/kayak_mar_de_oportunidades_-24.jpg 1920w\" sizes=\"auto, (max-width: 300px) 100vw, 300px\" \/><\/a>\n\t\t\t<\/div><\/figure><figure class='gallery-item'>\n\t\t\t<div class='gallery-icon landscape'>\n\t\t\t\t<a href='https:\/\/upla.cl\/noticias\/wp-content\/uploads\/2026\/09\/kayak_mar_de_oportunidades_-10.jpg'><img loading=\"lazy\" decoding=\"async\" width=\"300\" height=\"200\" src=\"https:\/\/upla.cl\/noticias\/wp-content\/uploads\/2026\/09\/kayak_mar_de_oportunidades_-10-300x200.jpg\" class=\"attachment-medium size-medium\" alt=\"\" srcset=\"https:\/\/upla.cl\/noticias\/wp-content\/uploads\/2026\/09\/kayak_mar_de_oportunidades_-10-300x200.jpg 300w, https:\/\/upla.cl\/noticias\/wp-content\/uploads\/2026\/09\/kayak_mar_de_oportunidades_-10-1024x683.jpg 1024w, https:\/\/upla.cl\/noticias\/wp-content\/uploads\/2026\/09\/kayak_mar_de_oportunidades_-10-150x100.jpg 150w, https:\/\/upla.cl\/noticias\/wp-content\/uploads\/2026\/09\/kayak_mar_de_oportunidades_-10-768x512.jpg 768w, https:\/\/upla.cl\/noticias\/wp-content\/uploads\/2026\/09\/kayak_mar_de_oportunidades_-10-1536x1025.jpg 1536w, https:\/\/upla.cl\/noticias\/wp-content\/uploads\/2026\/09\/kayak_mar_de_oportunidades_-10.jpg 1920w\" sizes=\"auto, (max-width: 300px) 100vw, 300px\" \/><\/a>\n\t\t\t<\/div><\/figure><figure class='gallery-item'>\n\t\t\t<div class='gallery-icon landscape'>\n\t\t\t\t<a href='https:\/\/upla.cl\/noticias\/wp-content\/uploads\/2026\/09\/kayak_mar_de_oportunidades_-9.jpg'><img loading=\"lazy\" decoding=\"async\" width=\"300\" height=\"200\" src=\"https:\/\/upla.cl\/noticias\/wp-content\/uploads\/2026\/09\/kayak_mar_de_oportunidades_-9-300x200.jpg\" class=\"attachment-medium size-medium\" alt=\"\" srcset=\"https:\/\/upla.cl\/noticias\/wp-content\/uploads\/2026\/09\/kayak_mar_de_oportunidades_-9-300x200.jpg 300w, https:\/\/upla.cl\/noticias\/wp-content\/uploads\/2026\/09\/kayak_mar_de_oportunidades_-9-1024x683.jpg 1024w, https:\/\/upla.cl\/noticias\/wp-content\/uploads\/2026\/09\/kayak_mar_de_oportunidades_-9-150x100.jpg 150w, https:\/\/upla.cl\/noticias\/wp-content\/uploads\/2026\/09\/kayak_mar_de_oportunidades_-9-768x512.jpg 768w, https:\/\/upla.cl\/noticias\/wp-content\/uploads\/2026\/09\/kayak_mar_de_oportunidades_-9-1536x1025.jpg 1536w, https:\/\/upla.cl\/noticias\/wp-content\/uploads\/2026\/09\/kayak_mar_de_oportunidades_-9.jpg 1920w\" sizes=\"auto, (max-width: 300px) 100vw, 300px\" \/><\/a>\n\t\t\t<\/div><\/figure><figure class='gallery-item'>\n\t\t\t<div class='gallery-icon landscape'>\n\t\t\t\t<a href='https:\/\/upla.cl\/noticias\/wp-content\/uploads\/2026\/09\/kayak_mar_de_oportunidades_-2.jpg'><img loading=\"lazy\" decoding=\"async\" width=\"300\" height=\"200\" src=\"https:\/\/upla.cl\/noticias\/wp-content\/uploads\/2026\/09\/kayak_mar_de_oportunidades_-2-300x200.jpg\" class=\"attachment-medium size-medium\" alt=\"\" srcset=\"https:\/\/upla.cl\/noticias\/wp-content\/uploads\/2026\/09\/kayak_mar_de_oportunidades_-2-300x200.jpg 300w, https:\/\/upla.cl\/noticias\/wp-content\/uploads\/2026\/09\/kayak_mar_de_oportunidades_-2-1024x683.jpg 1024w, https:\/\/upla.cl\/noticias\/wp-content\/uploads\/2026\/09\/kayak_mar_de_oportunidades_-2-150x100.jpg 150w, https:\/\/upla.cl\/noticias\/wp-content\/uploads\/2026\/09\/kayak_mar_de_oportunidades_-2-768x512.jpg 768w, https:\/\/upla.cl\/noticias\/wp-content\/uploads\/2026\/09\/kayak_mar_de_oportunidades_-2-1536x1025.jpg 1536w, https:\/\/upla.cl\/noticias\/wp-content\/uploads\/2026\/09\/kayak_mar_de_oportunidades_-2.jpg 1920w\" sizes=\"auto, (max-width: 300px) 100vw, 300px\" \/><\/a>\n\t\t\t<\/div><\/figure><figure class='gallery-item'>\n\t\t\t<div class='gallery-icon landscape'>\n\t\t\t\t<a href='https:\/\/upla.cl\/noticias\/wp-content\/uploads\/2026\/09\/kayak_mar_de_oportunidades_-1.jpg'><img loading=\"lazy\" decoding=\"async\" width=\"300\" height=\"200\" src=\"https:\/\/upla.cl\/noticias\/wp-content\/uploads\/2026\/09\/kayak_mar_de_oportunidades_-1-300x200.jpg\" class=\"attachment-medium size-medium\" alt=\"\" srcset=\"https:\/\/upla.cl\/noticias\/wp-content\/uploads\/2026\/09\/kayak_mar_de_oportunidades_-1-300x200.jpg 300w, https:\/\/upla.cl\/noticias\/wp-content\/uploads\/2026\/09\/kayak_mar_de_oportunidades_-1-1024x683.jpg 1024w, https:\/\/upla.cl\/noticias\/wp-content\/uploads\/2026\/09\/kayak_mar_de_oportunidades_-1-150x100.jpg 150w, https:\/\/upla.cl\/noticias\/wp-content\/uploads\/2026\/09\/kayak_mar_de_oportunidades_-1-768x512.jpg 768w, https:\/\/upla.cl\/noticias\/wp-content\/uploads\/2026\/09\/kayak_mar_de_oportunidades_-1-1536x1025.jpg 1536w, https:\/\/upla.cl\/noticias\/wp-content\/uploads\/2026\/09\/kayak_mar_de_oportunidades_-1.jpg 1920w\" sizes=\"auto, (max-width: 300px) 100vw, 300px\" \/><\/a>\n\t\t\t<\/div><\/figure>\n\t\t<\/div>\n\n","protected":false},"excerpt":{"rendered":"<p>La iniciativa interuniversitaria ofrece 12 talleres gratuitos de kayak para fomentar el cuidado del oc\u00e9ano, la colaboraci\u00f3n local y la salud integral.<\/p>\n","protected":false},"author":10,"featured_media":201127,"comment_status":"closed","ping_status":"open","sticky":false,"template":"","format":"standard","meta":{"footnotes":""},"categories":[905,42,201,40,69,97,91],"tags":[],"class_list":["post-201099","post","type-post","status-publish","format-standard","has-post-thumbnail","","category-cruv","category-deportes","category-desarrollo-estudiantil","category-destacados","category-egresados","category-estudiantes","category-vinculacion-con-el-medio"],"_links":{"self":[{"href":"https:\/\/upla.cl\/noticias\/wp-json\/wp\/v2\/posts\/201099","targetHints":{"allow":["GET"]}}],"collection":[{"href":"https:\/\/upla.cl\/noticias\/wp-json\/wp\/v2\/posts"}],"about":[{"href":"https:\/\/upla.cl\/noticias\/wp-json\/wp\/v2\/types\/post"}],"author":[{"embeddable":true,"href":"https:\/\/upla.cl\/noticias\/wp-json\/wp\/v2\/users\/10"}],"replies":[{"embeddable":true,"href":"https:\/\/upla.cl\/noticias\/wp-json\/wp\/v2\/comments?post=201099"}],"version-history":[{"count":5,"href":"https:\/\/upla.cl\/noticias\/wp-json\/wp\/v2\/posts\/201099\/revisions"}],"predecessor-version":[{"id":201142,"href":"https:\/\/upla.cl\/noticias\/wp-json\/wp\/v2\/posts\/201099\/revisions\/201142"}],"wp:featuredmedia":[{"embeddable":true,"href":"https:\/\/upla.cl\/noticias\/wp-json\/wp\/v2\/media\/201127"}],"wp:attachment":[{"href":"https:\/\/upla.cl\/noticias\/wp-json\/wp\/v2\/media?parent=201099"}],"wp:term":[{"taxonomy":"category","embeddable":true,"href":"https:\/\/upla.cl\/noticias\/wp-json\/wp\/v2\/categories?post=201099"},{"taxonomy":"post_tag","embeddable":true,"href":"https:\/\/upla.cl\/noticias\/wp-json\/wp\/v2\/tags?post=201099"}],"curies":[{"name":"wp","href":"https:\/\/api.w.org\/{rel}","templated":true}]}}