{"id":201102,"date":"2026-09-04T12:06:20","date_gmt":"2026-09-04T16:06:20","guid":{"rendered":"https:\/\/upla.cl\/noticias\/?p=201102"},"modified":"2026-09-04T12:06:20","modified_gmt":"2026-09-04T16:06:20","slug":"upla-y-corporacion-santiago-wanderers-firman-alianza-academica-y-deportiva","status":"publish","type":"post","link":"https:\/\/upla.cl\/noticias\/2026\/09\/04\/upla-y-corporacion-santiago-wanderers-firman-alianza-academica-y-deportiva\/","title":{"rendered":"UPLA y Corporaci\u00f3n Santiago Wanderers firman alianza acad\u00e9mica y deportiva"},"content":{"rendered":"<p><a href=\"https:\/\/upla.cl\/noticias\/wp-content\/uploads\/2026\/09\/firma_convenio_sw_upla_firma.jpg\"><img loading=\"lazy\" decoding=\"async\" class=\"aligncenter size-large wp-image-201107\" src=\"https:\/\/upla.cl\/noticias\/wp-content\/uploads\/2026\/09\/firma_convenio_sw_upla_firma-1024x682.jpg\" alt=\"\" width=\"618\" height=\"412\" srcset=\"https:\/\/upla.cl\/noticias\/wp-content\/uploads\/2026\/09\/firma_convenio_sw_upla_firma-1024x682.jpg 1024w, https:\/\/upla.cl\/noticias\/wp-content\/uploads\/2026\/09\/firma_convenio_sw_upla_firma-300x200.jpg 300w, https:\/\/upla.cl\/noticias\/wp-content\/uploads\/2026\/09\/firma_convenio_sw_upla_firma-150x100.jpg 150w, https:\/\/upla.cl\/noticias\/wp-content\/uploads\/2026\/09\/firma_convenio_sw_upla_firma-768x512.jpg 768w, https:\/\/upla.cl\/noticias\/wp-content\/uploads\/2026\/09\/firma_convenio_sw_upla_firma-1536x1023.jpg 1536w, https:\/\/upla.cl\/noticias\/wp-content\/uploads\/2026\/09\/firma_convenio_sw_upla_firma.jpg 1920w\" sizes=\"auto, (max-width: 618px) 100vw, 618px\" \/><\/a>El Centro Social y Deportivo Arsenio Fern\u00e1ndez fue escenario de la firma de convenio entre la <strong><a href=\"https:\/\/www.upla.cl\/portada\/\">Universidad de Playa Ancha (UPLA)<\/a> y la Corporaci\u00f3n Santiago Wanderers,<\/strong> una alianza interinstitucional que busca potenciar el desarrollo deportivo y la formaci\u00f3n acad\u00e9mica tanto de estudiantes de la casa de estudios como de los deportistas del club.<\/p>\n<p><a href=\"https:\/\/upla.cl\/noticias\/wp-content\/uploads\/2026\/09\/firma_convenio_sw_upla_grupal.jpg\"><img loading=\"lazy\" decoding=\"async\" class=\"alignleft size-medium wp-image-201106\" src=\"https:\/\/upla.cl\/noticias\/wp-content\/uploads\/2026\/09\/firma_convenio_sw_upla_grupal-300x200.jpg\" alt=\"\" width=\"300\" height=\"200\" srcset=\"https:\/\/upla.cl\/noticias\/wp-content\/uploads\/2026\/09\/firma_convenio_sw_upla_grupal-300x200.jpg 300w, https:\/\/upla.cl\/noticias\/wp-content\/uploads\/2026\/09\/firma_convenio_sw_upla_grupal-1024x682.jpg 1024w, https:\/\/upla.cl\/noticias\/wp-content\/uploads\/2026\/09\/firma_convenio_sw_upla_grupal-150x100.jpg 150w, https:\/\/upla.cl\/noticias\/wp-content\/uploads\/2026\/09\/firma_convenio_sw_upla_grupal-768x512.jpg 768w, https:\/\/upla.cl\/noticias\/wp-content\/uploads\/2026\/09\/firma_convenio_sw_upla_grupal-1536x1023.jpg 1536w, https:\/\/upla.cl\/noticias\/wp-content\/uploads\/2026\/09\/firma_convenio_sw_upla_grupal.jpg 1920w\" sizes=\"auto, (max-width: 300px) 100vw, 300px\" \/><\/a>La iniciativa cont\u00f3 con la participaci\u00f3n de la <strong>presidenta del club de Deportes Santiago Wanderers, Francisca Burgos Cavada, y del rector de la Universidad de Playa Ancha, Carlos Gonz\u00e1lez Morales.<\/strong> Adem\u00e1s, fueron acompa\u00f1ados por el <strong>decano de la <a href=\"https:\/\/www.upla.cl\/facultad\/cienciasactividadfisicaydeporte\/\">Facultad de Ciencias de la Actividad F\u00edsica y del Deporte,<\/a> Marcelo Zavala Jara,<\/strong> y por el <strong>director de comunicaciones de la corporaci\u00f3n, Jos\u00e9 Alarc\u00f3n Cok.<\/strong><\/p>\n<p>Esta alianza establece las bases generales de cooperaci\u00f3n entre ambas instituciones con el prop\u00f3sito de promover y fortalecer iniciativas conjuntas en los \u00e1mbitos de la educaci\u00f3n, la ciencia, la tecnolog\u00eda, la investigaci\u00f3n, la innovaci\u00f3n, el deporte, la salud, la cultura, la creaci\u00f3n art\u00edstica, la innovaci\u00f3n social y la protecci\u00f3n y valoraci\u00f3n del medioambiente, contribuyendo al desarrollo integral de las personas, comunidades y territorios.<\/p>\n<p><a href=\"https:\/\/upla.cl\/noticias\/wp-content\/uploads\/2026\/09\/firma_convenio_sw_upla_presente.jpg\"><img loading=\"lazy\" decoding=\"async\" class=\"alignright size-medium wp-image-201105\" src=\"https:\/\/upla.cl\/noticias\/wp-content\/uploads\/2026\/09\/firma_convenio_sw_upla_presente-300x200.jpg\" alt=\"\" width=\"300\" height=\"200\" srcset=\"https:\/\/upla.cl\/noticias\/wp-content\/uploads\/2026\/09\/firma_convenio_sw_upla_presente-300x200.jpg 300w, https:\/\/upla.cl\/noticias\/wp-content\/uploads\/2026\/09\/firma_convenio_sw_upla_presente-1024x682.jpg 1024w, https:\/\/upla.cl\/noticias\/wp-content\/uploads\/2026\/09\/firma_convenio_sw_upla_presente-150x100.jpg 150w, https:\/\/upla.cl\/noticias\/wp-content\/uploads\/2026\/09\/firma_convenio_sw_upla_presente-768x512.jpg 768w, https:\/\/upla.cl\/noticias\/wp-content\/uploads\/2026\/09\/firma_convenio_sw_upla_presente-1536x1023.jpg 1536w, https:\/\/upla.cl\/noticias\/wp-content\/uploads\/2026\/09\/firma_convenio_sw_upla_presente.jpg 1920w\" sizes=\"auto, (max-width: 300px) 100vw, 300px\" \/><\/a>En la misma l\u00ednea, establece el desarrollo de actividades de vinculaci\u00f3n con el medio para contribuir al desarrollo de comunidades y territorios vinculados, a trav\u00e9s de acciones que impliquen docencia vinculada al territorio; innovaci\u00f3n, creaci\u00f3n y transferencia de conocimiento; extensi\u00f3n universitaria y vinculaci\u00f3n comunitaria; desarrollo deportivo, art\u00edstico y cultural, entre otras.<\/p>\n<p>Por parte de la Corporaci\u00f3n Santiago Wanderers, su presidenta sostuvo que este trabajo va a permitir utilizar los espacios deportivos de la universidad, particularmente, para la rama de futsal: \u201ces una instalaci\u00f3n que cumple con las medidas reglamentarias, pero tambi\u00e9n lo va a ocupar voleibol y b\u00e1squetbol. Adem\u00e1s de eso, nosotros nos ponemos a disposici\u00f3n para hacer campos cl\u00ednicos para las carreras de nutrici\u00f3n, kinesiolog\u00eda, TDR o los profesionales de la pedagog\u00eda del deporte o psicolog\u00eda, que tambi\u00e9n est\u00e1n haciendo trabajo ac\u00e1 en Arsenio Fern\u00e1ndez y con los egresados del ex-SENAME. Entonces, es un trabajo como una vinculaci\u00f3n completa\u201d.<\/p>\n<p><a href=\"https:\/\/upla.cl\/noticias\/wp-content\/uploads\/2026\/09\/firma_convenio_sw_upla_2.jpg\"><img loading=\"lazy\" decoding=\"async\" class=\"alignleft size-medium wp-image-201108\" src=\"https:\/\/upla.cl\/noticias\/wp-content\/uploads\/2026\/09\/firma_convenio_sw_upla_2-300x200.jpg\" alt=\"\" width=\"300\" height=\"200\" srcset=\"https:\/\/upla.cl\/noticias\/wp-content\/uploads\/2026\/09\/firma_convenio_sw_upla_2-300x200.jpg 300w, https:\/\/upla.cl\/noticias\/wp-content\/uploads\/2026\/09\/firma_convenio_sw_upla_2-1024x682.jpg 1024w, https:\/\/upla.cl\/noticias\/wp-content\/uploads\/2026\/09\/firma_convenio_sw_upla_2-150x100.jpg 150w, https:\/\/upla.cl\/noticias\/wp-content\/uploads\/2026\/09\/firma_convenio_sw_upla_2-768x512.jpg 768w, https:\/\/upla.cl\/noticias\/wp-content\/uploads\/2026\/09\/firma_convenio_sw_upla_2-1536x1023.jpg 1536w, https:\/\/upla.cl\/noticias\/wp-content\/uploads\/2026\/09\/firma_convenio_sw_upla_2.jpg 1920w\" sizes=\"auto, (max-width: 300px) 100vw, 300px\" \/><\/a>Por parte de la UPLA, su rector se manifest\u00f3 satisfecho con esta alianza al identificar una gran oportunidad de trabajo colaborativo para apoyar a los deportistas del club y a sus familias: \u201cLo que nos interesa es poder favorecer algunas becas, en alg\u00fan momento dado, para poder entrar a algunas carreras profesionales, carreras de formaci\u00f3n pedag\u00f3gica, o bien, aquellas donde se pueda colaborar. Y adem\u00e1s, darles asistencias t\u00e9cnicas en sus ramas, en aquellas \u00e1reas donde ellos necesiten y, en algunos momentos, tambi\u00e9n apoyarlos en espacios f\u00edsicos para desarrollar algunas competencias, como ya lo hemos hecho\u201d.<\/p>\n<p><a href=\"https:\/\/upla.cl\/noticias\/wp-content\/uploads\/2026\/09\/firma_convenio_sw_upla_regalo.jpg\"><img loading=\"lazy\" decoding=\"async\" class=\"alignright size-medium wp-image-201104\" src=\"https:\/\/upla.cl\/noticias\/wp-content\/uploads\/2026\/09\/firma_convenio_sw_upla_regalo-300x200.jpg\" alt=\"\" width=\"300\" height=\"200\" srcset=\"https:\/\/upla.cl\/noticias\/wp-content\/uploads\/2026\/09\/firma_convenio_sw_upla_regalo-300x200.jpg 300w, https:\/\/upla.cl\/noticias\/wp-content\/uploads\/2026\/09\/firma_convenio_sw_upla_regalo-1024x682.jpg 1024w, https:\/\/upla.cl\/noticias\/wp-content\/uploads\/2026\/09\/firma_convenio_sw_upla_regalo-150x100.jpg 150w, https:\/\/upla.cl\/noticias\/wp-content\/uploads\/2026\/09\/firma_convenio_sw_upla_regalo-768x512.jpg 768w, https:\/\/upla.cl\/noticias\/wp-content\/uploads\/2026\/09\/firma_convenio_sw_upla_regalo-1536x1023.jpg 1536w, https:\/\/upla.cl\/noticias\/wp-content\/uploads\/2026\/09\/firma_convenio_sw_upla_regalo.jpg 1920w\" sizes=\"auto, (max-width: 300px) 100vw, 300px\" \/><\/a>Desde la Facultad de Ciencias de la Actividad F\u00edsica y del Deporte de la UPLA, su decano explic\u00f3 que esperan que este convenio genere colaboraciones en cuanto a pr\u00e1cticas, y asesor\u00edas: \u201csobre todo en el \u00e1mbito de nuestra disciplina que es la actividad f\u00edsica, el deporte, la recreaci\u00f3n, el buen uso del tiempo libre. La idea es establecer un plan de trabajo, un programa de trabajo en conjunto para poder llevarlo a cabo anualmente\u201d.<\/p>\n<p>Los siguientes pasos de la formalizaci\u00f3n de esta alianza est\u00e1n en encaminar un protocolo espec\u00edfico para que la facultad pueda trabajar en conjunto con la Corporaci\u00f3n Santiago Wanderers.<\/p>\n<p style=\"text-align: right;\">(Esteban Moreno Torres, periodista Direcci\u00f3n General de Vinculaci\u00f3n con el Medio)<br \/>\nesteban.moreno@upla.cl<\/p>\n<p>En YOUTUBE upla_comunica<\/p>\n<p><iframe loading=\"lazy\" title=\"UPLA y Corporaci\u00f3n Santiago Wanderers. Convenio para potenciar el deporte y la formaci\u00f3n acad\u00e9mica\" src=\"https:\/\/www.youtube.com\/embed\/52giPrdzbwM\" width=\"1351\" height=\"480\" frameborder=\"0\" allowfullscreen=\"allowfullscreen\"><\/iframe><\/p>\n","protected":false},"excerpt":{"rendered":"<p>El convenio de colaboraci\u00f3n establece las bases generales de cooperaci\u00f3n entre ambas instituciones con el prop\u00f3sito de promover y fortalecer iniciativas conjuntas en los \u00e1mbitos de la educaci\u00f3n, la ciencia, la tecnolog\u00eda, la investigaci\u00f3n, la innovaci\u00f3n y el deporte, entre otras materias.<\/p>\n","protected":false},"author":11,"featured_media":201107,"comment_status":"closed","ping_status":"open","sticky":false,"template":"","format":"standard","meta":{"footnotes":""},"categories":[51,96,42,40,97,72,99,725,178,730,91],"tags":[],"class_list":["post-201102","post","type-post","status-publish","format-standard","has-post-thumbnail","","category-academia","category-academicos","category-deportes","category-destacados","category-estudiantes","category-facultad-de-ciencias-actividad-fisica-y-deporte","category-funcionarios","category-pedagogia-en-educacion-fisica","category-rectoria","category-tecnologia-en-deportes-y-recreacion","category-vinculacion-con-el-medio"],"_links":{"self":[{"href":"https:\/\/upla.cl\/noticias\/wp-json\/wp\/v2\/posts\/201102","targetHints":{"allow":["GET"]}}],"collection":[{"href":"https:\/\/upla.cl\/noticias\/wp-json\/wp\/v2\/posts"}],"about":[{"href":"https:\/\/upla.cl\/noticias\/wp-json\/wp\/v2\/types\/post"}],"author":[{"embeddable":true,"href":"https:\/\/upla.cl\/noticias\/wp-json\/wp\/v2\/users\/11"}],"replies":[{"embeddable":true,"href":"https:\/\/upla.cl\/noticias\/wp-json\/wp\/v2\/comments?post=201102"}],"version-history":[{"count":2,"href":"https:\/\/upla.cl\/noticias\/wp-json\/wp\/v2\/posts\/201102\/revisions"}],"predecessor-version":[{"id":201110,"href":"https:\/\/upla.cl\/noticias\/wp-json\/wp\/v2\/posts\/201102\/revisions\/201110"}],"wp:featuredmedia":[{"embeddable":true,"href":"https:\/\/upla.cl\/noticias\/wp-json\/wp\/v2\/media\/201107"}],"wp:attachment":[{"href":"https:\/\/upla.cl\/noticias\/wp-json\/wp\/v2\/media?parent=201102"}],"wp:term":[{"taxonomy":"category","embeddable":true,"href":"https:\/\/upla.cl\/noticias\/wp-json\/wp\/v2\/categories?post=201102"},{"taxonomy":"post_tag","embeddable":true,"href":"https:\/\/upla.cl\/noticias\/wp-json\/wp\/v2\/tags?post=201102"}],"curies":[{"name":"wp","href":"https:\/\/api.w.org\/{rel}","templated":true}]}}