{"id":201129,"date":"2026-09-04T16:56:08","date_gmt":"2026-09-04T20:56:08","guid":{"rendered":"https:\/\/upla.cl\/noticias\/?p=201129"},"modified":"2026-09-04T16:56:08","modified_gmt":"2026-09-04T20:56:08","slug":"76-nuevos-tecnicos-sellan-su-formacion-en-la-universidad-de-playa-ancha","status":"publish","type":"post","link":"https:\/\/upla.cl\/noticias\/2026\/09\/04\/76-nuevos-tecnicos-sellan-su-formacion-en-la-universidad-de-playa-ancha\/","title":{"rendered":"76 nuevos t\u00e9cnicos sellan su formaci\u00f3n en la Universidad de Playa Ancha"},"content":{"rendered":"<p><a href=\"https:\/\/upla.cl\/noticias\/wp-content\/uploads\/2026\/09\/Alejandro-Ibacache.jpg\"><img loading=\"lazy\" decoding=\"async\" class=\"alignleft size-medium wp-image-201143\" src=\"https:\/\/upla.cl\/noticias\/wp-content\/uploads\/2026\/09\/Alejandro-Ibacache-300x200.jpg\" alt=\"\" width=\"300\" height=\"200\" srcset=\"https:\/\/upla.cl\/noticias\/wp-content\/uploads\/2026\/09\/Alejandro-Ibacache-300x200.jpg 300w, https:\/\/upla.cl\/noticias\/wp-content\/uploads\/2026\/09\/Alejandro-Ibacache-1024x682.jpg 1024w, https:\/\/upla.cl\/noticias\/wp-content\/uploads\/2026\/09\/Alejandro-Ibacache-150x100.jpg 150w, https:\/\/upla.cl\/noticias\/wp-content\/uploads\/2026\/09\/Alejandro-Ibacache-768x511.jpg 768w, https:\/\/upla.cl\/noticias\/wp-content\/uploads\/2026\/09\/Alejandro-Ibacache-1536x1022.jpg 1536w, https:\/\/upla.cl\/noticias\/wp-content\/uploads\/2026\/09\/Alejandro-Ibacache.jpg 1920w\" sizes=\"auto, (max-width: 300px) 100vw, 300px\" \/><\/a>Para <strong>Alejandro Ibacache Espinoza<\/strong>, graduarse este viernes de la carrera de <strong>T\u00e9cnico en Interpretaci\u00f3n de Lengua de Se\u00f1as<\/strong> en la modalidad online del <a href=\"https:\/\/www.upla.cl\/institutotecnologico\/\"><strong>Instituto Tecnol\u00f3gico (ITEC)<\/strong><\/a> de la <strong>Universidad de Playa Ancha<\/strong> no significaba aprender un oficio nuevo, sino saldar una deuda con su propia historia de vida. Hijo de padres sordos, Espinoza comenz\u00f3 a transitar este camino hace m\u00e1s de 40 a\u00f1os, transform\u00e1ndose con el tiempo en tutor, profesor y formador de decenas de nuevos int\u00e9rpretes. Sin embargo, la ausencia de un cart\u00f3n oficial siempre represent\u00f3 una barrera invisible en el \u00e1mbito formal.<\/p>\n<p>\u00abLas autoridades, las personas que tienen que tomar decisiones en los diferentes lugares en donde se necesita la contrataci\u00f3n de int\u00e9rpretes de lengua de se\u00f1as, no reconocen la trayectoria ni la cantidad de a\u00f1os que t\u00fa puedas tener, sino que te piden un respaldo acad\u00e9mico. Entonces, es all\u00ed en donde este t\u00edtulo se torna tremendamente significativo, porque me da un respaldo acad\u00e9mico que no ten\u00eda\u00bb, destac\u00f3 Espinoza tras recibir su acreditaci\u00f3n.<\/p>\n<p>Su testimonio refleja el esp\u00edritu de la solemne ceremonia de titulaci\u00f3n desarrollada en el Aula Dr. F\u00e9lix Morales Pettorino de la casa de estudios, instancia en la que un total de 76 nuevos t\u00e9cnicos de nivel superior recibieron sus diplomas ante la presencia de autoridades universitarias, familiares y seres queridos, bajo la conducci\u00f3n del maestro de ceremonia Rodrigo P\u00e9rez Cheuquenao.<\/p>\n<p><strong><a href=\"https:\/\/upla.cl\/noticias\/wp-content\/uploads\/2026\/09\/Mauricio-Hernandez-2.jpg\"><img loading=\"lazy\" decoding=\"async\" class=\"alignright size-medium wp-image-201144\" src=\"https:\/\/upla.cl\/noticias\/wp-content\/uploads\/2026\/09\/Mauricio-Hernandez-2-300x231.jpg\" alt=\"\" width=\"300\" height=\"231\" srcset=\"https:\/\/upla.cl\/noticias\/wp-content\/uploads\/2026\/09\/Mauricio-Hernandez-2-300x231.jpg 300w, https:\/\/upla.cl\/noticias\/wp-content\/uploads\/2026\/09\/Mauricio-Hernandez-2-1024x789.jpg 1024w, https:\/\/upla.cl\/noticias\/wp-content\/uploads\/2026\/09\/Mauricio-Hernandez-2-150x116.jpg 150w, https:\/\/upla.cl\/noticias\/wp-content\/uploads\/2026\/09\/Mauricio-Hernandez-2-768x592.jpg 768w, https:\/\/upla.cl\/noticias\/wp-content\/uploads\/2026\/09\/Mauricio-Hernandez-2-1536x1184.jpg 1536w, https:\/\/upla.cl\/noticias\/wp-content\/uploads\/2026\/09\/Mauricio-Hernandez-2.jpg 1920w\" sizes=\"auto, (max-width: 300px) 100vw, 300px\" \/><\/a>Consolidaci\u00f3n y arraigo territorial<\/strong><\/p>\n<p>La cita congreg\u00f3 a las principales autoridades institucionales, encabezadas por la <strong>secretaria general, Soledad Hochstetter Santis<\/strong>, quien actu\u00f3 como ministra de fe en la toma del juramento y promesa solemne de los nuevos profesionales.<\/p>\n<p>Durante su intervenci\u00f3n ante el auditorio, el <strong>director del ITEC, Mauricio Hern\u00e1ndez Flores<\/strong> valor\u00f3 profundamente el significado de esta promoci\u00f3n, destacando que representa la consolidaci\u00f3n de un ciclo completo bajo su gesti\u00f3n y el impacto transformador que la instituci\u00f3n genera en las familias de la regi\u00f3n.<\/p>\n<p>\u00abHay mucha gente de la cual yo fui parte de esa transformaci\u00f3n y hoy d\u00eda lo veo culminar su proceso de la mejor manera y siendo un eje de cambio para su vida y su familia. Nuestro desaf\u00edo es seguir en la senda de representar a la universidad en los servicios propios de la ense\u00f1anza t\u00e9cnico-profesional, creciendo en el \u00e1mbito del empleo y la demanda territorial\u00bb, enfatiz\u00f3 el director del ITEC.<\/p>\n<p><strong>Historias de esfuerzo y superaci\u00f3n<\/strong><\/p>\n<p><a href=\"https:\/\/upla.cl\/noticias\/wp-content\/uploads\/2026\/09\/IMG_1975.jpg\"><img loading=\"lazy\" decoding=\"async\" class=\"alignleft size-medium wp-image-201145\" src=\"https:\/\/upla.cl\/noticias\/wp-content\/uploads\/2026\/09\/IMG_1975-300x231.jpg\" alt=\"\" width=\"300\" height=\"231\" srcset=\"https:\/\/upla.cl\/noticias\/wp-content\/uploads\/2026\/09\/IMG_1975-300x231.jpg 300w, https:\/\/upla.cl\/noticias\/wp-content\/uploads\/2026\/09\/IMG_1975-1024x789.jpg 1024w, https:\/\/upla.cl\/noticias\/wp-content\/uploads\/2026\/09\/IMG_1975-150x116.jpg 150w, https:\/\/upla.cl\/noticias\/wp-content\/uploads\/2026\/09\/IMG_1975-768x592.jpg 768w, https:\/\/upla.cl\/noticias\/wp-content\/uploads\/2026\/09\/IMG_1975-1536x1184.jpg 1536w, https:\/\/upla.cl\/noticias\/wp-content\/uploads\/2026\/09\/IMG_1975.jpg 1920w\" sizes=\"auto, (max-width: 300px) 100vw, 300px\" \/><\/a> La ceremonia tambi\u00e9n consider\u00f3 momentos de alta emoci\u00f3n art\u00edstica, gracias a las interpretaciones del <strong>Coro de C\u00e1mara de la UPLA<\/strong>, dirigido por la <strong>acad\u00e9mica Karen Herrera Aros<\/strong>, y la entrega de distinciones a los mejores rendimientos acad\u00e9micos de las distintas carreras, tales como: Eduardo Ponce Araya, de la carrera de T\u00e9cnico en Administraci\u00f3n Log\u00edstica; Dante Matzner Espi\u00f1eira, de la carrera de T\u00e9cnico en Interpretaci\u00f3n de Lengua de Se\u00f1as; Guiselle Andrade Gonz\u00e1lez, de la carrera de T\u00e9cnico en Educaci\u00f3n Parvularia; Maria Francisca Campusano Gonz\u00e1lez, de la carrera de T\u00e9cnico en Administraci\u00f3n de Recursos Humanos; Katherine P\u00e1ez Montenegro, de la carrera de T\u00e9cnico en Contabilidad General; y Daniela Farf\u00e1n Olgu\u00edn, y Rosa Herrera Mu\u00f1oz, ambas de la carrera de T\u00e9cnico en Interpretaci\u00f3n de Lengua de Se\u00f1as (online).<\/p>\n<p>En representaci\u00f3n de las y los titulados, la <strong>t\u00e9cnica en Contabilidad General Katherine P\u00e1ez Montenegro<\/strong> ofreci\u00f3 un discurso que conect\u00f3 profundamente con las vivencias de sus compa\u00f1eras y compa\u00f1eros, recordando los desaf\u00edos que implic\u00f3 compatibilizar la vida familiar, laboral y las exigencias acad\u00e9micas. P\u00e1ez agradeci\u00f3 la entrega de los docentes y relev\u00f3 c\u00f3mo la formaci\u00f3n recibida le permiti\u00f3 abrirse paso con \u00e9xito <a href=\"https:\/\/upla.cl\/noticias\/wp-content\/uploads\/2026\/09\/Titulacioj-ITEC-2.jpg\"><img loading=\"lazy\" decoding=\"async\" class=\"alignleft size-medium wp-image-201146\" src=\"https:\/\/upla.cl\/noticias\/wp-content\/uploads\/2026\/09\/Titulacioj-ITEC-2-300x231.jpg\" alt=\"\" width=\"300\" height=\"231\" srcset=\"https:\/\/upla.cl\/noticias\/wp-content\/uploads\/2026\/09\/Titulacioj-ITEC-2-300x231.jpg 300w, https:\/\/upla.cl\/noticias\/wp-content\/uploads\/2026\/09\/Titulacioj-ITEC-2-1024x789.jpg 1024w, https:\/\/upla.cl\/noticias\/wp-content\/uploads\/2026\/09\/Titulacioj-ITEC-2-150x116.jpg 150w, https:\/\/upla.cl\/noticias\/wp-content\/uploads\/2026\/09\/Titulacioj-ITEC-2-768x592.jpg 768w, https:\/\/upla.cl\/noticias\/wp-content\/uploads\/2026\/09\/Titulacioj-ITEC-2-1536x1184.jpg 1536w, https:\/\/upla.cl\/noticias\/wp-content\/uploads\/2026\/09\/Titulacioj-ITEC-2.jpg 1920w\" sizes=\"auto, (max-width: 300px) 100vw, 300px\" \/><\/a>en el \u00e1mbito profesional, desempe\u00f1\u00e1ndose actualmente en la <strong>C\u00e1mara de Diputados del Congreso Nacional.<\/strong><\/p>\n<p>\u00abHoy soy una profesional y, como nunca, portadora de futuro. Compa\u00f1eros y compa\u00f1eras, hoy se cierra un cap\u00edtulo. \u00a1Lo logramos! Vamos por m\u00e1s\u00bb, expres\u00f3 emocionada durante su alocuci\u00f3n.<\/p>\n<p>Con la entrega de t\u00edtulos de las diversas menciones presenciales y online \u2014incluyendo Administraci\u00f3n de la Gesti\u00f3n P\u00fablica, Prevenci\u00f3n de Riesgos y Asistente Judicial\u2014, los 76 nuevos t\u00e9cnicos integran oficialmente la comunidad de titulados de la Universidad de Playa Ancha, listos para poner al servicio del pa\u00eds el sello de una educaci\u00f3n p\u00fablica, inclusiva y comprometida con el desarrollo regional.<\/p>\n<div id='gallery-1' class='gallery galleryid-201129 gallery-columns-3 gallery-size-thumbnail'><figure class='gallery-item'>\n\t\t\t<div class='gallery-icon landscape'>\n\t\t\t\t<a href='https:\/\/upla.cl\/noticias\/wp-content\/uploads\/2026\/09\/Autoridades_ITEC-.jpg'><img loading=\"lazy\" decoding=\"async\" width=\"150\" height=\"116\" src=\"https:\/\/upla.cl\/noticias\/wp-content\/uploads\/2026\/09\/Autoridades_ITEC--150x116.jpg\" class=\"attachment-thumbnail size-thumbnail\" alt=\"\" srcset=\"https:\/\/upla.cl\/noticias\/wp-content\/uploads\/2026\/09\/Autoridades_ITEC--150x116.jpg 150w, https:\/\/upla.cl\/noticias\/wp-content\/uploads\/2026\/09\/Autoridades_ITEC--300x231.jpg 300w, https:\/\/upla.cl\/noticias\/wp-content\/uploads\/2026\/09\/Autoridades_ITEC--1024x789.jpg 1024w, https:\/\/upla.cl\/noticias\/wp-content\/uploads\/2026\/09\/Autoridades_ITEC--768x592.jpg 768w, https:\/\/upla.cl\/noticias\/wp-content\/uploads\/2026\/09\/Autoridades_ITEC--1536x1184.jpg 1536w, https:\/\/upla.cl\/noticias\/wp-content\/uploads\/2026\/09\/Autoridades_ITEC-.jpg 1920w\" sizes=\"auto, (max-width: 150px) 100vw, 150px\" \/><\/a>\n\t\t\t<\/div><\/figure><figure class='gallery-item'>\n\t\t\t<div class='gallery-icon landscape'>\n\t\t\t\t<a href='https:\/\/upla.cl\/noticias\/wp-content\/uploads\/2026\/09\/Coro-de-Camara_ceremon-tit-ITEC.jpg'><img loading=\"lazy\" decoding=\"async\" width=\"150\" height=\"116\" src=\"https:\/\/upla.cl\/noticias\/wp-content\/uploads\/2026\/09\/Coro-de-Camara_ceremon-tit-ITEC-150x116.jpg\" class=\"attachment-thumbnail size-thumbnail\" alt=\"\" srcset=\"https:\/\/upla.cl\/noticias\/wp-content\/uploads\/2026\/09\/Coro-de-Camara_ceremon-tit-ITEC-150x116.jpg 150w, https:\/\/upla.cl\/noticias\/wp-content\/uploads\/2026\/09\/Coro-de-Camara_ceremon-tit-ITEC-300x231.jpg 300w, https:\/\/upla.cl\/noticias\/wp-content\/uploads\/2026\/09\/Coro-de-Camara_ceremon-tit-ITEC-1024x789.jpg 1024w, https:\/\/upla.cl\/noticias\/wp-content\/uploads\/2026\/09\/Coro-de-Camara_ceremon-tit-ITEC-768x592.jpg 768w, https:\/\/upla.cl\/noticias\/wp-content\/uploads\/2026\/09\/Coro-de-Camara_ceremon-tit-ITEC-1536x1184.jpg 1536w, https:\/\/upla.cl\/noticias\/wp-content\/uploads\/2026\/09\/Coro-de-Camara_ceremon-tit-ITEC.jpg 1920w\" sizes=\"auto, (max-width: 150px) 100vw, 150px\" \/><\/a>\n\t\t\t<\/div><\/figure><figure class='gallery-item'>\n\t\t\t<div class='gallery-icon landscape'>\n\t\t\t\t<a href='https:\/\/upla.cl\/noticias\/wp-content\/uploads\/2026\/09\/Katherine.jpg'><img loading=\"lazy\" decoding=\"async\" width=\"150\" height=\"116\" src=\"https:\/\/upla.cl\/noticias\/wp-content\/uploads\/2026\/09\/Katherine-150x116.jpg\" class=\"attachment-thumbnail size-thumbnail\" alt=\"\" srcset=\"https:\/\/upla.cl\/noticias\/wp-content\/uploads\/2026\/09\/Katherine-150x116.jpg 150w, https:\/\/upla.cl\/noticias\/wp-content\/uploads\/2026\/09\/Katherine-300x231.jpg 300w, https:\/\/upla.cl\/noticias\/wp-content\/uploads\/2026\/09\/Katherine-1024x789.jpg 1024w, https:\/\/upla.cl\/noticias\/wp-content\/uploads\/2026\/09\/Katherine-768x592.jpg 768w, https:\/\/upla.cl\/noticias\/wp-content\/uploads\/2026\/09\/Katherine-1536x1184.jpg 1536w, https:\/\/upla.cl\/noticias\/wp-content\/uploads\/2026\/09\/Katherine.jpg 1920w\" sizes=\"auto, (max-width: 150px) 100vw, 150px\" \/><\/a>\n\t\t\t<\/div><\/figure><figure class='gallery-item'>\n\t\t\t<div class='gallery-icon landscape'>\n\t\t\t\t<a href='https:\/\/upla.cl\/noticias\/wp-content\/uploads\/2026\/09\/Mauricio-Hernandez.jpg'><img loading=\"lazy\" decoding=\"async\" width=\"150\" height=\"116\" src=\"https:\/\/upla.cl\/noticias\/wp-content\/uploads\/2026\/09\/Mauricio-Hernandez-150x116.jpg\" class=\"attachment-thumbnail size-thumbnail\" alt=\"\" srcset=\"https:\/\/upla.cl\/noticias\/wp-content\/uploads\/2026\/09\/Mauricio-Hernandez-150x116.jpg 150w, https:\/\/upla.cl\/noticias\/wp-content\/uploads\/2026\/09\/Mauricio-Hernandez-300x231.jpg 300w, https:\/\/upla.cl\/noticias\/wp-content\/uploads\/2026\/09\/Mauricio-Hernandez-1024x789.jpg 1024w, https:\/\/upla.cl\/noticias\/wp-content\/uploads\/2026\/09\/Mauricio-Hernandez-768x592.jpg 768w, https:\/\/upla.cl\/noticias\/wp-content\/uploads\/2026\/09\/Mauricio-Hernandez-1536x1184.jpg 1536w, https:\/\/upla.cl\/noticias\/wp-content\/uploads\/2026\/09\/Mauricio-Hernandez.jpg 1920w\" sizes=\"auto, (max-width: 150px) 100vw, 150px\" \/><\/a>\n\t\t\t<\/div><\/figure><figure class='gallery-item'>\n\t\t\t<div class='gallery-icon landscape'>\n\t\t\t\t<a href='https:\/\/upla.cl\/noticias\/wp-content\/uploads\/2026\/09\/Titulacion-ITEC-1.jpg'><img loading=\"lazy\" decoding=\"async\" width=\"150\" height=\"116\" src=\"https:\/\/upla.cl\/noticias\/wp-content\/uploads\/2026\/09\/Titulacion-ITEC-1-150x116.jpg\" class=\"attachment-thumbnail size-thumbnail\" alt=\"\" srcset=\"https:\/\/upla.cl\/noticias\/wp-content\/uploads\/2026\/09\/Titulacion-ITEC-1-150x116.jpg 150w, https:\/\/upla.cl\/noticias\/wp-content\/uploads\/2026\/09\/Titulacion-ITEC-1-300x231.jpg 300w, https:\/\/upla.cl\/noticias\/wp-content\/uploads\/2026\/09\/Titulacion-ITEC-1-1024x789.jpg 1024w, https:\/\/upla.cl\/noticias\/wp-content\/uploads\/2026\/09\/Titulacion-ITEC-1-768x592.jpg 768w, https:\/\/upla.cl\/noticias\/wp-content\/uploads\/2026\/09\/Titulacion-ITEC-1-1536x1184.jpg 1536w, https:\/\/upla.cl\/noticias\/wp-content\/uploads\/2026\/09\/Titulacion-ITEC-1.jpg 1920w\" sizes=\"auto, (max-width: 150px) 100vw, 150px\" \/><\/a>\n\t\t\t<\/div><\/figure><figure class='gallery-item'>\n\t\t\t<div class='gallery-icon landscape'>\n\t\t\t\t<a href='https:\/\/upla.cl\/noticias\/wp-content\/uploads\/2026\/09\/Titulacion-ITEC-3.jpg'><img loading=\"lazy\" decoding=\"async\" width=\"150\" height=\"116\" src=\"https:\/\/upla.cl\/noticias\/wp-content\/uploads\/2026\/09\/Titulacion-ITEC-3-150x116.jpg\" class=\"attachment-thumbnail size-thumbnail\" alt=\"\" srcset=\"https:\/\/upla.cl\/noticias\/wp-content\/uploads\/2026\/09\/Titulacion-ITEC-3-150x116.jpg 150w, https:\/\/upla.cl\/noticias\/wp-content\/uploads\/2026\/09\/Titulacion-ITEC-3-300x231.jpg 300w, https:\/\/upla.cl\/noticias\/wp-content\/uploads\/2026\/09\/Titulacion-ITEC-3-1024x789.jpg 1024w, https:\/\/upla.cl\/noticias\/wp-content\/uploads\/2026\/09\/Titulacion-ITEC-3-768x592.jpg 768w, https:\/\/upla.cl\/noticias\/wp-content\/uploads\/2026\/09\/Titulacion-ITEC-3-1536x1184.jpg 1536w, https:\/\/upla.cl\/noticias\/wp-content\/uploads\/2026\/09\/Titulacion-ITEC-3.jpg 1920w\" sizes=\"auto, (max-width: 150px) 100vw, 150px\" \/><\/a>\n\t\t\t<\/div><\/figure><figure class='gallery-item'>\n\t\t\t<div class='gallery-icon landscape'>\n\t\t\t\t<a href='https:\/\/upla.cl\/noticias\/wp-content\/uploads\/2026\/09\/Titulacion-ITEC-4.jpg'><img loading=\"lazy\" decoding=\"async\" width=\"150\" height=\"116\" src=\"https:\/\/upla.cl\/noticias\/wp-content\/uploads\/2026\/09\/Titulacion-ITEC-4-150x116.jpg\" class=\"attachment-thumbnail size-thumbnail\" alt=\"\" srcset=\"https:\/\/upla.cl\/noticias\/wp-content\/uploads\/2026\/09\/Titulacion-ITEC-4-150x116.jpg 150w, https:\/\/upla.cl\/noticias\/wp-content\/uploads\/2026\/09\/Titulacion-ITEC-4-300x231.jpg 300w, https:\/\/upla.cl\/noticias\/wp-content\/uploads\/2026\/09\/Titulacion-ITEC-4-1024x789.jpg 1024w, https:\/\/upla.cl\/noticias\/wp-content\/uploads\/2026\/09\/Titulacion-ITEC-4-768x592.jpg 768w, https:\/\/upla.cl\/noticias\/wp-content\/uploads\/2026\/09\/Titulacion-ITEC-4-1536x1184.jpg 1536w, https:\/\/upla.cl\/noticias\/wp-content\/uploads\/2026\/09\/Titulacion-ITEC-4.jpg 1920w\" sizes=\"auto, (max-width: 150px) 100vw, 150px\" \/><\/a>\n\t\t\t<\/div><\/figure><figure class='gallery-item'>\n\t\t\t<div class='gallery-icon landscape'>\n\t\t\t\t<a href='https:\/\/upla.cl\/noticias\/wp-content\/uploads\/2026\/09\/Titulacion-Itec-6.jpg'><img loading=\"lazy\" decoding=\"async\" width=\"150\" height=\"116\" src=\"https:\/\/upla.cl\/noticias\/wp-content\/uploads\/2026\/09\/Titulacion-Itec-6-150x116.jpg\" class=\"attachment-thumbnail size-thumbnail\" alt=\"\" srcset=\"https:\/\/upla.cl\/noticias\/wp-content\/uploads\/2026\/09\/Titulacion-Itec-6-150x116.jpg 150w, https:\/\/upla.cl\/noticias\/wp-content\/uploads\/2026\/09\/Titulacion-Itec-6-300x231.jpg 300w, https:\/\/upla.cl\/noticias\/wp-content\/uploads\/2026\/09\/Titulacion-Itec-6-1024x789.jpg 1024w, https:\/\/upla.cl\/noticias\/wp-content\/uploads\/2026\/09\/Titulacion-Itec-6-768x592.jpg 768w, https:\/\/upla.cl\/noticias\/wp-content\/uploads\/2026\/09\/Titulacion-Itec-6-1536x1184.jpg 1536w, https:\/\/upla.cl\/noticias\/wp-content\/uploads\/2026\/09\/Titulacion-Itec-6.jpg 1920w\" sizes=\"auto, (max-width: 150px) 100vw, 150px\" \/><\/a>\n\t\t\t<\/div><\/figure><figure class='gallery-item'>\n\t\t\t<div class='gallery-icon landscape'>\n\t\t\t\t<a href='https:\/\/upla.cl\/noticias\/wp-content\/uploads\/2026\/09\/Titulacion-ITEC-8.jpg'><img loading=\"lazy\" decoding=\"async\" width=\"150\" height=\"116\" src=\"https:\/\/upla.cl\/noticias\/wp-content\/uploads\/2026\/09\/Titulacion-ITEC-8-150x116.jpg\" class=\"attachment-thumbnail size-thumbnail\" alt=\"\" srcset=\"https:\/\/upla.cl\/noticias\/wp-content\/uploads\/2026\/09\/Titulacion-ITEC-8-150x116.jpg 150w, https:\/\/upla.cl\/noticias\/wp-content\/uploads\/2026\/09\/Titulacion-ITEC-8-300x231.jpg 300w, https:\/\/upla.cl\/noticias\/wp-content\/uploads\/2026\/09\/Titulacion-ITEC-8-1024x789.jpg 1024w, https:\/\/upla.cl\/noticias\/wp-content\/uploads\/2026\/09\/Titulacion-ITEC-8-768x592.jpg 768w, https:\/\/upla.cl\/noticias\/wp-content\/uploads\/2026\/09\/Titulacion-ITEC-8-1536x1184.jpg 1536w, https:\/\/upla.cl\/noticias\/wp-content\/uploads\/2026\/09\/Titulacion-ITEC-8.jpg 1920w\" sizes=\"auto, (max-width: 150px) 100vw, 150px\" \/><\/a>\n\t\t\t<\/div><\/figure><figure class='gallery-item'>\n\t\t\t<div class='gallery-icon landscape'>\n\t\t\t\t<a href='https:\/\/upla.cl\/noticias\/wp-content\/uploads\/2026\/09\/Titulacion-ITEC-9.jpg'><img loading=\"lazy\" decoding=\"async\" width=\"150\" height=\"116\" src=\"https:\/\/upla.cl\/noticias\/wp-content\/uploads\/2026\/09\/Titulacion-ITEC-9-150x116.jpg\" class=\"attachment-thumbnail size-thumbnail\" alt=\"\" srcset=\"https:\/\/upla.cl\/noticias\/wp-content\/uploads\/2026\/09\/Titulacion-ITEC-9-150x116.jpg 150w, https:\/\/upla.cl\/noticias\/wp-content\/uploads\/2026\/09\/Titulacion-ITEC-9-300x231.jpg 300w, https:\/\/upla.cl\/noticias\/wp-content\/uploads\/2026\/09\/Titulacion-ITEC-9-1024x789.jpg 1024w, https:\/\/upla.cl\/noticias\/wp-content\/uploads\/2026\/09\/Titulacion-ITEC-9-768x592.jpg 768w, https:\/\/upla.cl\/noticias\/wp-content\/uploads\/2026\/09\/Titulacion-ITEC-9-1536x1184.jpg 1536w, https:\/\/upla.cl\/noticias\/wp-content\/uploads\/2026\/09\/Titulacion-ITEC-9.jpg 1920w\" sizes=\"auto, (max-width: 150px) 100vw, 150px\" \/><\/a>\n\t\t\t<\/div><\/figure><figure class='gallery-item'>\n\t\t\t<div class='gallery-icon landscape'>\n\t\t\t\t<a href='https:\/\/upla.cl\/noticias\/wp-content\/uploads\/2026\/09\/Titulacion-ITEC-10.jpg'><img loading=\"lazy\" decoding=\"async\" width=\"150\" height=\"116\" src=\"https:\/\/upla.cl\/noticias\/wp-content\/uploads\/2026\/09\/Titulacion-ITEC-10-150x116.jpg\" class=\"attachment-thumbnail size-thumbnail\" alt=\"\" srcset=\"https:\/\/upla.cl\/noticias\/wp-content\/uploads\/2026\/09\/Titulacion-ITEC-10-150x116.jpg 150w, https:\/\/upla.cl\/noticias\/wp-content\/uploads\/2026\/09\/Titulacion-ITEC-10-300x231.jpg 300w, https:\/\/upla.cl\/noticias\/wp-content\/uploads\/2026\/09\/Titulacion-ITEC-10-1024x789.jpg 1024w, https:\/\/upla.cl\/noticias\/wp-content\/uploads\/2026\/09\/Titulacion-ITEC-10-768x592.jpg 768w, https:\/\/upla.cl\/noticias\/wp-content\/uploads\/2026\/09\/Titulacion-ITEC-10-1536x1184.jpg 1536w, https:\/\/upla.cl\/noticias\/wp-content\/uploads\/2026\/09\/Titulacion-ITEC-10.jpg 1920w\" sizes=\"auto, (max-width: 150px) 100vw, 150px\" \/><\/a>\n\t\t\t<\/div><\/figure><figure class='gallery-item'>\n\t\t\t<div class='gallery-icon landscape'>\n\t\t\t\t<a href='https:\/\/upla.cl\/noticias\/wp-content\/uploads\/2026\/09\/Titulacion-ITEC-11.jpg'><img loading=\"lazy\" decoding=\"async\" width=\"150\" height=\"116\" src=\"https:\/\/upla.cl\/noticias\/wp-content\/uploads\/2026\/09\/Titulacion-ITEC-11-150x116.jpg\" class=\"attachment-thumbnail size-thumbnail\" alt=\"\" srcset=\"https:\/\/upla.cl\/noticias\/wp-content\/uploads\/2026\/09\/Titulacion-ITEC-11-150x116.jpg 150w, https:\/\/upla.cl\/noticias\/wp-content\/uploads\/2026\/09\/Titulacion-ITEC-11-300x231.jpg 300w, https:\/\/upla.cl\/noticias\/wp-content\/uploads\/2026\/09\/Titulacion-ITEC-11-1024x789.jpg 1024w, https:\/\/upla.cl\/noticias\/wp-content\/uploads\/2026\/09\/Titulacion-ITEC-11-768x592.jpg 768w, https:\/\/upla.cl\/noticias\/wp-content\/uploads\/2026\/09\/Titulacion-ITEC-11-1536x1184.jpg 1536w, https:\/\/upla.cl\/noticias\/wp-content\/uploads\/2026\/09\/Titulacion-ITEC-11.jpg 1920w\" sizes=\"auto, (max-width: 150px) 100vw, 150px\" \/><\/a>\n\t\t\t<\/div><\/figure><figure class='gallery-item'>\n\t\t\t<div class='gallery-icon landscape'>\n\t\t\t\t<a href='https:\/\/upla.cl\/noticias\/wp-content\/uploads\/2026\/09\/Titulacion-ITEC-12.jpg'><img loading=\"lazy\" decoding=\"async\" width=\"150\" height=\"116\" src=\"https:\/\/upla.cl\/noticias\/wp-content\/uploads\/2026\/09\/Titulacion-ITEC-12-150x116.jpg\" class=\"attachment-thumbnail size-thumbnail\" alt=\"\" srcset=\"https:\/\/upla.cl\/noticias\/wp-content\/uploads\/2026\/09\/Titulacion-ITEC-12-150x116.jpg 150w, https:\/\/upla.cl\/noticias\/wp-content\/uploads\/2026\/09\/Titulacion-ITEC-12-300x231.jpg 300w, https:\/\/upla.cl\/noticias\/wp-content\/uploads\/2026\/09\/Titulacion-ITEC-12-1024x789.jpg 1024w, https:\/\/upla.cl\/noticias\/wp-content\/uploads\/2026\/09\/Titulacion-ITEC-12-768x592.jpg 768w, https:\/\/upla.cl\/noticias\/wp-content\/uploads\/2026\/09\/Titulacion-ITEC-12-1536x1184.jpg 1536w, https:\/\/upla.cl\/noticias\/wp-content\/uploads\/2026\/09\/Titulacion-ITEC-12.jpg 1920w\" sizes=\"auto, (max-width: 150px) 100vw, 150px\" \/><\/a>\n\t\t\t<\/div><\/figure><figure class='gallery-item'>\n\t\t\t<div class='gallery-icon landscape'>\n\t\t\t\t<a href='https:\/\/upla.cl\/noticias\/wp-content\/uploads\/2026\/09\/Titulacion-ITEC-13.jpg'><img loading=\"lazy\" decoding=\"async\" width=\"150\" height=\"116\" src=\"https:\/\/upla.cl\/noticias\/wp-content\/uploads\/2026\/09\/Titulacion-ITEC-13-150x116.jpg\" class=\"attachment-thumbnail size-thumbnail\" alt=\"\" srcset=\"https:\/\/upla.cl\/noticias\/wp-content\/uploads\/2026\/09\/Titulacion-ITEC-13-150x116.jpg 150w, https:\/\/upla.cl\/noticias\/wp-content\/uploads\/2026\/09\/Titulacion-ITEC-13-300x231.jpg 300w, https:\/\/upla.cl\/noticias\/wp-content\/uploads\/2026\/09\/Titulacion-ITEC-13-1024x789.jpg 1024w, https:\/\/upla.cl\/noticias\/wp-content\/uploads\/2026\/09\/Titulacion-ITEC-13-768x592.jpg 768w, https:\/\/upla.cl\/noticias\/wp-content\/uploads\/2026\/09\/Titulacion-ITEC-13-1536x1184.jpg 1536w, https:\/\/upla.cl\/noticias\/wp-content\/uploads\/2026\/09\/Titulacion-ITEC-13.jpg 1920w\" sizes=\"auto, (max-width: 150px) 100vw, 150px\" \/><\/a>\n\t\t\t<\/div><\/figure><figure class='gallery-item'>\n\t\t\t<div class='gallery-icon landscape'>\n\t\t\t\t<a href='https:\/\/upla.cl\/noticias\/wp-content\/uploads\/2026\/09\/Titulacion-ITEC-14.jpg'><img loading=\"lazy\" decoding=\"async\" width=\"150\" height=\"116\" src=\"https:\/\/upla.cl\/noticias\/wp-content\/uploads\/2026\/09\/Titulacion-ITEC-14-150x116.jpg\" class=\"attachment-thumbnail size-thumbnail\" alt=\"\" srcset=\"https:\/\/upla.cl\/noticias\/wp-content\/uploads\/2026\/09\/Titulacion-ITEC-14-150x116.jpg 150w, https:\/\/upla.cl\/noticias\/wp-content\/uploads\/2026\/09\/Titulacion-ITEC-14-300x231.jpg 300w, https:\/\/upla.cl\/noticias\/wp-content\/uploads\/2026\/09\/Titulacion-ITEC-14-1024x789.jpg 1024w, https:\/\/upla.cl\/noticias\/wp-content\/uploads\/2026\/09\/Titulacion-ITEC-14-768x592.jpg 768w, https:\/\/upla.cl\/noticias\/wp-content\/uploads\/2026\/09\/Titulacion-ITEC-14-1536x1184.jpg 1536w, https:\/\/upla.cl\/noticias\/wp-content\/uploads\/2026\/09\/Titulacion-ITEC-14.jpg 1920w\" sizes=\"auto, (max-width: 150px) 100vw, 150px\" \/><\/a>\n\t\t\t<\/div><\/figure><figure class='gallery-item'>\n\t\t\t<div class='gallery-icon landscape'>\n\t\t\t\t<a href='https:\/\/upla.cl\/noticias\/wp-content\/uploads\/2026\/09\/Titulacion-ITEC-15.jpg'><img loading=\"lazy\" decoding=\"async\" width=\"150\" height=\"116\" src=\"https:\/\/upla.cl\/noticias\/wp-content\/uploads\/2026\/09\/Titulacion-ITEC-15-150x116.jpg\" class=\"attachment-thumbnail size-thumbnail\" alt=\"\" srcset=\"https:\/\/upla.cl\/noticias\/wp-content\/uploads\/2026\/09\/Titulacion-ITEC-15-150x116.jpg 150w, https:\/\/upla.cl\/noticias\/wp-content\/uploads\/2026\/09\/Titulacion-ITEC-15-300x231.jpg 300w, https:\/\/upla.cl\/noticias\/wp-content\/uploads\/2026\/09\/Titulacion-ITEC-15-1024x789.jpg 1024w, https:\/\/upla.cl\/noticias\/wp-content\/uploads\/2026\/09\/Titulacion-ITEC-15-768x592.jpg 768w, https:\/\/upla.cl\/noticias\/wp-content\/uploads\/2026\/09\/Titulacion-ITEC-15-1536x1184.jpg 1536w, https:\/\/upla.cl\/noticias\/wp-content\/uploads\/2026\/09\/Titulacion-ITEC-15.jpg 1920w\" sizes=\"auto, (max-width: 150px) 100vw, 150px\" \/><\/a>\n\t\t\t<\/div><\/figure><figure class='gallery-item'>\n\t\t\t<div class='gallery-icon landscape'>\n\t\t\t\t<a href='https:\/\/upla.cl\/noticias\/wp-content\/uploads\/2026\/09\/Titulacion-ITEC-16.jpg'><img loading=\"lazy\" decoding=\"async\" width=\"150\" height=\"116\" src=\"https:\/\/upla.cl\/noticias\/wp-content\/uploads\/2026\/09\/Titulacion-ITEC-16-150x116.jpg\" class=\"attachment-thumbnail size-thumbnail\" alt=\"\" srcset=\"https:\/\/upla.cl\/noticias\/wp-content\/uploads\/2026\/09\/Titulacion-ITEC-16-150x116.jpg 150w, https:\/\/upla.cl\/noticias\/wp-content\/uploads\/2026\/09\/Titulacion-ITEC-16-300x231.jpg 300w, https:\/\/upla.cl\/noticias\/wp-content\/uploads\/2026\/09\/Titulacion-ITEC-16-1024x789.jpg 1024w, https:\/\/upla.cl\/noticias\/wp-content\/uploads\/2026\/09\/Titulacion-ITEC-16-768x592.jpg 768w, https:\/\/upla.cl\/noticias\/wp-content\/uploads\/2026\/09\/Titulacion-ITEC-16-1536x1184.jpg 1536w, https:\/\/upla.cl\/noticias\/wp-content\/uploads\/2026\/09\/Titulacion-ITEC-16.jpg 1920w\" sizes=\"auto, (max-width: 150px) 100vw, 150px\" \/><\/a>\n\t\t\t<\/div><\/figure><figure class='gallery-item'>\n\t\t\t<div class='gallery-icon landscape'>\n\t\t\t\t<a href='https:\/\/upla.cl\/noticias\/wp-content\/uploads\/2026\/09\/Titulacion-ITEC-17.jpg'><img loading=\"lazy\" decoding=\"async\" width=\"150\" height=\"116\" src=\"https:\/\/upla.cl\/noticias\/wp-content\/uploads\/2026\/09\/Titulacion-ITEC-17-150x116.jpg\" class=\"attachment-thumbnail size-thumbnail\" alt=\"\" srcset=\"https:\/\/upla.cl\/noticias\/wp-content\/uploads\/2026\/09\/Titulacion-ITEC-17-150x116.jpg 150w, https:\/\/upla.cl\/noticias\/wp-content\/uploads\/2026\/09\/Titulacion-ITEC-17-300x231.jpg 300w, https:\/\/upla.cl\/noticias\/wp-content\/uploads\/2026\/09\/Titulacion-ITEC-17-1024x789.jpg 1024w, https:\/\/upla.cl\/noticias\/wp-content\/uploads\/2026\/09\/Titulacion-ITEC-17-768x592.jpg 768w, https:\/\/upla.cl\/noticias\/wp-content\/uploads\/2026\/09\/Titulacion-ITEC-17-1536x1184.jpg 1536w, https:\/\/upla.cl\/noticias\/wp-content\/uploads\/2026\/09\/Titulacion-ITEC-17.jpg 1920w\" sizes=\"auto, (max-width: 150px) 100vw, 150px\" \/><\/a>\n\t\t\t<\/div><\/figure><figure class='gallery-item'>\n\t\t\t<div class='gallery-icon landscape'>\n\t\t\t\t<a href='https:\/\/upla.cl\/noticias\/wp-content\/uploads\/2026\/09\/Titulacion-ITEC-18.jpg'><img loading=\"lazy\" decoding=\"async\" width=\"150\" height=\"116\" src=\"https:\/\/upla.cl\/noticias\/wp-content\/uploads\/2026\/09\/Titulacion-ITEC-18-150x116.jpg\" class=\"attachment-thumbnail size-thumbnail\" alt=\"\" srcset=\"https:\/\/upla.cl\/noticias\/wp-content\/uploads\/2026\/09\/Titulacion-ITEC-18-150x116.jpg 150w, https:\/\/upla.cl\/noticias\/wp-content\/uploads\/2026\/09\/Titulacion-ITEC-18-300x231.jpg 300w, https:\/\/upla.cl\/noticias\/wp-content\/uploads\/2026\/09\/Titulacion-ITEC-18-1024x789.jpg 1024w, https:\/\/upla.cl\/noticias\/wp-content\/uploads\/2026\/09\/Titulacion-ITEC-18-768x592.jpg 768w, https:\/\/upla.cl\/noticias\/wp-content\/uploads\/2026\/09\/Titulacion-ITEC-18-1536x1184.jpg 1536w, https:\/\/upla.cl\/noticias\/wp-content\/uploads\/2026\/09\/Titulacion-ITEC-18.jpg 1920w\" sizes=\"auto, (max-width: 150px) 100vw, 150px\" \/><\/a>\n\t\t\t<\/div><\/figure><figure class='gallery-item'>\n\t\t\t<div class='gallery-icon landscape'>\n\t\t\t\t<a href='https:\/\/upla.cl\/noticias\/wp-content\/uploads\/2026\/09\/Titulacion-ITEC-19.jpg'><img loading=\"lazy\" decoding=\"async\" width=\"150\" height=\"116\" src=\"https:\/\/upla.cl\/noticias\/wp-content\/uploads\/2026\/09\/Titulacion-ITEC-19-150x116.jpg\" class=\"attachment-thumbnail size-thumbnail\" alt=\"\" srcset=\"https:\/\/upla.cl\/noticias\/wp-content\/uploads\/2026\/09\/Titulacion-ITEC-19-150x116.jpg 150w, https:\/\/upla.cl\/noticias\/wp-content\/uploads\/2026\/09\/Titulacion-ITEC-19-300x231.jpg 300w, https:\/\/upla.cl\/noticias\/wp-content\/uploads\/2026\/09\/Titulacion-ITEC-19-1024x789.jpg 1024w, https:\/\/upla.cl\/noticias\/wp-content\/uploads\/2026\/09\/Titulacion-ITEC-19-768x592.jpg 768w, https:\/\/upla.cl\/noticias\/wp-content\/uploads\/2026\/09\/Titulacion-ITEC-19-1536x1184.jpg 1536w, https:\/\/upla.cl\/noticias\/wp-content\/uploads\/2026\/09\/Titulacion-ITEC-19.jpg 1920w\" sizes=\"auto, (max-width: 150px) 100vw, 150px\" \/><\/a>\n\t\t\t<\/div><\/figure><figure class='gallery-item'>\n\t\t\t<div class='gallery-icon landscape'>\n\t\t\t\t<a href='https:\/\/upla.cl\/noticias\/wp-content\/uploads\/2026\/09\/Titulacion-ITEC-20.jpg'><img loading=\"lazy\" decoding=\"async\" width=\"150\" height=\"116\" src=\"https:\/\/upla.cl\/noticias\/wp-content\/uploads\/2026\/09\/Titulacion-ITEC-20-150x116.jpg\" class=\"attachment-thumbnail size-thumbnail\" alt=\"\" srcset=\"https:\/\/upla.cl\/noticias\/wp-content\/uploads\/2026\/09\/Titulacion-ITEC-20-150x116.jpg 150w, https:\/\/upla.cl\/noticias\/wp-content\/uploads\/2026\/09\/Titulacion-ITEC-20-300x231.jpg 300w, https:\/\/upla.cl\/noticias\/wp-content\/uploads\/2026\/09\/Titulacion-ITEC-20-1024x789.jpg 1024w, https:\/\/upla.cl\/noticias\/wp-content\/uploads\/2026\/09\/Titulacion-ITEC-20-768x592.jpg 768w, https:\/\/upla.cl\/noticias\/wp-content\/uploads\/2026\/09\/Titulacion-ITEC-20-1536x1184.jpg 1536w, https:\/\/upla.cl\/noticias\/wp-content\/uploads\/2026\/09\/Titulacion-ITEC-20.jpg 1920w\" sizes=\"auto, (max-width: 150px) 100vw, 150px\" \/><\/a>\n\t\t\t<\/div><\/figure><figure class='gallery-item'>\n\t\t\t<div class='gallery-icon landscape'>\n\t\t\t\t<a href='https:\/\/upla.cl\/noticias\/wp-content\/uploads\/2026\/09\/Titulacion-ITEC-21.jpg'><img loading=\"lazy\" decoding=\"async\" width=\"150\" height=\"116\" src=\"https:\/\/upla.cl\/noticias\/wp-content\/uploads\/2026\/09\/Titulacion-ITEC-21-150x116.jpg\" class=\"attachment-thumbnail size-thumbnail\" alt=\"\" srcset=\"https:\/\/upla.cl\/noticias\/wp-content\/uploads\/2026\/09\/Titulacion-ITEC-21-150x116.jpg 150w, https:\/\/upla.cl\/noticias\/wp-content\/uploads\/2026\/09\/Titulacion-ITEC-21-300x231.jpg 300w, https:\/\/upla.cl\/noticias\/wp-content\/uploads\/2026\/09\/Titulacion-ITEC-21-1024x789.jpg 1024w, https:\/\/upla.cl\/noticias\/wp-content\/uploads\/2026\/09\/Titulacion-ITEC-21-768x592.jpg 768w, https:\/\/upla.cl\/noticias\/wp-content\/uploads\/2026\/09\/Titulacion-ITEC-21-1536x1184.jpg 1536w, https:\/\/upla.cl\/noticias\/wp-content\/uploads\/2026\/09\/Titulacion-ITEC-21.jpg 1920w\" sizes=\"auto, (max-width: 150px) 100vw, 150px\" \/><\/a>\n\t\t\t<\/div><\/figure>\n\t\t<\/div>\n\n","protected":false},"excerpt":{"rendered":"<p>La Universidad de Playa Ancha titul\u00f3 a 76 nuevos t\u00e9cnicos de nivel superior en una emotiva ceremonia que combin\u00f3 historias de superaci\u00f3n personal, trayectoria laboral y el compromiso con la educaci\u00f3n p\u00fablica regional.<\/p>\n","protected":false},"author":3,"featured_media":201151,"comment_status":"closed","ping_status":"open","sticky":false,"template":"","format":"standard","meta":{"footnotes":""},"categories":[51,96,40,101,69,97,83],"tags":[],"class_list":["post-201129","post","type-post","status-publish","format-standard","has-post-thumbnail","","category-academia","category-academicos","category-destacados","category-docencia","category-egresados","category-estudiantes","category-instituto-tecnologico"],"_links":{"self":[{"href":"https:\/\/upla.cl\/noticias\/wp-json\/wp\/v2\/posts\/201129","targetHints":{"allow":["GET"]}}],"collection":[{"href":"https:\/\/upla.cl\/noticias\/wp-json\/wp\/v2\/posts"}],"about":[{"href":"https:\/\/upla.cl\/noticias\/wp-json\/wp\/v2\/types\/post"}],"author":[{"embeddable":true,"href":"https:\/\/upla.cl\/noticias\/wp-json\/wp\/v2\/users\/3"}],"replies":[{"embeddable":true,"href":"https:\/\/upla.cl\/noticias\/wp-json\/wp\/v2\/comments?post=201129"}],"version-history":[{"count":5,"href":"https:\/\/upla.cl\/noticias\/wp-json\/wp\/v2\/posts\/201129\/revisions"}],"predecessor-version":[{"id":201169,"href":"https:\/\/upla.cl\/noticias\/wp-json\/wp\/v2\/posts\/201129\/revisions\/201169"}],"wp:featuredmedia":[{"embeddable":true,"href":"https:\/\/upla.cl\/noticias\/wp-json\/wp\/v2\/media\/201151"}],"wp:attachment":[{"href":"https:\/\/upla.cl\/noticias\/wp-json\/wp\/v2\/media?parent=201129"}],"wp:term":[{"taxonomy":"category","embeddable":true,"href":"https:\/\/upla.cl\/noticias\/wp-json\/wp\/v2\/categories?post=201129"},{"taxonomy":"post_tag","embeddable":true,"href":"https:\/\/upla.cl\/noticias\/wp-json\/wp\/v2\/tags?post=201129"}],"curies":[{"name":"wp","href":"https:\/\/api.w.org\/{rel}","templated":true}]}}