{"id":2476,"date":"2009-06-10T12:08:33","date_gmt":"2009-06-10T16:08:33","guid":{"rendered":"http:\/\/sitios.upla.cl\/contenidos\/?p=2476"},"modified":"2014-01-16T16:19:57","modified_gmt":"2014-01-16T20:19:57","slug":"las-personas-deben-tener-voz-en-lo-concebible-como-patrimonio","status":"publish","type":"post","link":"https:\/\/upla.cl\/noticias\/2009\/06\/10\/las-personas-deben-tener-voz-en-lo-concebible-como-patrimonio\/","title":{"rendered":"\u201cLas personas deben tener voz en lo concebible como patrimonio\u201d"},"content":{"rendered":"<p><a href=\"http:\/\/sitios.upla.cl\/contenidos\/wp-content\/uploads\/2009\/06\/jordi-san-eugenio.jpg\"><img loading=\"lazy\" decoding=\"async\" class=\"alignright size-medium wp-image-2491\" title=\"jordi-san-eugenio\" src=\"http:\/\/sitios.upla.cl\/contenidos\/wp-content\/uploads\/2009\/06\/jordi-san-eugenio-280x185.jpg\" alt=\"\" width=\"280\" height=\"185\" \/><\/a>Desde mediados de mayo la Universidad de Playa Ancha ha contado con la grata presencia de <strong>Jordi de San Eugenio Vela<\/strong>, periodista y ge\u00f3grafo de Gerona (Catalu\u00f1a, Espa\u00f1a), quien estuvo de paso por Valpara\u00edso para participar de un programa de pasant\u00eda de investigaci\u00f3n que durante un mes realiz\u00f3 en esta Casa de Estudios.<\/p>\n<p>Actualmente, el especialista catal\u00e1n desarrolla su Tesis Doctoral en el \u00e1rea de Comunicaci\u00f3n y Territorio y ejerce docencia en estudios vinculados a las Comunicaciones y el Turismo, en las Universidades de Girona y de Vic. De esta \u00faltima, es miembro del Grupo de Investigaci\u00f3n en Comunicaci\u00f3n Tur\u00edstica y Cultural (GRECTIC) y sus intereses de investigaci\u00f3n giran alrededor de los procesos de comunicaci\u00f3n vinculados al territorio, con especial incidencia en el paisaje.<\/p>\n<p><strong>\u00bfQu\u00e9 elementos son centrales en su an\u00e1lisis de este binomio comunicaci\u00f3n-paisaje?<\/strong><\/p>\n<p>\u201cMe interesa especialmente intentar hacer emerger los valores intangibles del paisaje, ll\u00e1mese emocionales, espirituales, simb\u00f3licos, identitarios, sosteniendo la tesis que, a trav\u00e9s del proceso comunicacional, se puede hacer tangible lo que a simple vista parece intangible. Bajo esos par\u00e1metros se ha movido hasta la fecha mi investigaci\u00f3n y mi trabajo\u201d.<\/p>\n<p><strong>Desde su perspectiva de ge\u00f3grafo y periodista \u00bfC\u00f3mo concibe el espacio y c\u00f3mo define la comunicaci\u00f3n?<\/strong><\/p>\n<p>\u201cEntiendo, por ejemplo, la apropiaci\u00f3n del espacio como una experiencia vivencial de los individuos a nivel particular o colectivo con \u00e9ste, vinculado necesariamente con el hecho de la permeabilizaci\u00f3n de imaginarios por parte de los sujetos y de los grupos humanos en el ejercicio de conformar su propia cotidianeidad. Es all\u00ed cuando los espacios dejan de ser tales y pasan a ser lugares, es decir, cuando nos apropiamos, cuando nos hacemos de ellos en nuestra imagen mental.<\/p>\n<p>Para argumentar estos postulados la geograf\u00eda human\u00edstica, basada en la fenomenolog\u00eda y fundamentada en el an\u00e1lisis de los espacios de los sujetos; la sicolog\u00eda ambiental, relacionada con la apropiaci\u00f3n e interpretaci\u00f3n de los espacios; y muchas otras disciplinas, nos ofrecen sus perspectivas para armar un marco te\u00f3rico que nos permite construir un esquema de estudio riguroso a la hora de plantear el discurso sobre el paisaje como evocaci\u00f3n evidentemente comunicativa, tema del cual, precisamente, trata la tesis doctoral que en la actualidad estoy desarrollando\u201d.<\/p>\n<p><strong>A la luz de la dial\u00f3gica actual entre espacios f\u00edsicos, mentales y virtuales \u00bfCu\u00e1l es su apreciaci\u00f3n sobre cada uno de ellos?<\/strong><\/p>\n<p>\u201cCreo que hist\u00f3ricamente el conocimiento y la ciencia se han movido a trav\u00e9s de los par\u00e1metros m\u00e1s bien cuantitativos y, efectivamente, aquello tambi\u00e9n se ha aplicado al an\u00e1lisis de los paisajes a trav\u00e9s de inventarios de vegetaci\u00f3n, cartas geogr\u00e1ficas, en definitiva, documentos y observaciones que, en lo emp\u00edrico, permiten constatar ciertos elementos que <em>se nos muestran<\/em> a\u00fan cuando algunos de ellos pertenezcan al plano de lo intangible.<\/p>\n<p>Desde esta perspectiva, es preciso realizar una reivindicaci\u00f3n de los inventarios rigurosos de los distintos paisajes, debiendo elaborar entonces pautas para los f\u00edsicos o tangibles \u2013como la labor que pretendo realizar con mi estudio- y, del mismo modo, desplegar procedimientos para intentar llegar a entender el o los paisajes intangibles \u2013virtuales, emocionales, intelectuales o, en definitiva, no estrictamente f\u00edsicos-, que es una tarea bastante ardua y dif\u00edcil para determinar sus valores y cualidades\u201d.<\/p>\n<p><strong>\u00bfCu\u00e1nto tienen que decir los contextos temporales y espaciales respecto de asuntos tales como la participaci\u00f3n ciudadana en discusiones sobre patrimonio, turismo y paisaje?<\/strong><\/p>\n<p>\u201cLa influencia de los procesos que se est\u00e1n llevando a cabo en los distintos momentos y lugares es indiscutible. Por lo tanto, otorgar valores a los lugares es siempre una tarea compleja. Sin embargo, hist\u00f3ricamente en cuadros de complejidad como \u00e9ste, convendr\u00eda trasladar la responsabilidad de aquello que se pretende mantener, construir, etc\u00e9tera, en la ciudadan\u00eda y que sea una labor conjunta con los gobiernos o t\u00e9cnicos de la administraci\u00f3n ciudadana.<\/p>\n<p>Las personas son las encargadas no s\u00f3lo de tener voz, sino tambi\u00e9n voto respecto de qu\u00e9 y c\u00f3mo se concibe el patrimonio, qu\u00e9 paisaje se quiere y c\u00f3mo se estimular\u00e1 el turismo. Llevar propuestas a la ciudadan\u00eda cuando ya parece que est\u00e1 todo decidido no tiene, en ese sentido, mucha validez ni asidero social ni hist\u00f3rico.<\/p>\n<p>Lo que propongo es inventar una metodolog\u00eda para intentar llevar a cabo un inventario patrimonial del paisaje que cuente con la opini\u00f3n de la ciudadan\u00eda, que es, finalmente, quien m\u00e1s vive y experimenta los paisajes a raz\u00f3n de su cotidianeidad con el entorno\u201d.<\/p>\n<p><strong>\u00bfDe qu\u00e9 manera el trabajo patrimonial y la b\u00fasqueda de un paisaje o lugar com\u00fan beneficia a sus habitantes?<\/strong><\/p>\n<p>\u201cHay un problema muy importante que suele darse y que tiene relaci\u00f3n con la turistificaci\u00f3n, es decir, estamos observando que a la hora de intervenir sobre un territorio, a la hora de operar en \u00e9l, se ha producido un salto de calidad demasiado importante y muchas veces omitido.<\/p>\n<p>Antes, orden\u00e1bamos el territorio y, en virtud de aquello, plante\u00e1bamos una imagen de marca con la cual comercializar. La situaci\u00f3n que se produce en este minuto es al rev\u00e9s: Queremos que nuestra ciudad, regi\u00f3n y pa\u00eds, tengan una determinada imagen y esa imagen hacerla base para comercializarnos en el exterior. \u00bfQu\u00e9 supone eso? Que estamos ordenando el paisaje, estamos planeando el territorio, en funci\u00f3n de una imagen de marca y, por tanto, en cierto modo, estamos provocando da\u00f1os colaterales a la esencia misma del lugar que buscamos promover. Al ordenar nuestros lugares en funci\u00f3n de una marca, ciertamente provocamos da\u00f1os\u201d.<\/p>\n<p><strong>\u00bfC\u00f3mo evitamos los da\u00f1os colaterales a causa de la persecuci\u00f3n de la imagen de un lugar?<\/strong><\/p>\n<p>\u201cEn un contexto donde muchas industrias, a ra\u00edz de esto, se han deslocalizado a prop\u00f3sito de la sobrevaloraci\u00f3n del territorio. Con un potencial tur\u00edstico suele darse el fen\u00f3meno de que muchos lugares instauran un discurso tur\u00edstico y un mensaje publicitario de s\u00ed mismas cuando, en estricto rigor, no existe necesariamente una riqueza de esta \u00edndole, vale decir, venden humo, o sea, nada.<\/p>\n<p>Buscando crear una imagen del lugar se suelen gestar los no lugares, o sea, lugares franquicia, que te puedes encontrar de igual manera, por ejemplo, en Barcelona, en cualquier pa\u00eds de Latinoam\u00e9rica, en fin, espacios que no tienen ning\u00fan tipo de identidad. Ese es el principal peligro de querer desarrollar espacios en virtud de una imagen de marca, de una imagen de pa\u00eds con c\u00f3digo de barra, de un territorio homogeneizado\u201d.<\/p>\n<p><strong>\u00bfCu\u00e1l ha sido tu apreciaci\u00f3n por estos d\u00edas de Valpara\u00edso?<\/strong><\/p>\n<p>\u201cLa verdad es que sobre su gente tengo una opini\u00f3n extraordinaria. Vuestra forma de ser es muy c\u00e1lida, muy agradable, muy simp\u00e1tica y, sinceramente me han hecho sentir como en casa, motivos por los cuales me llevo en positivo a Valpara\u00edso y, adem\u00e1s, la bah\u00eda me parece simplemente maravillosa.<\/p>\n<p>Si analizamos la morfolog\u00eda, esta es una ciudad de contrastes. A prop\u00f3sito del D\u00eda Nacional del Patrimonio hace unos d\u00edas, me he dado cuenta de la diferencia entre los sectores de pobreza y el desarrollo de algunos quintiles de la poblaci\u00f3n, lo que da a pensar que no existe un t\u00e9rmino medio en cuanto a clase socioecon\u00f3mica.<\/p>\n<p>Otra cosa sorprendente son los cambios de clima. De pronto vienes en la ma\u00f1ana con un sol de maravillas, al medio d\u00eda est\u00e1 nublado atrozmente y ya en la noche hace un fr\u00edo congelante. Normalmente en Europa si inicias con neblina, acabas de la misma forma. Ac\u00e1 no\u201d.<\/p>\n<p><strong>\u00bfLuego de su itinerario, qu\u00e9 recuerdos se lleva de la UPLA?<\/strong><\/p>\n<p>\u201cPensando que vine, fundamentalmente, por vuestra riqueza cognitiva en materia de patrimonio y sobretodo intangible, me he llevado gratos contactos con acad\u00e9micos de esta instituci\u00f3n. Por lo dem\u00e1s, he podido visitar la Biblioteca que me ha aportado con libros sobre los cuales no hab\u00eda tenido informaci\u00f3n o acceso en Espa\u00f1a y que me ser\u00e1n fundamentales en mi proceso de investigaci\u00f3n y en mi formaci\u00f3n contin\u00faa.<\/p>\n<p>Me llevo la mano extendida de las autoridades, del Rector, los distintos decanos y los diferentes profesionales de la Universidad y la esperanza que este compartir de experiencias se traslade a Espa\u00f1a y puedan visitarnos en Barcelona\u201d.<\/p>\n","protected":false},"excerpt":{"rendered":"<p>Jordi de San Eugenio, periodista y ge\u00f3grafo catal\u00e1n, plantea algunos aspectos preocupantes cuando se desarrollan espacios en virtud de una imagen de marca o de un territorio homogeneizado. <\/p>\n","protected":false},"author":2,"featured_media":0,"comment_status":"closed","ping_status":"closed","sticky":false,"template":"","format":"standard","meta":{"footnotes":""},"categories":[41,91],"tags":[],"class_list":["post-2476","post","type-post","status-publish","format-standard","","category-entrevistas","category-vinculacion-con-el-medio"],"_links":{"self":[{"href":"https:\/\/upla.cl\/noticias\/wp-json\/wp\/v2\/posts\/2476","targetHints":{"allow":["GET"]}}],"collection":[{"href":"https:\/\/upla.cl\/noticias\/wp-json\/wp\/v2\/posts"}],"about":[{"href":"https:\/\/upla.cl\/noticias\/wp-json\/wp\/v2\/types\/post"}],"author":[{"embeddable":true,"href":"https:\/\/upla.cl\/noticias\/wp-json\/wp\/v2\/users\/2"}],"replies":[{"embeddable":true,"href":"https:\/\/upla.cl\/noticias\/wp-json\/wp\/v2\/comments?post=2476"}],"version-history":[{"count":0,"href":"https:\/\/upla.cl\/noticias\/wp-json\/wp\/v2\/posts\/2476\/revisions"}],"wp:attachment":[{"href":"https:\/\/upla.cl\/noticias\/wp-json\/wp\/v2\/media?parent=2476"}],"wp:term":[{"taxonomy":"category","embeddable":true,"href":"https:\/\/upla.cl\/noticias\/wp-json\/wp\/v2\/categories?post=2476"},{"taxonomy":"post_tag","embeddable":true,"href":"https:\/\/upla.cl\/noticias\/wp-json\/wp\/v2\/tags?post=2476"}],"curies":[{"name":"wp","href":"https:\/\/api.w.org\/{rel}","templated":true}]}}