{"id":30728,"date":"2012-01-16T17:09:26","date_gmt":"2012-01-16T21:09:26","guid":{"rendered":"http:\/\/sitios.upla.cl\/contenidos\/?p=30728"},"modified":"2025-08-27T19:37:30","modified_gmt":"2025-08-27T23:37:30","slug":"campus-san-felipe-de-la-upla-titulo-a-nueva-generacion-de-profesionales","status":"publish","type":"post","link":"https:\/\/upla.cl\/noticias\/2012\/01\/16\/campus-san-felipe-de-la-upla-titulo-a-nueva-generacion-de-profesionales\/","title":{"rendered":"Campus San Felipe de la UPLA titul\u00f3 a nueva generaci\u00f3n de profesionales"},"content":{"rendered":"<p><a href=\"http:\/\/sitios.upla.cl\/contenidos\/wp-content\/uploads\/2012\/01\/Nuevos-profesionales.jpg\"><img loading=\"lazy\" decoding=\"async\" class=\"alignright size-medium wp-image-30732\" title=\"Nuevos profesionales Campus San Felipe\" src=\"http:\/\/sitios.upla.cl\/contenidos\/wp-content\/uploads\/2012\/01\/Nuevos-profesionales-280x155.jpg\" alt=\"\" width=\"280\" height=\"155\" \/><\/a>Un total de <strong>77 nuevos profesionales recibieron sus t\u00edtulos universitarios<\/strong>, en dos ceremonias efectuadas en el <strong>Campus San Felipe de la Universidad de Playa Ancha<\/strong>.<\/p>\n<p>Se trata de profesionales formados en las carreras de Educaci\u00f3n  Parvularia, Educaci\u00f3n Diferencial, Ingenier\u00eda en Inform\u00e1tica y en las pedagog\u00edas en Educaci\u00f3n B\u00e1sica, Ingl\u00e9s, Historia y Geograf\u00eda, Castellano y Matem\u00e1tica y Computaci\u00f3n. Adem\u00e1s, el Instituto Tecnol\u00f3gico Universidad de Playa Ancha Ignacio Domeyko certific\u00f3 a una alumna como Asistente Jur\u00eddico.<\/p>\n<p>La primera de estas ceremonias estuvo liderada por el<strong> rector de la Universidad de Playa Ancha, Patricio Sanhueza Vivanco<\/strong>, en tanto que el<strong> secretario general Jorge S\u00e1nchez <\/strong>fue el encargado de tomar el juramento a los nuevos profesionales. A nombre de los titulados agradecieron <strong>Giselle Morales Baeza<\/strong>, de Educaci\u00f3n Parvularia y <strong>Lizka Mu\u00f1oz Ibaceta<\/strong>, de Pedagog\u00eda en Castellano.<\/p>\n<p>En ambas ceremonias se entreg\u00f3 distinciones a los mejores egresados de cada una de las carreras.<\/p>\n<p>El <strong>vicerrector del Campus San Felipe, Oscar Valenzuela V\u00e1squez<\/strong>, inst\u00f3 a los nuevos profesionales a demostrar en su vida laboral los valores personales y las competencias adquiridas durante su proceso de formaci\u00f3n en la Universidad de Playa Ancha.<\/p>\n<p>\u201cDesde que estos j\u00f3venes ingresaron a primer a\u00f1o en sus respectivas carreras, sus profesores se esmeraron en forjar en ellos los valores de esta Casa de Estudios, as\u00ed como el desarrollo de las competencias profesionales que les permitir\u00e1n enfrentar el mundo laboral. Como caracter\u00edsticas fundamentales de los profesionales del siglo XXI, estos valores fomentan la protecci\u00f3n de la dignidad de las personas sin exclusiones de ninguna \u00edndole; la libertad y la integridad de los ciudadanos y ciudadanas\u201d, explic\u00f3 el vicerrector.<\/p>\n<p>Agregando que la instituci\u00f3n promueve adem\u00e1s, la formaci\u00f3n de un profesional capaz de integrarse en el mundo laboral a partir de los valores del bien com\u00fan y la equidad social, el desarrollo sostenible y el respeto al medioambiente y sus recursos; la sociabilidad y solidaridad para la convivencia con la comunidad regional, nacional e internacional; la aceptaci\u00f3n y aprecio de la diversidad como caracter\u00edstica propia de los tiempos actuales; y el fortalecimiento de la ciudadan\u00eda, la democracia y la participaci\u00f3n responsable.<\/p>\n<p><a href=\"http:\/\/sitios.upla.cl\/contenidos\/wp-content\/uploads\/2012\/01\/Autoridades.jpg\"><img loading=\"lazy\" decoding=\"async\" class=\"alignright size-medium wp-image-30731\" title=\"Autoridades\" src=\"http:\/\/sitios.upla.cl\/contenidos\/wp-content\/uploads\/2012\/01\/Autoridades-280x185.jpg\" alt=\"\" width=\"280\" height=\"185\" \/><\/a>El <strong>rector Patricio Sanhueza Vivanco<\/strong> dijo que la mayor\u00eda de los profesionales pertenecen a un \u00e1rea de inter\u00e9s nacional como es la educaci\u00f3n y en ese sentido \u201cnuestra universidad est\u00e1 muy bien posicionada nacionalmente en la formaci\u00f3n de profesores; por lo tanto se incorporan al mundo del trabajo personas que van a hacer una intervenci\u00f3n efectiva en el mejoramiento de los niveles de aprendizaje de la ense\u00f1anza b\u00e1sica, media y parvularia, sin perjuicio de otras profesiones que tambi\u00e9n impartimos\u201d.<\/p>\n<p>Adem\u00e1s explic\u00f3 que la instituci\u00f3n desarrolla un proceso de innovaci\u00f3n curricular que se aplicar\u00e1 este a\u00f1o en algunas carreras, pero que el 2013 debiera aplicarse al conjunto de las carreras del Campus San Felipe, en un trabajo que ha sido asistido y asesorado internacionalmente.<\/p>\n<p>Las pr\u00f3ximas ceremonias de titulaci\u00f3n se realizar\u00e1n en la sede Valpara\u00edso el 20 de enero para los programas de postgrado y entre el 24 y el 27 para los egresados de las carreras de pregrado, vespertinas, t\u00e9cnicas y a distancia.<\/p>\n","protected":false},"excerpt":{"rendered":"<p>Las pr\u00f3ximas ceremonias de titulaci\u00f3n se realizar\u00e1n en la sede Valpara\u00edso el 20 de enero para los programas de postgrado y entre el 24 y el 27 para los egresados de las carreras de pregrado, vespertinas, t\u00e9cnicas y a distancia. <\/p>\n","protected":false},"author":2,"featured_media":0,"comment_status":"closed","ping_status":"closed","sticky":false,"template":"","format":"standard","meta":{"footnotes":""},"categories":[51,60,40,634,665],"tags":[],"class_list":["post-30728","post","type-post","status-publish","format-standard","","category-academia","category-campus-san-felipe","category-destacados","category-pedagogia-en-castellano","category-pedagogia-en-ingles"],"_links":{"self":[{"href":"https:\/\/upla.cl\/noticias\/wp-json\/wp\/v2\/posts\/30728","targetHints":{"allow":["GET"]}}],"collection":[{"href":"https:\/\/upla.cl\/noticias\/wp-json\/wp\/v2\/posts"}],"about":[{"href":"https:\/\/upla.cl\/noticias\/wp-json\/wp\/v2\/types\/post"}],"author":[{"embeddable":true,"href":"https:\/\/upla.cl\/noticias\/wp-json\/wp\/v2\/users\/2"}],"replies":[{"embeddable":true,"href":"https:\/\/upla.cl\/noticias\/wp-json\/wp\/v2\/comments?post=30728"}],"version-history":[{"count":0,"href":"https:\/\/upla.cl\/noticias\/wp-json\/wp\/v2\/posts\/30728\/revisions"}],"wp:attachment":[{"href":"https:\/\/upla.cl\/noticias\/wp-json\/wp\/v2\/media?parent=30728"}],"wp:term":[{"taxonomy":"category","embeddable":true,"href":"https:\/\/upla.cl\/noticias\/wp-json\/wp\/v2\/categories?post=30728"},{"taxonomy":"post_tag","embeddable":true,"href":"https:\/\/upla.cl\/noticias\/wp-json\/wp\/v2\/tags?post=30728"}],"curies":[{"name":"wp","href":"https:\/\/api.w.org\/{rel}","templated":true}]}}