{"id":39749,"date":"2012-09-03T09:20:43","date_gmt":"2012-09-03T13:20:43","guid":{"rendered":"http:\/\/sitios.upla.cl\/contenidos\/?p=39749"},"modified":"2025-10-31T01:45:09","modified_gmt":"2025-10-31T04:45:09","slug":"alto-interes-genero-primer-torneo-de-mapas-conceptuales","status":"publish","type":"post","link":"https:\/\/upla.cl\/noticias\/2012\/09\/03\/alto-interes-genero-primer-torneo-de-mapas-conceptuales\/","title":{"rendered":"Alto inter\u00e9s gener\u00f3 Primer Torneo de Mapas Conceptuales"},"content":{"rendered":"<p>C<img loading=\"lazy\" decoding=\"async\" class=\"alignright size-medium wp-image-39762\" title=\"tORNEOS1\" src=\"http:\/\/sitios.upla.cl\/contenidos\/wp-content\/uploads\/2012\/08\/tORNEOS1-300x230.jpg\" alt=\"\" width=\"300\" height=\"230\" \/>uatro ganadores (uno por curso) arroj\u00f3\u00a0 el <strong>Primer Torneo de Mapas Conceptuales<\/strong> que se realiz\u00f3 en la <strong>Universidad de Playa Ancha<\/strong> y en el cual participaron m\u00e1s de 30 estudiantes de Ense\u00f1anza Media de siete establecimientos educacionales de <strong>Valpara\u00edso, Vi\u00f1a del Mar, San Felipe y Catemu.<\/strong><\/p>\n<p><strong>Miguel Corval\u00e1n, coordinador de la carrera de Pedagog\u00eda en F\u00edsica\u00a0 de la UPLA <\/strong>destac\u00f3 que a trav\u00e9s de este torneo, la <strong>Universidad de Playa Ancha<\/strong> busca vincularse con el medio, para lo cual convoc\u00f3 a estudiantes de Ense\u00f1anza Media de toda la regi\u00f3n a fin de medir los aprendizajes de los distintos conceptos que se ense\u00f1an en f\u00edsica, de Primero a Cuarto A\u00f1o Medio. \u201cPara nosotros\u00a0 como universidad es muy interesante\u00a0 convocar a este torneo, pues es una forma de abrir las puertas de nuestra instituci\u00f3n. Aqu\u00ed, los j\u00f3venes tienen la posibilidad de conocer y experimentar en nuestros laboratorios, lo que es muy valioso para ellos, pues hay liceos que no cuentan con la posibilidad de aplicar lo que reciben te\u00f3ricamente\u201d, sostuvo el acad\u00e9mico.<\/p>\n<p><img loading=\"lazy\" decoding=\"async\" class=\"alignleft size-medium wp-image-39763\" title=\"tORNEOS2\" src=\"http:\/\/sitios.upla.cl\/contenidos\/wp-content\/uploads\/2012\/08\/tORNEOS2-300x170.jpg\" alt=\"\" width=\"300\" height=\"170\" \/>Agreg\u00f3 que los profesores de cada curso tambi\u00e9n recibieron capacitaci\u00f3n para que trabajen en ellos mismos con sus alumnos, lo que result\u00f3 muy atractivo para los propios profesores. El mismo entusiasmo demostraron los estudiantes de la universidad que participan en este torneo, muchos de los cuales pertenecen a las VISE\u00a0 o son egresados.<\/p>\n<p>Una vez que los j\u00f3venes entregaron sus mapas conceptuales, fueron debidamente revisados por acad\u00e9micos de nuestra instituci\u00f3n. Mientras llegaron los resultados, los estudiantes recorrieron los distintos laboratorios que tiene la universidad.<\/p>\n<p>La jornada termin\u00f3 con la premiaci\u00f3n de los ganadores, a los que se clasific\u00f3 seg\u00fan el curso.<\/p>\n<p><strong>RESULTADOS POR CURSO\u00a0<\/strong><\/p>\n<p><strong>1\u00ba A\u00d1O\u00a0\u00a0 MEDIO<\/strong><\/p>\n<p>\u00a0\u00a0\u00a0\u00a0\u00a0 1\u00ba\u00a0 LUGAR:\u00a0\u00a0\u00a0 Ver\u00f3nica Abigail G.\u00a0\u00a0\u00a0 Colegio Paula Vivanco (Limache)<\/p>\n<p>\u00a0\u00a0\u00a0\u00a0\u00a0 2\u00ba\u00a0 LUGAR:\u00a0\u00a0\u00a0 Daniel Astudillo P.\u00a0\u00a0\u00a0\u00a0\u00a0 Colegio Paula Vivanco (Limache)<\/p>\n<p>\u00a0\u00a0\u00a0\u00a0\u00a0 3\u00ba\u00a0 LUGAR\u00a0\u00a0\u00a0\u00a0 Daniela Morales\u00a0\u00a0\u00a0\u00a0\u00a0\u00a0\u00a0\u00a0\u00a0\u00a0 Colegio Inmaculada de Lourdes<\/p>\n<p><strong>2\u00ba A\u00d1O\u00a0 MEDIO<\/strong><\/p>\n<p>\u00a0\u00a0\u00a0\u00a0\u00a0 1\u00ba\u00a0 LUGAR:\u00a0\u00a0\u00a0 Patricio Romero M.\u00a0\u00a0\u00a0\u00a0\u00a0 Colegio Inmaculada de Lourdes<\/p>\n<p>\u00a0\u00a0\u00a0\u00a0\u00a0 2\u00ba\u00a0 LUGAR:\u00a0\u00a0\u00a0 Mar\u00eda Paz\u00a0 Sepulveda\u00a0\u00a0 Colegio Inmaculada de Lourdes<\/p>\n<p>\u00a0\u00a0\u00a0\u00a0\u00a0 3\u00ba\u00a0 LUGAR\u00a0\u00a0\u00a0\u00a0 Diego\u00a0 Johnson S\u00a0\u00a0\u00a0\u00a0\u00a0\u00a0\u00a0\u00a0\u00a0 Colegio Internacional Valpara\u00edso<\/p>\n<p><strong>3\u00ba A\u00d1O\u00a0 MEDIO<\/strong><\/p>\n<p>\u00a0\u00a0\u00a0\u00a0\u00a0 1\u00ba\u00a0 LUGAR:\u00a0\u00a0\u00a0 Jos\u00e9 Turra\u00a0\u00a0\u00a0\u00a0\u00a0\u00a0\u00a0\u00a0\u00a0\u00a0\u00a0\u00a0\u00a0\u00a0\u00a0\u00a0\u00a0\u00a0\u00a0 Colegio Guardiamarina Riquelme<\/p>\n<p>\u00a0\u00a0\u00a0\u00a0\u00a0 2\u00ba\u00a0 LUGAR:\u00a0\u00a0\u00a0 Pamela Covarrubias\u00a0\u00a0\u00a0\u00a0 Colegio\u00a0 Guardiamarina Riquelme<\/p>\n<p>\u00a0\u00a0\u00a0\u00a0\u00a0 3\u00ba\u00a0 LUGAR\u00a0\u00a0\u00a0\u00a0 Jos\u00e9 J\u00edmenez\u00a0\u00a0\u00a0\u00a0\u00a0\u00a0\u00a0\u00a0\u00a0\u00a0\u00a0\u00a0\u00a0\u00a0\u00a0\u00a0 Liceo Chagres<\/p>\n<p><strong>4\u00ba A\u00d1O\u00a0 MEDIO<\/strong><\/p>\n<p>\u00a0\u00a0\u00a0\u00a0\u00a0 1\u00ba\u00a0 LUGAR:\u00a0\u00a0\u00a0 Crist\u00f3bal Campos\u00a0\u00a0\u00a0\u00a0\u00a0\u00a0 Colegio Guardiamarina Riquelme<\/p>\n<p>\u00a0\u00a0\u00a0\u00a0\u00a0 2\u00ba\u00a0 LUGAR:\u00a0\u00a0\u00a0 Javier Salgado\u00a0\u00a0\u00a0\u00a0\u00a0\u00a0\u00a0\u00a0\u00a0\u00a0\u00a0\u00a0 Colegio Guardiamarina Riquelme<\/p>\n<p>\u00a0\u00a0\u00a0\u00a0\u00a0 3\u00ba\u00a0 LUGAR\u00a0\u00a0\u00a0\u00a0 Joshua Pe\u00f1a\u00a0\u00a0\u00a0\u00a0\u00a0\u00a0\u00a0\u00a0\u00a0\u00a0\u00a0\u00a0\u00a0\u00a0\u00a0\u00a0 Liceo Coeduacional La Igualdad<br \/>\n<strong><\/strong><\/p>\n<p><strong>OPINIONES<\/strong><\/p>\n<p><strong><img loading=\"lazy\" decoding=\"async\" class=\"alignleft size-thumbnail wp-image-39818\" title=\"Joshea Pe\u00f1a\" src=\"http:\/\/sitios.upla.cl\/contenidos\/wp-content\/uploads\/2012\/09\/Joshuea-Pe\u00f1a-52x70.jpg\" alt=\"\" width=\"52\" height=\"70\" \/>Joshua Pe\u00f1a Lagos, 17 a\u00f1os, Liceo Coeducacional La igualdad, 4\u00ba Medio:<\/strong> \u201cEsta experiencia es bastante interesante y enriquecedora, porque nos ha permitido conocer distintos laboratorios que tiene la UPLA y aprender practicando, lo que es muy interesante, porque personalmente me gustar\u00eda estudiar Pedagog\u00eda en F\u00edsica\u201d.<\/p>\n<p><strong><img loading=\"lazy\" decoding=\"async\" class=\"alignleft size-thumbnail wp-image-39817\" title=\"Christopher Silva\" src=\"http:\/\/sitios.upla.cl\/contenidos\/wp-content\/uploads\/2012\/09\/Christopher-Silva-52x70.jpg\" alt=\"\" width=\"52\" height=\"70\" \/>Christopher Silva, 16 a\u00f1os, 3\u00ba Medio, Liceo Chagres de San Felipe:<\/strong> \u201cVenir a la Universidad de Playa Ancha ha sido muy positivo en todos los aspectos, porque es una oportunidad para conocer las instalaciones de la universidad y, especialmente, los laboratorios. Adem\u00e1s, las explicaciones que nos han dado han sido claras y nosotros estamos haciendo los experimentos\u201d.<\/p>\n<p><strong><img loading=\"lazy\" decoding=\"async\" class=\"alignleft size-thumbnail wp-image-39819\" title=\"Karen Medina\" src=\"http:\/\/sitios.upla.cl\/contenidos\/wp-content\/uploads\/2012\/09\/Profesora-52x70.jpg\" alt=\"\" width=\"52\" height=\"70\" \/>Karen Valenzuela, profesora Colegio Guardia Marina Riquelme:<\/strong> \u00abRealmente me siento muy orgullosa de regresar a la <strong>UPLA<\/strong> como profesora, porque veo el gran inter\u00e9s que despierta en los ni\u00f1os venir y conocer los laboratorios de F\u00efsica y Qu\u00edmica. Para m\u00ed es un gran orgullo que la universidad abra sus puertas y le d\u00e9 la oportunidad a los estudiantes de Ense\u00f1anza;Media visitar las salas y laboratorios. Estoy muy contenta\u00bb.<\/p>\n","protected":false},"excerpt":{"rendered":"<p>M\u00e1s de 30 estudiantes de Ense\u00f1anza Media de siete establecimientos educacionales de Valpara\u00edso, Vi\u00f1a del Mar, San Felipe y Catemu, protagonizaron la jornada.<\/p>\n","protected":false},"author":3,"featured_media":0,"comment_status":"closed","ping_status":"closed","sticky":false,"template":"","format":"standard","meta":{"footnotes":""},"categories":[51,40,725,91],"tags":[],"class_list":["post-39749","post","type-post","status-publish","format-standard","","category-academia","category-destacados","category-pedagogia-en-educacion-fisica","category-vinculacion-con-el-medio"],"_links":{"self":[{"href":"https:\/\/upla.cl\/noticias\/wp-json\/wp\/v2\/posts\/39749","targetHints":{"allow":["GET"]}}],"collection":[{"href":"https:\/\/upla.cl\/noticias\/wp-json\/wp\/v2\/posts"}],"about":[{"href":"https:\/\/upla.cl\/noticias\/wp-json\/wp\/v2\/types\/post"}],"author":[{"embeddable":true,"href":"https:\/\/upla.cl\/noticias\/wp-json\/wp\/v2\/users\/3"}],"replies":[{"embeddable":true,"href":"https:\/\/upla.cl\/noticias\/wp-json\/wp\/v2\/comments?post=39749"}],"version-history":[{"count":0,"href":"https:\/\/upla.cl\/noticias\/wp-json\/wp\/v2\/posts\/39749\/revisions"}],"wp:attachment":[{"href":"https:\/\/upla.cl\/noticias\/wp-json\/wp\/v2\/media?parent=39749"}],"wp:term":[{"taxonomy":"category","embeddable":true,"href":"https:\/\/upla.cl\/noticias\/wp-json\/wp\/v2\/categories?post=39749"},{"taxonomy":"post_tag","embeddable":true,"href":"https:\/\/upla.cl\/noticias\/wp-json\/wp\/v2\/tags?post=39749"}],"curies":[{"name":"wp","href":"https:\/\/api.w.org\/{rel}","templated":true}]}}