{"id":39824,"date":"2012-09-03T09:53:27","date_gmt":"2012-09-03T13:53:27","guid":{"rendered":"http:\/\/sitios.upla.cl\/contenidos\/?p=39824"},"modified":"2014-01-07T11:18:16","modified_gmt":"2014-01-07T15:18:16","slug":"carrera-de-periodismo-upla-realizo-conferencia-sobre-la-relevancia-del-pensamiento-critico","status":"publish","type":"post","link":"https:\/\/upla.cl\/noticias\/2012\/09\/03\/carrera-de-periodismo-upla-realizo-conferencia-sobre-la-relevancia-del-pensamiento-critico\/","title":{"rendered":"Periodismo UPLA realiz\u00f3 conferencia sobre la relevancia del pensamiento cr\u00edtico"},"content":{"rendered":"<p><img loading=\"lazy\" decoding=\"async\" class=\"alignleft size-medium wp-image-39826\" title=\"pensamiento_critico_2\" src=\"http:\/\/sitios.upla.cl\/contenidos\/wp-content\/uploads\/2012\/09\/pensamiento_critico_21-300x140.jpg\" alt=\"\" width=\"300\" height=\"140\" \/>La Carrera de Periodismo de la <strong>UPLA<\/strong> present\u00f3 la conferencia titulada <strong>\u201cRelevancia del Pensamiento Cr\u00edtico en la Formaci\u00f3n Universitaria\u201d<\/strong> que cont\u00f3 con las exposiciones del <strong>soci\u00f3logo y profesor de la Universidad de Chile, Alberto Mayol, del f\u00edsico y Mag\u00edster en Gesti\u00f3n de Pol\u00edticas Nacionales, Paddy Ahumada, y fil\u00f3sofo experto en \u00e9tica Jos\u00e9 Miguel Vera<\/strong>. La actividad se realiz\u00f3 en el marco de la conmemoraci\u00f3n de los 20 a\u00f1os de la Carrera de Periodismo, y\u00a0 estuvo presidida\u00a0 por la<strong> Prorrectora Carmen Ib\u00e1\u00f1ez<\/strong>.<\/p>\n<p><strong>Jos\u00e9 Miguel Vera<\/strong> dio inicio a la charla con una ponencia donde describi\u00f3\u00a0 el concepto de \u201crealidad virtual\u201d,\u00a0 relacion\u00e1ndolo con\u00a0 las implicancias que tienen las nuevas tecnolog\u00edas en la articulaci\u00f3n de conductas artificiales que tiene por finalidad la mantenci\u00f3n\u00a0 del sistema neo liberal. Adem\u00e1s agreg\u00f3, que el sistema tecnol\u00f3gico que tiene la sociedad actual, muchas veces induce a la conformaci\u00f3n de h\u00e1bitos\u00a0 enormemente peligrosos. \u201cLa virtualidad es el elemento fundamental del actual sistema, siendo esto sumamente peligroso. Este sistema\u00a0 nos induce conductas que\u00a0 son causadas por el sistema tecnol\u00f3gico que nos rige\u201d dijo.<\/p>\n<p><strong>Paddy Ahumada<\/strong> hizo un profundo recorrido en la historia del pensamiento racionalista, recalcando la validez de sus aciertos y la importancia de repensar las leyes que han sido postuladas hasta ahora. \u201cEstamos insertos en una l\u00f3gica de pensamiento cient\u00edfico bajo realidades que empiezan a transformarse profundamente\u201d agreg\u00f3. Ahumada repas\u00f3 adem\u00e1s las bases del pensamiento complejo, donde explic\u00f3 que para dicho paradigma no existe orden en el universo, sino solamente caos e incertidumbre con m\u00faltiples realidades complejas.<\/p>\n<p>Finalmente el destacado <strong>soci\u00f3logo Alberto Mayol<\/strong>, autor de los libros <strong>\u201cEl Derrumbe del Modelo\u201d y \u201cNo al lucro\u201d,<\/strong> comenz\u00f3 su ponencia destacando que la idea de \u201craz\u00f3n\u201d es un concepto que va aparejado a la noci\u00f3n de \u201cl\u00edmite\u201d, lo que implica que el juicio racional nos lleve a repensar los conceptos de pol\u00edtica y poder.\u00a0 Adem\u00e1s distingui\u00f3\u00a0 la importancia de la teor\u00eda cr\u00edtica como una herramienta de an\u00e1lisis que se cuestiona las l\u00f3gicas dadas y la universalidad del pensamiento. \u201cEn el <strong>Chile<\/strong> actual, el ejercicio cr\u00edtico tiene que ver con el ejercicio de recuperar y de disolver los l\u00edmites del territorio\u201d agreg\u00f3. El soci\u00f3logo concluy\u00f3 su presentaci\u00f3n mencionando la importancia que hab\u00eda tenido el movimiento estudiantil en el a\u00f1o 2011.<\/p>\n","protected":false},"excerpt":{"rendered":"<p>La actividad  se hizo en el marco de la conmemoraci\u00f3n de sus 20 a\u00f1os, y cont\u00f3 con  la participaci\u00f3n de destacados especialistas de las ciencias sociales. <\/p>\n","protected":false},"author":3,"featured_media":0,"comment_status":"closed","ping_status":"closed","sticky":false,"template":"","format":"standard","meta":{"footnotes":""},"categories":[51,40,76,91],"tags":[],"class_list":["post-39824","post","type-post","status-publish","format-standard","","category-academia","category-destacados","category-facultad-de-ciencias-sociales","category-vinculacion-con-el-medio"],"_links":{"self":[{"href":"https:\/\/upla.cl\/noticias\/wp-json\/wp\/v2\/posts\/39824","targetHints":{"allow":["GET"]}}],"collection":[{"href":"https:\/\/upla.cl\/noticias\/wp-json\/wp\/v2\/posts"}],"about":[{"href":"https:\/\/upla.cl\/noticias\/wp-json\/wp\/v2\/types\/post"}],"author":[{"embeddable":true,"href":"https:\/\/upla.cl\/noticias\/wp-json\/wp\/v2\/users\/3"}],"replies":[{"embeddable":true,"href":"https:\/\/upla.cl\/noticias\/wp-json\/wp\/v2\/comments?post=39824"}],"version-history":[{"count":0,"href":"https:\/\/upla.cl\/noticias\/wp-json\/wp\/v2\/posts\/39824\/revisions"}],"wp:attachment":[{"href":"https:\/\/upla.cl\/noticias\/wp-json\/wp\/v2\/media?parent=39824"}],"wp:term":[{"taxonomy":"category","embeddable":true,"href":"https:\/\/upla.cl\/noticias\/wp-json\/wp\/v2\/categories?post=39824"},{"taxonomy":"post_tag","embeddable":true,"href":"https:\/\/upla.cl\/noticias\/wp-json\/wp\/v2\/tags?post=39824"}],"curies":[{"name":"wp","href":"https:\/\/api.w.org\/{rel}","templated":true}]}}