{"id":53450,"date":"2013-09-15T16:37:18","date_gmt":"2013-09-15T20:37:18","guid":{"rendered":"http:\/\/sitios.upla.cl\/contenidos\/?p=53450"},"modified":"2014-03-06T09:51:36","modified_gmt":"2014-03-06T13:51:36","slug":"academico-upla-analiza-destino-de-las-tradiciones-chilenas","status":"publish","type":"post","link":"https:\/\/upla.cl\/noticias\/2013\/09\/15\/academico-upla-analiza-destino-de-las-tradiciones-chilenas\/","title":{"rendered":"Acad\u00e9mico UPLA analiza destino de las tradiciones chilenas"},"content":{"rendered":"<p><a href=\"https:\/\/www.upla.cl\/noticias\/wp-content\/uploads\/2013\/09\/Carlos-Nu\u00f1ez_arte.jpg\"><img loading=\"lazy\" decoding=\"async\" class=\"alignright size-medium wp-image-60213\" alt=\"Carlos Nu\u00f1ez_arte\" src=\"https:\/\/www.upla.cl\/noticias\/wp-content\/uploads\/2013\/09\/Carlos-Nu\u00f1ez_arte-214x300.jpg\" width=\"214\" height=\"300\" srcset=\"https:\/\/upla.cl\/noticias\/wp-content\/uploads\/2013\/09\/Carlos-Nu\u00f1ez_arte-214x300.jpg 214w, https:\/\/upla.cl\/noticias\/wp-content\/uploads\/2013\/09\/Carlos-Nu\u00f1ez_arte.jpg 458w\" sizes=\"auto, (max-width: 214px) 100vw, 214px\" \/><\/a>Cuando nos aprestamos a celebrar un nuevo 18 de septiembre, comer unas ricas empanadas, unos cuantos choripanes y disfrutar uno o varios asados familiares, el <strong>acad\u00e9mico de folclore de la c\u00e1tedra de Educaci\u00f3n Musical de la Facultad de Arte de la Universidad de Playa Ancha e integrante del grupo humor\u00edstico Pujillay,<\/strong> <strong>Carlos N\u00fa\u00f1ez Salinas<\/strong>, analiza la realidad de las tradiciones y costumbres que se han mantenido y perdido en estos m\u00e1s de 200 a\u00f1os de vida republicana.<\/p>\n<p>En su an\u00e1lisis, el acad\u00e9mico UPLA separa lo rural y lo urbano. Destaca las manifestaciones culturales de los campos chilenos que se mantienen a pesar de la globalizaci\u00f3n y ve con preocupaci\u00f3n las costumbres urbanas que han sido reemplazadas por los juegos tecnol\u00f3gicos y por el poco tiempo que los padres dedican a los hijos, lo que impide traspasar las tradiciones aprendidas de nuestros antepasados.<\/p>\n<p>\u201cHay celebraciones hermosas y celebraciones emotivas. Recuerdo que las mejores celebraciones las he pasado en familia: perd\u00ed a mi padre a los 15 a\u00f1os y a mi madre a los 20, de ellos saqu\u00e9 lo \u201cchicharra\u201d y, quiz\u00e1s, eso me hace ser un poco distinto. Las fiestas cuando se disfrutan en familia y con los ni\u00f1os son m\u00e1s bonitas y m\u00e1s baratas. Creo que ese es mi consejo para los porte\u00f1os y para todos los chilenos\u201d.<\/p>\n<p><strong>LO URBANO Y LO RURAL<\/strong><\/p>\n<p><strong>-\u00bfC\u00f3mo se celebran las Fiesta Patrias en nuestro pa\u00eds?<\/strong><\/p>\n<p>\u201cDebemos tener en claro dos cosas: en el \u00e1mbito rural se celebra de forma distinta a lo que es la urbana. En el plano rural se siguen manteniendo tradiciones muy antiguas como las carreras a la chilena, el palo encebado, el chancho encebado, agarrar el pato o el pavo, la papaya, el lanzamiento del lazo. En la ciudad se mantiene el juego del volant\u00edn, el trompo.<\/p>\n<p>Las tradiciones son un tipo de cultura y la cultura es din\u00e1mica. Hay cosas que han ido cambiando, pero la esencia no se pierde. Una de las caracter\u00edsticas del folclore es la funcionalidad, en esta \u00e9poca surge el sentido festivo y l\u00fadico, y mientras haya ni\u00f1os no se va a perder. Es una manera de ser de un tipo de personas que tienen costumbres, manera de ser distintas, cantos y variantes de bailes\u201d.<\/p>\n<p><strong>-\u00bfQu\u00e9 juegos se han perdido?<\/strong><\/p>\n<p>\u201cEn cierta medida el luche, la capacha, las rondas infantiles, el corre el anillo y gradualmente el trompo tambi\u00e9n ha ido desapareciendo. El caza mosca ya no se practica (grupo de ni\u00f1os de la mano que deben evitar que otros lo crucen). Por eso uno ve que hay ni\u00f1os cada vez m\u00e1s lerdos y que le es m\u00e1s c\u00f3modo jugar en el computador, con el playstation, lo que no permite desarrollar el equilibrio y la destreza con las manos. Esa es la diferencia entre los peque\u00f1os del campo y la ciudad, ya que al estar m\u00e1s separado del mundanal ruido se conservan m\u00e1s\u201d.<\/p>\n<p><strong>-\u00bfPor qu\u00e9 se han ido perdiendo estos juegos?<\/strong><\/p>\n<p>\u201cPrincipalmente porque la cultura chilena es muy dada a mirar hacia el exterior. Como cultura hemos dejado muchas cosas de lado y porque se ha estereotipado el folclore y se ha acu\u00f1ado un mal concepto de \u00e9l. Normalmente se habla de folclore cuando una persona es muy grosera o hay una casa que se est\u00e1 cayendo. En esos casos decimos \u201c\u00a1que folcl\u00f3rico para hablar\u201d o \u201cque folcl\u00f3rica la casa!. Es decir, todo lo malo y pintoresco es folcl\u00f3rico y eso se va heredando. Existe una lucha constante entre la globalizaci\u00f3n y lo tradicional y por eso las costumbres y tradiciones se han perdido\u201d.<\/p>\n<p><strong>-Esta realidad que describe \u00bfse podr\u00eda generalizar?<\/strong><\/p>\n<p>\u201cNo, porque, por ejemplo, es muy valorable el rol de los clubes de cueca, ya que ellos no solo ense\u00f1an a bailar, sino que tambi\u00e9n fomentan nuestra cultura nacional. Pero \u00bfqu\u00e9 pasa con los otros j\u00f3venes y ni\u00f1os que no forman parte de estos clubes?, esa la pregunta. Nuestra sociedad tiene mucho de culpa, porque ha privilegiado lo extranjero y desconocen el real significado de folclore que, en estricto rigor, es el saber tradicional de un pueblo (folk: pueblo, lore: saber)\u201d.<\/p>\n<p><strong><a href=\"https:\/\/www.upla.cl\/noticias\/wp-content\/uploads\/2013\/09\/bailes.jpg\"><img loading=\"lazy\" decoding=\"async\" class=\"alignright size-medium wp-image-60214\" alt=\"bailes\" src=\"https:\/\/www.upla.cl\/noticias\/wp-content\/uploads\/2013\/09\/bailes-300x225.jpg\" width=\"300\" height=\"225\" srcset=\"https:\/\/upla.cl\/noticias\/wp-content\/uploads\/2013\/09\/bailes-300x225.jpg 300w, https:\/\/upla.cl\/noticias\/wp-content\/uploads\/2013\/09\/bailes-600x450.jpg 600w, https:\/\/upla.cl\/noticias\/wp-content\/uploads\/2013\/09\/bailes.jpg 640w\" sizes=\"auto, (max-width: 300px) 100vw, 300px\" \/><\/a>-\u00bfLos chilenos nos acercamos al folclore solo en esta fecha?<\/strong><\/p>\n<p>\u201cAqu\u00ed quiero hacer una aclaraci\u00f3n y decir que las comunidades folcl\u00f3ricas est\u00e1n todo el a\u00f1o realizando actividades, porque es su forma de ser. Somos nosotros, los de la ciudad que nos preocupamos y nos aflora el patriotismo solo en estas fechas. Ahora debemos agradecer que haya profesionales de la educaci\u00f3n que est\u00e1n todo el a\u00f1o inculcando las manifestaciones folcl\u00f3ricas. Es verdad que nos colocamos chilenos y nos nace la chilenidad en la semana del \u201c18\u201d. Pero muchas comunidades en el campo siguen manteniendo estas tradiciones. Ac\u00e1 nosotros comemos empanadas preferentemente en septiembre, pero las comunidades rurales lo hacen siempre y est\u00e1n siempre celebrando. Incluso, lo hacen cuando se celebra alguna festividad religiosa, las cosechas y las vendimias. Nosotros miramos en menos otras culturas, pero tenemos menos apego a nuestras costumbres que esos pa\u00edses. Nos creemos los ingleses de Am\u00e9rica, pero como identidad chilena no estamos claros\u201d.<\/p>\n<p><strong>-A su juicio \u00bfqu\u00e9 es lo t\u00edpicamente chileno?<\/strong><\/p>\n<p>\u201cTodas las cosas son chilenas, porque han pasado el proceso de folclorizaci\u00f3n. Cosas que llegaron de fuera ya no son lo mismo, como por ejemplo, la cumbia que se baila en las ramadas, ya no es la misma que se baila en Colombia. Eso refleja que este baile adquiri\u00f3 una identidad propia del chileno. Si colocas una pareja chilena y otra colombiana te das cuenta de inmediato cual es la pareja de Chile, porque hay una identificaci\u00f3n, lo mismo pasa con las empanadas\u201d.<\/p>\n<p><strong>QU\u00c9 NOS CARACTERIZA<\/strong><\/p>\n<p><strong>-\u00bfC\u00f3mo definir\u00eda al chileno de Fiestas Patrias?<\/strong><\/p>\n<p>\u201cM\u00e1s que al chileno de estas fechas, creo que el chileno en s\u00ed es p\u00edcaro y se manifiesta en la manera de hablar. Por ejemplo, en las adivinanzas: \u201cLo meto seco y lo saco mojado\u201d, el tallar\u00edn; \u201cque gusto le da a la novia cuando el novio se lo mete\u201d, el anillo. Te das cuenta que la maldad est\u00e1 en ti y ah\u00ed se demuestra la picard\u00eda. Hay otros m\u00e1s suaves como norte claro sur oscuro, ag\u00fcacero seguro. Cada persona tiene la talla y la picard\u00eda a flor de piel y se da en ambos g\u00e9neros. El chileno es una persona alegre, p\u00edcara, le gusta la talla. Ahhh tambi\u00e9n est\u00e1 el \u201cm\u00e1s que\u201d\u2026 tiene m\u00e1s guata que cordel de ropa o estay m\u00e1s \u201cdoblao\u201d que carta de amante. Eso es innato en los chilenos y en las chilenas\u201d.<\/p>\n<p><strong>-En cuanto a la cueca, da la impresi\u00f3n que las mujeres son quienes m\u00e1s la bailan\u2026<\/strong><\/p>\n<p>\u201cEso pasa porque el hombre es m\u00e1s t\u00edmido que la mujer. Al hombre le da verg\u00fcenza bailar cueca. Es una tranca cultural y pasa porque la cueca es una danza en pareja, de la familia de las amatorias. No se puede ense\u00f1ar la cueca a un ni\u00f1o que est\u00e9 en prekinder o cuarto b\u00e1sico, porque todav\u00eda no entiende que es un baile de a dos. Una vez que el ni\u00f1o sepa esa diferencia, reci\u00e9n se puede introducir al baile nacional. Ah\u00ed est\u00e1 la tranca de los hombres, porque al no saber, no bailan y, m\u00e1s encima, los educadores los amenazan con ponerle malas notas si no bailan. Esto tiene que fluir y se debe disfrutar la danza, no debes obligar a bailar\u201d.<\/p>\n<p><strong>-Alg\u00fan consejo para celebrar este \u201c18\u201d<\/strong><\/p>\n<p>\u201cPrimero que todo, que disfruten y miren hacia atr\u00e1s y celebren en familia. Que se acuerden cuando eran ni\u00f1os y c\u00f3mo nuestros padres no motivaban a hacer volantines, a jugar al trompo. En el fondo, es darse un tiempo para practicar con nuestros hijos lo que practic\u00e1bamos cuando ni\u00f1os. Hoy, los padres no se dan el tiempo para estar con los hijos y ese el gran pecado que cometemos y, cuando queremos recuperar lo perdido, ya pas\u00f3 \u201cla vieja\u201d. Creo que eso es fundamental y pasa con los juegos, tradiciones y tambi\u00e9n en la vida. Si no recuperamos esas pr\u00e1cticas, nuestros hijos tampoco podr\u00e1n transmitir nuestras costumbres, tradiciones y juegos a sus hijos\u201d.<\/p>\n","protected":false},"excerpt":{"rendered":"<p>Carlos N\u00fa\u00f1ez Salinas, profesor de folclore e integrante del grupo porte\u00f1o Pujillay subraya que la tecnolog\u00eda y el poco tiempo que los padres dan a los hijos, son los principales responsables de la p\u00e9rdida de nuestras costumbres. <\/p>\n","protected":false},"author":2,"featured_media":60213,"comment_status":"closed","ping_status":"closed","sticky":false,"template":"","format":"standard","meta":{"footnotes":""},"categories":[41,71],"tags":[],"class_list":["post-53450","post","type-post","status-publish","format-standard","has-post-thumbnail","","category-entrevistas","category-facultad-de-arte"],"_links":{"self":[{"href":"https:\/\/upla.cl\/noticias\/wp-json\/wp\/v2\/posts\/53450","targetHints":{"allow":["GET"]}}],"collection":[{"href":"https:\/\/upla.cl\/noticias\/wp-json\/wp\/v2\/posts"}],"about":[{"href":"https:\/\/upla.cl\/noticias\/wp-json\/wp\/v2\/types\/post"}],"author":[{"embeddable":true,"href":"https:\/\/upla.cl\/noticias\/wp-json\/wp\/v2\/users\/2"}],"replies":[{"embeddable":true,"href":"https:\/\/upla.cl\/noticias\/wp-json\/wp\/v2\/comments?post=53450"}],"version-history":[{"count":0,"href":"https:\/\/upla.cl\/noticias\/wp-json\/wp\/v2\/posts\/53450\/revisions"}],"wp:featuredmedia":[{"embeddable":true,"href":"https:\/\/upla.cl\/noticias\/wp-json\/wp\/v2\/media\/60213"}],"wp:attachment":[{"href":"https:\/\/upla.cl\/noticias\/wp-json\/wp\/v2\/media?parent=53450"}],"wp:term":[{"taxonomy":"category","embeddable":true,"href":"https:\/\/upla.cl\/noticias\/wp-json\/wp\/v2\/categories?post=53450"},{"taxonomy":"post_tag","embeddable":true,"href":"https:\/\/upla.cl\/noticias\/wp-json\/wp\/v2\/tags?post=53450"}],"curies":[{"name":"wp","href":"https:\/\/api.w.org\/{rel}","templated":true}]}}