{"id":62112,"date":"2014-06-10T18:30:51","date_gmt":"2014-06-10T22:30:51","guid":{"rendered":"http:\/\/www.upla.cl\/noticias\/?p=62112"},"modified":"2014-06-18T09:37:21","modified_gmt":"2014-06-18T13:37:21","slug":"comienzan-juegos-deportivos-inclusivos-interuniversitarios","status":"publish","type":"post","link":"https:\/\/upla.cl\/noticias\/2014\/06\/10\/comienzan-juegos-deportivos-inclusivos-interuniversitarios\/","title":{"rendered":"Comienzan juegos deportivos inclusivos interuniversitarios"},"content":{"rendered":"<p><a href=\"https:\/\/www.upla.cl\/noticias\/wp-content\/uploads\/2014\/06\/afiche3.png\"><img loading=\"lazy\" decoding=\"async\" class=\"alignright size-medium wp-image-62113\" src=\"https:\/\/www.upla.cl\/noticias\/wp-content\/uploads\/2014\/06\/afiche3-194x300.png\" alt=\"Afiche Juegos Inclusivos\" width=\"194\" height=\"300\" srcset=\"https:\/\/upla.cl\/noticias\/wp-content\/uploads\/2014\/06\/afiche3-194x300.png 194w, https:\/\/upla.cl\/noticias\/wp-content\/uploads\/2014\/06\/afiche3.png 480w\" sizes=\"auto, (max-width: 194px) 100vw, 194px\" \/><\/a>Compartir, m\u00e1s que competir, ser\u00e1 el objetivo de los <strong>Primeros Juegos Deportivos Inclusivos Interuniversitarios<\/strong>, que este s\u00e1bado comenzar\u00e1n a desarrollarse en la Regi\u00f3n de Valpara\u00edso, con la <strong>Universidad de Playa Ancha<\/strong> como una de las impulsoras y participantes.<\/p>\n<p>La iniciativa es parte del programa \u00abFortalecimiento de las competencias de inclusi\u00f3n universitaria en la Regi\u00f3n de Valpara\u00edso\u00bb, que cuenta con la participaci\u00f3n de tres universidades regionales, adem\u00e1s de la UPLA: Cat\u00f3lica de Valpara\u00edso, Santo Tom\u00e1s y De Valpara\u00edso.<\/p>\n<p>En esta primera versi\u00f3n, los juegos inclusivos abarcar\u00e1n tres disciplinas: futbolito, tenis de mesa y tenis.<\/p>\n<p>Comenzar\u00e1n este s\u00e1bado 14 con el encuentro de futbolito, en el <strong>Polideportivo de la Universidad de Valpara\u00edso<\/strong>, ubicado en Playa Ancha (Av. el Parque 627). Entre las 10 y las 14 horas se enfrentar\u00e1n equipos de las universidades participantes y un equipo constituido por personas sordas.<\/p>\n<p>En agosto se continuar\u00e1 con el tenis de mesa y m\u00e1s adelante, cuando mejoren las condiciones para el deporte al aire libre, se completar\u00e1n los Juegos con la competencia de tenis.<\/p>\n<p><strong>\u00abPARTICIPAR Y DISFRUTAR\u00bb<\/strong><\/p>\n<p>La particularidad de estos juegos es que los equipos participantes son mixtos, con personas en situaci\u00f3n de discapacidad y personas convencionales. En el encuentro de este s\u00e1bado, la UPLA participar\u00e1 con dos equipos convencionales, ya que no cuenta con jugadores de futbolito que presenten alguna discapacidad.<\/p>\n<p>Adem\u00e1s, seg\u00fan explica <strong>Fernanda Ram\u00edrez<\/strong>, coordinadora del Centro de Recursos de Apoyo a la Diversidad de la UPLA, \u00abno es tanto el af\u00e1n competitivo y por eso preferimos llamarlos encuentros deportivos, pues lo que m\u00e1s interesa es participar y disfrutar del momento m\u00e1s que sacar un lugar espec\u00edfico\u00bb.<\/p>\n<p>Claro que, ya que todo deporte es una competencia, habr\u00e1 premios para los participantes (e incluso para el p\u00fablico asistente este s\u00e1bado), pero no ser\u00e1 el objetivo m\u00e1s importante.<\/p>\n<p>En definitiva, el objetivo del programa interuniversitario es fomentar la inclusividad de personas en situaci\u00f3n de discapacidad. Para ello, este a\u00f1o se planea especialmente sensibilizar a toda la comunidad, m\u00e1s all\u00e1 de cada una de las universidades participantes.<\/p>\n<p>El financiamiento para este programa, y el encuentro deportivo en particular, proviene del <strong>Fondo de Desarrollo Institucional<\/strong> (FDI), del <strong>Ministerio de Educaci\u00f3n<\/strong>. Sin embargo, existen planes para extender la actividad m\u00e1s all\u00e1 de este programa puntual, por lo que se espera continuar con los Juegos Deportivos Inclusivos en los pr\u00f3ximos a\u00f1os.<\/p>\n<p>\u00abEs totalmente posible replicarlo en el futuro, y tal vez no limitados a estas cuatro universidades sino invitando tambi\u00e9n a otros equipos\u00bb, adelanta <strong>Fernanda Ram\u00edrez<\/strong>.<\/p>\n<p>&nbsp;<\/p>\n<p>En el minisitio del Centro de Recursos de Apoyo a la Diversidad de la UPLA hay una <a href=\"http:\/\/www.upla.cl\/inclusion\/2014\/06\/17\/revisa-la-galeria-fotografica-de-los-primeros-juegos-deportivos-inclusivos-interuniversitarios\/\" target=\"_blank\">galer\u00eda de fotograf\u00edas del encuentro de futbolito<\/a>.<\/p>\n<p>&nbsp;<\/p>\n<p>&nbsp;<\/p>\n","protected":false},"excerpt":{"rendered":"<p>UPLA es una de las universidades organizadoras de la actividad, que se inicia este s\u00e1bado con futbolito. <\/p>\n","protected":false},"author":4,"featured_media":62113,"comment_status":"closed","ping_status":"closed","sticky":false,"template":"","format":"standard","meta":{"footnotes":""},"categories":[49,42,40,97,91],"tags":[],"class_list":["post-62112","post","type-post","status-publish","format-standard","has-post-thumbnail","","category-agenda-deportiva","category-deportes","category-destacados","category-estudiantes","category-vinculacion-con-el-medio"],"_links":{"self":[{"href":"https:\/\/upla.cl\/noticias\/wp-json\/wp\/v2\/posts\/62112","targetHints":{"allow":["GET"]}}],"collection":[{"href":"https:\/\/upla.cl\/noticias\/wp-json\/wp\/v2\/posts"}],"about":[{"href":"https:\/\/upla.cl\/noticias\/wp-json\/wp\/v2\/types\/post"}],"author":[{"embeddable":true,"href":"https:\/\/upla.cl\/noticias\/wp-json\/wp\/v2\/users\/4"}],"replies":[{"embeddable":true,"href":"https:\/\/upla.cl\/noticias\/wp-json\/wp\/v2\/comments?post=62112"}],"version-history":[{"count":0,"href":"https:\/\/upla.cl\/noticias\/wp-json\/wp\/v2\/posts\/62112\/revisions"}],"wp:featuredmedia":[{"embeddable":true,"href":"https:\/\/upla.cl\/noticias\/wp-json\/wp\/v2\/media\/62113"}],"wp:attachment":[{"href":"https:\/\/upla.cl\/noticias\/wp-json\/wp\/v2\/media?parent=62112"}],"wp:term":[{"taxonomy":"category","embeddable":true,"href":"https:\/\/upla.cl\/noticias\/wp-json\/wp\/v2\/categories?post=62112"},{"taxonomy":"post_tag","embeddable":true,"href":"https:\/\/upla.cl\/noticias\/wp-json\/wp\/v2\/tags?post=62112"}],"curies":[{"name":"wp","href":"https:\/\/api.w.org\/{rel}","templated":true}]}}