{"id":62135,"date":"2014-06-11T15:13:04","date_gmt":"2014-06-11T19:13:04","guid":{"rendered":"http:\/\/www.upla.cl\/noticias\/?p=62135"},"modified":"2014-06-11T15:13:04","modified_gmt":"2014-06-11T19:13:04","slug":"jorge-martinez-presenta-efecto-de-ensenanza-en-sala-puntangeles","status":"publish","type":"post","link":"https:\/\/upla.cl\/noticias\/2014\/06\/11\/jorge-martinez-presenta-efecto-de-ensenanza-en-sala-puntangeles\/","title":{"rendered":"Jorge Mart\u00ednez presenta \u201cEfecto de Ense\u00f1anza\u201d en Sala Punt\u00e1ngeles"},"content":{"rendered":"<p><strong><a href=\"https:\/\/www.upla.cl\/noticias\/wp-content\/uploads\/2014\/06\/afiche_efectodeense\u00f1anza_jorge-mart\u00ednez.jpg\"><img loading=\"lazy\" decoding=\"async\" class=\"alignright size-full wp-image-62137\" src=\"https:\/\/www.upla.cl\/noticias\/wp-content\/uploads\/2014\/06\/afiche_efectodeense\u00f1anza_jorge-mart\u00ednez.jpg\" alt=\"Print\" width=\"266\" height=\"640\" \/><\/a>\u201cEfecto de Ense\u00f1anza\u201d<\/strong> es el nombre de la exposici\u00f3n de grabado avanzado que el grabador y acad\u00e9mico de la Universidad de Playa Ancha, <strong>Jorge Mart\u00ednez Garc\u00eda<\/strong>, presentar\u00e1 en la <strong>Sala Punt\u00e1ngeles<\/strong> a partir del lunes 16 de junio, en la galer\u00eda ubicada frente a la plaza C\u00edvica de Valpara\u00edso.<\/p>\n<p>El <strong>acad\u00e9mico de la Facultad de Arte UPLA<\/strong> explic\u00f3 que esta muestra es una selecci\u00f3n de estampas de los grabados realizados por los alumnos y exalumnos de Licenciatura en Arte durante la primera d\u00e9cada del taller \u201cAvanzado de Grabado\u201d que le ha correspondido liderar. \u201cPor lo tanto, abarca obras realizadas desde principios de 2002, hasta las que se est\u00e1n trabajando actualmente\u201d, dijo.<\/p>\n<p>Asimismo, destac\u00f3 que \u201cpor sobre la indiscutible calidad de la t\u00e9cnica o el inter\u00e9s que despierta la propuesta de estos trabajos, queda patente, en un segundo plano significativo, la huella invisible de la experiencia adquirida, la met\u00e1fora del saber hacer y la necesidad del querer hacer arte.<\/p>\n<p>Por esta raz\u00f3n, no debemos juzgar las obras solo como el cumplimiento de un requisito acad\u00e9mico, sino como el principio de un proceso art\u00edstico relevante en el grabado\u201d, puntualiz\u00f3 <strong>Mart\u00ednez Garc\u00eda<\/strong>.<\/p>\n<p>El <strong>curador de la Sala Punt\u00e1ngeles, Alberto Madrid<\/strong>, agreg\u00f3 que \u201cEfecto de Ense\u00f1anza\u201d agrupa creaciones que forman parte de la malla curricular de estudiantes de Licenciatura en Arte que han elegido el ramo de \u201cavanzado\u201d para profundizar su formaci\u00f3n y desarrollo respecto a la propuesta de obras.<\/p>\n<p>\u201cEsta exposici\u00f3n da cuenta del estado del aprendizaje del grabado en la Regi\u00f3n de Valpara\u00edso, en lo espec\u00edfico el modelo de Jorge Mart\u00ednez, caracterizado por el conocimiento de las t\u00e9cnicas de la disciplina como base de la formaci\u00f3n art\u00edstica de estudiantes y egresados de la Facultad de Arte UPLA, relacionada con la experiencia y pr\u00e1ctica de los talleres de grabado\u201d, aclar\u00f3 <strong>Madrid Letelier<\/strong>.<\/p>\n<p><strong>\u201cEfecto de Ense\u00f1anza\u201d<\/strong> estar\u00e1 abierta al p\u00fablico durante un mes en la Sala Punt\u00e1ngeles, ubicada en O\u2019Higgins 1270 (Plaza C\u00edvica, Valpara\u00edso) y puede visitarse de forma gratuita de lunes a viernes entre las 10.00 y 14.00 y de 15.00 a 19.00 horas; y los s\u00e1bados de 10.00 a 14.00 horas.<\/p>\n<p>Cabe destacar que se enmarca en la Temporada de Exposiciones que se realiza anualmente en este espacio de difusi\u00f3n cultural de la casa de estudios porte\u00f1a y la C\u00e1mara Aduanera de Chile A.G. y que cuenta con la colaboraci\u00f3n de la Direcci\u00f3n General de Vinculaci\u00f3n con el Medio, del Fondo de las Artes y la Facultad de Arte de la Universidad de Playa Ancha.<\/p>\n<div id='gallery-1' class='gallery galleryid-62135 gallery-columns-4 gallery-size-thumbnail'><figure class='gallery-item'>\n\t\t\t<div class='gallery-icon portrait'>\n\t\t\t\t<a href='https:\/\/upla.cl\/noticias\/2014\/06\/11\/jorge-martinez-presenta-efecto-de-ensenanza-en-sala-puntangeles\/efecto-de-ensenanza_tesch-lorena_figura-en-rojo\/'><img loading=\"lazy\" decoding=\"async\" width=\"150\" height=\"150\" src=\"https:\/\/upla.cl\/noticias\/wp-content\/uploads\/2014\/06\/Efecto-de-Ense\u00f1anza_Tesch-Lorena_figura-en-rojo-150x150.jpg\" class=\"attachment-thumbnail size-thumbnail\" alt=\"Efecto de Ense\u00f1anza_Jorge Mart\u00ednez\" srcset=\"https:\/\/upla.cl\/noticias\/wp-content\/uploads\/2014\/06\/Efecto-de-Ense\u00f1anza_Tesch-Lorena_figura-en-rojo-150x150.jpg 150w, https:\/\/upla.cl\/noticias\/wp-content\/uploads\/2014\/06\/Efecto-de-Ense\u00f1anza_Tesch-Lorena_figura-en-rojo-55x55.jpg 55w\" sizes=\"auto, (max-width: 150px) 100vw, 150px\" \/><\/a>\n\t\t\t<\/div><\/figure><figure class='gallery-item'>\n\t\t\t<div class='gallery-icon landscape'>\n\t\t\t\t<a href='https:\/\/upla.cl\/noticias\/2014\/06\/11\/jorge-martinez-presenta-efecto-de-ensenanza-en-sala-puntangeles\/efecto-de-ensenanza_cox-nathaniel_-templeman\/'><img loading=\"lazy\" decoding=\"async\" width=\"150\" height=\"150\" src=\"https:\/\/upla.cl\/noticias\/wp-content\/uploads\/2014\/06\/Efecto-de-Ense\u00f1anza_Cox-Nathaniel_-Templeman-150x150.jpg\" class=\"attachment-thumbnail size-thumbnail\" alt=\"Efecto de Ense\u00f1anza_Jorge Mart\u00ednez\" srcset=\"https:\/\/upla.cl\/noticias\/wp-content\/uploads\/2014\/06\/Efecto-de-Ense\u00f1anza_Cox-Nathaniel_-Templeman-150x150.jpg 150w, https:\/\/upla.cl\/noticias\/wp-content\/uploads\/2014\/06\/Efecto-de-Ense\u00f1anza_Cox-Nathaniel_-Templeman-55x55.jpg 55w\" sizes=\"auto, (max-width: 150px) 100vw, 150px\" \/><\/a>\n\t\t\t<\/div><\/figure><figure class='gallery-item'>\n\t\t\t<div class='gallery-icon portrait'>\n\t\t\t\t<a href='https:\/\/upla.cl\/noticias\/2014\/06\/11\/jorge-martinez-presenta-efecto-de-ensenanza-en-sala-puntangeles\/efecto-de-ensenanza_jaque-ana-maria_estado-ii\/'><img loading=\"lazy\" decoding=\"async\" width=\"150\" height=\"150\" src=\"https:\/\/upla.cl\/noticias\/wp-content\/uploads\/2014\/06\/Efecto-de-Ense\u00f1anza_Jaque-Ana-Mar\u00eda_estado-II-150x150.jpg\" class=\"attachment-thumbnail size-thumbnail\" alt=\"Efecto de Ense\u00f1anza_Jorge Mart\u00ednez\" srcset=\"https:\/\/upla.cl\/noticias\/wp-content\/uploads\/2014\/06\/Efecto-de-Ense\u00f1anza_Jaque-Ana-Mar\u00eda_estado-II-150x150.jpg 150w, https:\/\/upla.cl\/noticias\/wp-content\/uploads\/2014\/06\/Efecto-de-Ense\u00f1anza_Jaque-Ana-Mar\u00eda_estado-II-55x55.jpg 55w\" sizes=\"auto, (max-width: 150px) 100vw, 150px\" \/><\/a>\n\t\t\t<\/div><\/figure><figure class='gallery-item'>\n\t\t\t<div class='gallery-icon landscape'>\n\t\t\t\t<a href='https:\/\/upla.cl\/noticias\/2014\/06\/11\/jorge-martinez-presenta-efecto-de-ensenanza-en-sala-puntangeles\/efecto-de-ensenanza_navarro-mauricio_casas-de-valparaiso\/'><img loading=\"lazy\" decoding=\"async\" width=\"150\" height=\"150\" src=\"https:\/\/upla.cl\/noticias\/wp-content\/uploads\/2014\/06\/Efecto-de-Ense\u00f1anza_Navarro-Mauricio_casas-de-Valpara\u00edso-150x150.jpg\" class=\"attachment-thumbnail size-thumbnail\" alt=\"Efecto de Ense\u00f1anza_Jorge Mart\u00ednez\" srcset=\"https:\/\/upla.cl\/noticias\/wp-content\/uploads\/2014\/06\/Efecto-de-Ense\u00f1anza_Navarro-Mauricio_casas-de-Valpara\u00edso-150x150.jpg 150w, https:\/\/upla.cl\/noticias\/wp-content\/uploads\/2014\/06\/Efecto-de-Ense\u00f1anza_Navarro-Mauricio_casas-de-Valpara\u00edso-55x55.jpg 55w\" sizes=\"auto, (max-width: 150px) 100vw, 150px\" \/><\/a>\n\t\t\t<\/div><\/figure>\n\t\t<\/div>\n\n","protected":false},"excerpt":{"rendered":"<p>El acad\u00e9mico UPLA dar\u00e1 cuenta de los grabados realizados, durante una d\u00e9cada, por sus alumnos de Licenciatura en Arte. La muestra se inaugura el 16 de junio, a las 19.00 horas, y permanecer\u00e1 abierta durante un mes con entrada liberada.<\/p>\n","protected":false},"author":2,"featured_media":62140,"comment_status":"closed","ping_status":"closed","sticky":false,"template":"","format":"standard","meta":{"footnotes":""},"categories":[48,52,40,101,69,97,71,91],"tags":[],"class_list":["post-62135","post","type-post","status-publish","format-standard","has-post-thumbnail","","category-agenda-cultural","category-cultura","category-destacados","category-docencia","category-egresados","category-estudiantes","category-facultad-de-arte","category-vinculacion-con-el-medio"],"_links":{"self":[{"href":"https:\/\/upla.cl\/noticias\/wp-json\/wp\/v2\/posts\/62135","targetHints":{"allow":["GET"]}}],"collection":[{"href":"https:\/\/upla.cl\/noticias\/wp-json\/wp\/v2\/posts"}],"about":[{"href":"https:\/\/upla.cl\/noticias\/wp-json\/wp\/v2\/types\/post"}],"author":[{"embeddable":true,"href":"https:\/\/upla.cl\/noticias\/wp-json\/wp\/v2\/users\/2"}],"replies":[{"embeddable":true,"href":"https:\/\/upla.cl\/noticias\/wp-json\/wp\/v2\/comments?post=62135"}],"version-history":[{"count":0,"href":"https:\/\/upla.cl\/noticias\/wp-json\/wp\/v2\/posts\/62135\/revisions"}],"wp:featuredmedia":[{"embeddable":true,"href":"https:\/\/upla.cl\/noticias\/wp-json\/wp\/v2\/media\/62140"}],"wp:attachment":[{"href":"https:\/\/upla.cl\/noticias\/wp-json\/wp\/v2\/media?parent=62135"}],"wp:term":[{"taxonomy":"category","embeddable":true,"href":"https:\/\/upla.cl\/noticias\/wp-json\/wp\/v2\/categories?post=62135"},{"taxonomy":"post_tag","embeddable":true,"href":"https:\/\/upla.cl\/noticias\/wp-json\/wp\/v2\/tags?post=62135"}],"curies":[{"name":"wp","href":"https:\/\/api.w.org\/{rel}","templated":true}]}}