{"id":64931,"date":"2014-09-09T10:36:51","date_gmt":"2014-09-09T14:36:51","guid":{"rendered":"http:\/\/www.upla.cl\/noticias\/?p=64931"},"modified":"2014-09-09T10:36:51","modified_gmt":"2014-09-09T14:36:51","slug":"pintor-upla-expone-en-galeria-bahia-utopica-de-valparaiso","status":"publish","type":"post","link":"https:\/\/upla.cl\/noticias\/2014\/09\/09\/pintor-upla-expone-en-galeria-bahia-utopica-de-valparaiso\/","title":{"rendered":"Pintor UPLA expone en galer\u00eda Bah\u00eda Ut\u00f3pica de Valpara\u00edso"},"content":{"rendered":"<p><strong><a href=\"https:\/\/www.upla.cl\/noticias\/wp-content\/uploads\/2014\/09\/Expo-\u201cJuego-de-sombras\u201d_\u00c1lvaro-Miranda_Juego-de-sombras.jpg\"><img loading=\"lazy\" decoding=\"async\" class=\"alignright size-medium wp-image-64937\" src=\"https:\/\/www.upla.cl\/noticias\/wp-content\/uploads\/2014\/09\/Expo-\u201cJuego-de-sombras\u201d_\u00c1lvaro-Miranda_Juego-de-sombras-238x300.jpg\" alt=\"Expo \u201cJuego de sombras\u201d_\u00c1lvaro Miranda_Juego-de-sombras\" width=\"238\" height=\"300\" srcset=\"https:\/\/upla.cl\/noticias\/wp-content\/uploads\/2014\/09\/Expo-\u201cJuego-de-sombras\u201d_\u00c1lvaro-Miranda_Juego-de-sombras-238x300.jpg 238w, https:\/\/upla.cl\/noticias\/wp-content\/uploads\/2014\/09\/Expo-\u201cJuego-de-sombras\u201d_\u00c1lvaro-Miranda_Juego-de-sombras.jpg 480w\" sizes=\"auto, (max-width: 238px) 100vw, 238px\" \/><\/a>\u201cJuego de sombras\u201d<\/strong> se denomina la <strong>exposici\u00f3n de pinturas que el artista de la Facultad de Arte de la Universidad de Playa Ancha, \u00c1lvaro Miranda P\u00e9rez<\/strong>, exhibe hasta el domingo 14 de septiembre en la galer\u00eda de arte Bah\u00eda Ut\u00f3pica del cerro Alegre de Valpara\u00edso.<\/p>\n<p>La exposici\u00f3n consta de una veintena de \u00f3leos sobre tela en diferentes formatos, que se aproximan a la relaci\u00f3n existente entre luz y sombra en busca de la experimentaci\u00f3n pict\u00f3rica orientada a revelar y ocultar. En este imaginario se vislumbra una serie de mujeres misteriosamente hermosas, cautivadoras y et\u00e9reas.<\/p>\n<p>La muestra de \u00c1lvaro Miranda se diferencia de otras propuestas pict\u00f3ricas referentes a la figura femenina, ya que no solo se queda en la cl\u00e1sica manifestaci\u00f3n de la belleza superficial, sino que se concentra en una serie de mujeres que cautivan por la intensidad de sus rostros, las extra\u00f1as expresiones, las postura de sus manos y que han sido borradas de la historia y de los libros, pero que se encuentran escondidas en las regiones m\u00e1s profundas de la naturaleza.<\/p>\n<p>Las obras del artista UPLA reflejan un prolijo y original trabajo que da cuenta de la t\u00e9cnica y la propuesta del autor que orientan al espectador hacia una cierta est\u00e9tica latinoamericana y un espacio org\u00e1nico lleno de s\u00edmbolos.<\/p>\n<p><a href=\"https:\/\/www.upla.cl\/noticias\/wp-content\/uploads\/2014\/09\/Expo-\u201cJuego-de-sombras\u201d_\u00c1lvaro-Miranda.jpg\"><img loading=\"lazy\" decoding=\"async\" class=\"alignright size-medium wp-image-64938\" src=\"https:\/\/www.upla.cl\/noticias\/wp-content\/uploads\/2014\/09\/Expo-\u201cJuego-de-sombras\u201d_\u00c1lvaro-Miranda-300x273.jpg\" alt=\"Expo \u201cJuego de sombras\u201d_\u00c1lvaro Miranda\" width=\"300\" height=\"273\" srcset=\"https:\/\/upla.cl\/noticias\/wp-content\/uploads\/2014\/09\/Expo-\u201cJuego-de-sombras\u201d_\u00c1lvaro-Miranda-300x273.jpg 300w, https:\/\/upla.cl\/noticias\/wp-content\/uploads\/2014\/09\/Expo-\u201cJuego-de-sombras\u201d_\u00c1lvaro-Miranda.jpg 526w\" sizes=\"auto, (max-width: 300px) 100vw, 300px\" \/><\/a>Cabe mencionar que <strong>\u00c1lvaro Miranda<\/strong> ha explorado en las diversas manifestaciones del arte visual, desde la pintura, el grabado y la escultura, con muestras individuales y colectivas desde 2004 a la fecha.<\/p>\n<p>En 2008 particip\u00f3 en el proyecto \u201cCarro de Grabado Ambulante\u201d, que recorri\u00f3 diversos puntos de la ciudad de Valpara\u00edso, acercando esta t\u00e9cnica a la comunidad en general. Entre sus premios destacan el primer lugar de la \u201cBienal Pintacanes\u201d del Centro Cultural La Perrera y el Premio de Honor Banco de Chile del Concurso Nacional Arte Joven XXXII.<\/p>\n<p>La exposici\u00f3n del ayudante acad\u00e9mico de la Facultad de Arte UPLA podr\u00e1 ser visitada hasta el 14 de septiembre en la<strong> Sala Temporal de la galer\u00eda de arte \u201cBah\u00eda Ut\u00f3pica\u201d, ubicada en Almirante Montt 372, cerro Alegre, Valpara\u00edso<\/strong>. La entrada es liberada.<\/p>\n<div id='gallery-1' class='gallery galleryid-64931 gallery-columns-4 gallery-size-thumbnail'><figure class='gallery-item'>\n\t\t\t<div class='gallery-icon portrait'>\n\t\t\t\t<a href='https:\/\/upla.cl\/noticias\/2014\/09\/09\/pintor-upla-expone-en-galeria-bahia-utopica-de-valparaiso\/expo-juego-de-sombras_alvaro-miranda_juego-de-sombras\/'><img loading=\"lazy\" decoding=\"async\" width=\"150\" height=\"150\" src=\"https:\/\/upla.cl\/noticias\/wp-content\/uploads\/2014\/09\/Expo-\u201cJuego-de-sombras\u201d_\u00c1lvaro-Miranda_Juego-de-sombras-150x150.jpg\" class=\"attachment-thumbnail size-thumbnail\" alt=\"\" srcset=\"https:\/\/upla.cl\/noticias\/wp-content\/uploads\/2014\/09\/Expo-\u201cJuego-de-sombras\u201d_\u00c1lvaro-Miranda_Juego-de-sombras-150x150.jpg 150w, https:\/\/upla.cl\/noticias\/wp-content\/uploads\/2014\/09\/Expo-\u201cJuego-de-sombras\u201d_\u00c1lvaro-Miranda_Juego-de-sombras-55x55.jpg 55w\" sizes=\"auto, (max-width: 150px) 100vw, 150px\" \/><\/a>\n\t\t\t<\/div><\/figure><figure class='gallery-item'>\n\t\t\t<div class='gallery-icon landscape'>\n\t\t\t\t<a href='https:\/\/upla.cl\/noticias\/2014\/09\/09\/pintor-upla-expone-en-galeria-bahia-utopica-de-valparaiso\/expo-juego-de-sombras_alvaro-miranda_antes-de-volar\/'><img loading=\"lazy\" decoding=\"async\" width=\"150\" height=\"150\" src=\"https:\/\/upla.cl\/noticias\/wp-content\/uploads\/2014\/09\/Expo-\u201cJuego-de-sombras\u201d_\u00c1lvaro-Miranda_Antes-de-volar-150x150.jpg\" class=\"attachment-thumbnail size-thumbnail\" alt=\"\" srcset=\"https:\/\/upla.cl\/noticias\/wp-content\/uploads\/2014\/09\/Expo-\u201cJuego-de-sombras\u201d_\u00c1lvaro-Miranda_Antes-de-volar-150x150.jpg 150w, https:\/\/upla.cl\/noticias\/wp-content\/uploads\/2014\/09\/Expo-\u201cJuego-de-sombras\u201d_\u00c1lvaro-Miranda_Antes-de-volar-55x55.jpg 55w\" sizes=\"auto, (max-width: 150px) 100vw, 150px\" \/><\/a>\n\t\t\t<\/div><\/figure><figure class='gallery-item'>\n\t\t\t<div class='gallery-icon portrait'>\n\t\t\t\t<a href='https:\/\/upla.cl\/noticias\/2014\/09\/09\/pintor-upla-expone-en-galeria-bahia-utopica-de-valparaiso\/expo-juego-de-sombras_alvaro-miranda_el-bosque-que-sabia-contar-historias\/'><img loading=\"lazy\" decoding=\"async\" width=\"150\" height=\"150\" src=\"https:\/\/upla.cl\/noticias\/wp-content\/uploads\/2014\/09\/Expo-\u201cJuego-de-sombras\u201d_\u00c1lvaro-Miranda_El-bosque-que-sabia-contar-historias-150x150.jpg\" class=\"attachment-thumbnail size-thumbnail\" alt=\"\" srcset=\"https:\/\/upla.cl\/noticias\/wp-content\/uploads\/2014\/09\/Expo-\u201cJuego-de-sombras\u201d_\u00c1lvaro-Miranda_El-bosque-que-sabia-contar-historias-150x150.jpg 150w, https:\/\/upla.cl\/noticias\/wp-content\/uploads\/2014\/09\/Expo-\u201cJuego-de-sombras\u201d_\u00c1lvaro-Miranda_El-bosque-que-sabia-contar-historias-55x55.jpg 55w\" sizes=\"auto, (max-width: 150px) 100vw, 150px\" \/><\/a>\n\t\t\t<\/div><\/figure><figure class='gallery-item'>\n\t\t\t<div class='gallery-icon landscape'>\n\t\t\t\t<a href='https:\/\/upla.cl\/noticias\/2014\/09\/09\/pintor-upla-expone-en-galeria-bahia-utopica-de-valparaiso\/expo-juego-de-sombras_alvaro-miranda\/'><img loading=\"lazy\" decoding=\"async\" width=\"150\" height=\"150\" src=\"https:\/\/upla.cl\/noticias\/wp-content\/uploads\/2014\/09\/Expo-\u201cJuego-de-sombras\u201d_\u00c1lvaro-Miranda-150x150.jpg\" class=\"attachment-thumbnail size-thumbnail\" alt=\"\" srcset=\"https:\/\/upla.cl\/noticias\/wp-content\/uploads\/2014\/09\/Expo-\u201cJuego-de-sombras\u201d_\u00c1lvaro-Miranda-150x150.jpg 150w, https:\/\/upla.cl\/noticias\/wp-content\/uploads\/2014\/09\/Expo-\u201cJuego-de-sombras\u201d_\u00c1lvaro-Miranda-55x55.jpg 55w\" sizes=\"auto, (max-width: 150px) 100vw, 150px\" \/><\/a>\n\t\t\t<\/div><\/figure>\n\t\t<\/div>\n\n","protected":false},"excerpt":{"rendered":"<p>La exposici\u00f3n \u201cJuego de Sombras\u201d del artista de la Facultad de Arte, \u00c1lvaro Miranda, podr\u00e1 ser visitada hasta el 14 de septiembre en Almirante Montt 372 de cerro Alegre. La entrada es liberada.    <\/p>\n","protected":false},"author":2,"featured_media":64937,"comment_status":"closed","ping_status":"closed","sticky":false,"template":"","format":"standard","meta":{"footnotes":""},"categories":[96,48,52,71,91],"tags":[],"class_list":["post-64931","post","type-post","status-publish","format-standard","has-post-thumbnail","","category-academicos","category-agenda-cultural","category-cultura","category-facultad-de-arte","category-vinculacion-con-el-medio"],"_links":{"self":[{"href":"https:\/\/upla.cl\/noticias\/wp-json\/wp\/v2\/posts\/64931","targetHints":{"allow":["GET"]}}],"collection":[{"href":"https:\/\/upla.cl\/noticias\/wp-json\/wp\/v2\/posts"}],"about":[{"href":"https:\/\/upla.cl\/noticias\/wp-json\/wp\/v2\/types\/post"}],"author":[{"embeddable":true,"href":"https:\/\/upla.cl\/noticias\/wp-json\/wp\/v2\/users\/2"}],"replies":[{"embeddable":true,"href":"https:\/\/upla.cl\/noticias\/wp-json\/wp\/v2\/comments?post=64931"}],"version-history":[{"count":0,"href":"https:\/\/upla.cl\/noticias\/wp-json\/wp\/v2\/posts\/64931\/revisions"}],"wp:featuredmedia":[{"embeddable":true,"href":"https:\/\/upla.cl\/noticias\/wp-json\/wp\/v2\/media\/64937"}],"wp:attachment":[{"href":"https:\/\/upla.cl\/noticias\/wp-json\/wp\/v2\/media?parent=64931"}],"wp:term":[{"taxonomy":"category","embeddable":true,"href":"https:\/\/upla.cl\/noticias\/wp-json\/wp\/v2\/categories?post=64931"},{"taxonomy":"post_tag","embeddable":true,"href":"https:\/\/upla.cl\/noticias\/wp-json\/wp\/v2\/tags?post=64931"}],"curies":[{"name":"wp","href":"https:\/\/api.w.org\/{rel}","templated":true}]}}