{"id":66712,"date":"2014-10-01T12:50:54","date_gmt":"2014-10-01T16:50:54","guid":{"rendered":"http:\/\/www.upla.cl\/noticias\/?p=66712"},"modified":"2025-10-31T01:38:14","modified_gmt":"2025-10-31T04:38:14","slug":"22-de-octubre-dia-de-puertas-abiertas","status":"publish","type":"post","link":"https:\/\/upla.cl\/noticias\/2014\/10\/01\/22-de-octubre-dia-de-puertas-abiertas\/","title":{"rendered":"22 de octubre: D\u00eda de Puertas Abiertas"},"content":{"rendered":"<p>Una amplia gama de actividades organiza la Universidad de Playa Ancha para recibir a j\u00f3venes de la Regi\u00f3n de Valpara\u00edso, interesados en conocer la oferta acad\u00e9mica de pregrado y del Instituto Tecnol\u00f3gico Ignacio Domeyko.<\/p>\n<p>La instituci\u00f3n se prepara para el <strong>D\u00eda de Puertas Abiertas<\/strong> que se realizar\u00e1 el 22 de octubre, entre las 10.00 y las 16.00 horas, en el campus Valpara\u00edso (Av. Playa Ancha 850, Valpara\u00edso).<\/p>\n<p>Para ello las ocho facultades: Ciencias Sociales, Ciencias de la Educaci\u00f3n, Humanidades, Arte, Ciencias de la Actividad F\u00edsica y del Deporte, Ciencias de la Salud, Ciencias Naturales y Exactas e Ingenier\u00eda han planificado una serie de acciones donde estar\u00e1n presentes no solo los profesores sino los estudiantes, para dar fe de qu\u00e9 significa ser miembro de la Universidad de Playa Ancha y de las caracter\u00edsticas de las distintas carreras.<\/p>\n<p>Adem\u00e1s, habr\u00e1 representantes del Ministerio de Educaci\u00f3n, que entregar\u00e1n informaci\u00f3n y orientaci\u00f3n sobre la postulaci\u00f3n y adquisici\u00f3n de los beneficios estatales para financiar la carrera. Lo propio se har\u00e1 respecto a los beneficios que entrega la UPLA para que los estudiantes hagan uso de ellos al momento de ingresar a la instituci\u00f3n.<\/p>\n<p>M\u00e1s informaci\u00f3n en: <a href=\"https:\/\/www.upla.cl\/noticias\/2014\/10\/13\/upla-abre-sus-puertas-a-jovenes-de-la-region\/\"><strong>UPLA abre sus puertas a j\u00f3venes de la regi\u00f3n y del pa\u00eds<\/strong><\/a>.<\/p>\n","protected":false},"excerpt":{"rendered":"<p>Todos los j\u00f3venes interesados en conocer la UPLA podr\u00e1n hacerlo desde las 10.00 a 16.00 horas. Los esperamos en Av. Playa Ancha 850, Valpara\u00edso. <\/p>\n","protected":false},"author":2,"featured_media":4584,"comment_status":"closed","ping_status":"closed","sticky":false,"template":"","format":"standard","meta":{"footnotes":""},"categories":[50,725],"tags":[],"class_list":["post-66712","post","type-post","status-publish","format-standard","has-post-thumbnail","","category-agenda-de-eventos-destacados","category-pedagogia-en-educacion-fisica"],"_links":{"self":[{"href":"https:\/\/upla.cl\/noticias\/wp-json\/wp\/v2\/posts\/66712","targetHints":{"allow":["GET"]}}],"collection":[{"href":"https:\/\/upla.cl\/noticias\/wp-json\/wp\/v2\/posts"}],"about":[{"href":"https:\/\/upla.cl\/noticias\/wp-json\/wp\/v2\/types\/post"}],"author":[{"embeddable":true,"href":"https:\/\/upla.cl\/noticias\/wp-json\/wp\/v2\/users\/2"}],"replies":[{"embeddable":true,"href":"https:\/\/upla.cl\/noticias\/wp-json\/wp\/v2\/comments?post=66712"}],"version-history":[{"count":0,"href":"https:\/\/upla.cl\/noticias\/wp-json\/wp\/v2\/posts\/66712\/revisions"}],"wp:featuredmedia":[{"embeddable":true,"href":"https:\/\/upla.cl\/noticias\/wp-json\/wp\/v2\/media\/4584"}],"wp:attachment":[{"href":"https:\/\/upla.cl\/noticias\/wp-json\/wp\/v2\/media?parent=66712"}],"wp:term":[{"taxonomy":"category","embeddable":true,"href":"https:\/\/upla.cl\/noticias\/wp-json\/wp\/v2\/categories?post=66712"},{"taxonomy":"post_tag","embeddable":true,"href":"https:\/\/upla.cl\/noticias\/wp-json\/wp\/v2\/tags?post=66712"}],"curies":[{"name":"wp","href":"https:\/\/api.w.org\/{rel}","templated":true}]}}