{"id":77828,"date":"2015-10-08T08:43:16","date_gmt":"2015-10-08T11:43:16","guid":{"rendered":"http:\/\/www.upla.cl\/noticias\/?p=77828"},"modified":"2025-10-31T01:35:20","modified_gmt":"2025-10-31T04:35:20","slug":"experto-ingles-promueve-el-aprendizaje-activo","status":"publish","type":"post","link":"https:\/\/upla.cl\/noticias\/2015\/10\/08\/experto-ingles-promueve-el-aprendizaje-activo\/","title":{"rendered":"Experto ingl\u00e9s promueve el aprendizaje activo"},"content":{"rendered":"<p><span style=\"font-weight: 400;\"><img loading=\"lazy\" decoding=\"async\" class=\"alignright size-medium wp-image-77837\" src=\"https:\/\/www.upla.cl\/noticias\/wp-content\/uploads\/2015\/10\/asesoria-externa-1-300x200.jpg\" alt=\"asesoria externa 1\" width=\"300\" height=\"200\" srcset=\"https:\/\/upla.cl\/noticias\/wp-content\/uploads\/2015\/10\/asesoria-externa-1-300x200.jpg 300w, https:\/\/upla.cl\/noticias\/wp-content\/uploads\/2015\/10\/asesoria-externa-1.jpg 640w\" sizes=\"auto, (max-width: 300px) 100vw, 300px\" \/>Una serie de reuniones con autoridades, acad\u00e9micos y apoderados de j\u00f3venes que participan en el programa TASC UP, \u00a0sostuvo recientemente <\/span><span style=\"font-weight: 400;\">El experto ingl\u00e9s, \u00a0Andrew Willmoth<\/span><span style=\"font-weight: 400;\">, quien realiz\u00f3 una asesor\u00eda t\u00e9cnica en el marco del mencionado programa.<\/span><\/p>\n<p><span style=\"font-weight: 400;\">La estada del especialista \u00a0en nuestra universidad consider\u00f3 una reuni\u00f3n con la prodecana Carmen Ib\u00e1\u00f1ez, con quien convers\u00f3 acerca de los alcances del programa y los beneficios que \u00e9ste generaba en la comunidad educativa.<\/span><\/p>\n<p><span style=\"font-weight: 400;\"><img loading=\"lazy\" decoding=\"async\" class=\"alignright wp-image-77838\" src=\"https:\/\/www.upla.cl\/noticias\/wp-content\/uploads\/2015\/10\/asesor\u00eda-externa-2-278x300.jpg\" alt=\"asesor\u00eda externa 2\" width=\"219\" height=\"236\" srcset=\"https:\/\/upla.cl\/noticias\/wp-content\/uploads\/2015\/10\/asesor\u00eda-externa-2-278x300.jpg 278w, https:\/\/upla.cl\/noticias\/wp-content\/uploads\/2015\/10\/asesor\u00eda-externa-2.jpg 593w\" sizes=\"auto, (max-width: 219px) 100vw, 219px\" \/>Su agenda consider\u00f3, adem\u00e1s,<\/span><span style=\"font-weight: 400;\"> el Workshop \u00a0\u201cFomentando actuaciones educativas que promueven el desarrollo del TASC para la transformaci\u00f3n de la ense\u00f1anza\u201d, organizado por Tasc_Up para profesores de los establecimientos educacionales que participan activamente y \u00a0docentes de otros establecimientos, interesados en conocer el modelo TASC.<\/span><\/p>\n<p><span style=\"font-weight: 400;\">El Acad\u00e9mico ingl\u00e9s se refiri\u00f3 a las ideas fuerza del modelo metodol\u00f3gico Thinking Actively in a Social Context (TASC), sobre lo cual destac\u00f3 que se busca p<\/span><span style=\"font-weight: 400;\">romover la independencia, valorando las habilidades f\u00edsicas, espirituales, art\u00edstica y \u00a0creativa que todos tenemos.<\/span><\/p>\n<p><span style=\"font-weight: 400;\"><img loading=\"lazy\" decoding=\"async\" class=\"alignright size-medium wp-image-77839\" src=\"https:\/\/www.upla.cl\/noticias\/wp-content\/uploads\/2015\/10\/asesor\u00eda-externa-3-300x200.jpg\" alt=\"asesor\u00eda externa 3\" width=\"300\" height=\"200\" srcset=\"https:\/\/upla.cl\/noticias\/wp-content\/uploads\/2015\/10\/asesor\u00eda-externa-3-300x200.jpg 300w, https:\/\/upla.cl\/noticias\/wp-content\/uploads\/2015\/10\/asesor\u00eda-externa-3.jpg 640w\" sizes=\"auto, (max-width: 300px) 100vw, 300px\" \/>\u201cTASC internacional es un marco para habilidades de pensamiento l\u00f3gico, creativo, de imaginaci\u00f3n. Son procesos a trav\u00e9s de los cuales se puede explorar y resolver problemas\u00a0 cotidianos y tambi\u00e9n otros mayores. Por lo tanto, la idea es que los profesores ense\u00f1en a los ni\u00f1os no solo conocimiento y comprensi\u00f3n, sino tambi\u00e9n la habilidad de poder pensar y encontrar la soluci\u00f3n a los problemas que se le presentan\u201d, dijo el experto.<\/span><\/p>\n<p><span style=\"font-weight: 400;\">Agreg\u00f3 que se trata de fomentar un aprendizaje activo, por lo tanto, la idea es que los docentes est\u00e9n comprometidos con el aprendizaje de sus estudiantes y sepan atraer su atenci\u00f3n. Es m\u00e1s, asegura que su rol es ser un gu\u00eda que lo acompa\u00f1a en el proceso de aprendizaje compartido.<\/span><\/p>\n","protected":false},"excerpt":{"rendered":"<p>Andrew Willmoth realiz\u00f3 una asesor\u00eda t\u00e9cnica en nuestra universidad, en el marco del mencionado programa.<\/p>\n","protected":false},"author":3,"featured_media":77837,"comment_status":"closed","ping_status":"closed","sticky":false,"template":"","format":"standard","meta":{"footnotes":""},"categories":[51,96,40,97,725],"tags":[],"class_list":["post-77828","post","type-post","status-publish","format-standard","has-post-thumbnail","","category-academia","category-academicos","category-destacados","category-estudiantes","category-pedagogia-en-educacion-fisica"],"_links":{"self":[{"href":"https:\/\/upla.cl\/noticias\/wp-json\/wp\/v2\/posts\/77828","targetHints":{"allow":["GET"]}}],"collection":[{"href":"https:\/\/upla.cl\/noticias\/wp-json\/wp\/v2\/posts"}],"about":[{"href":"https:\/\/upla.cl\/noticias\/wp-json\/wp\/v2\/types\/post"}],"author":[{"embeddable":true,"href":"https:\/\/upla.cl\/noticias\/wp-json\/wp\/v2\/users\/3"}],"replies":[{"embeddable":true,"href":"https:\/\/upla.cl\/noticias\/wp-json\/wp\/v2\/comments?post=77828"}],"version-history":[{"count":0,"href":"https:\/\/upla.cl\/noticias\/wp-json\/wp\/v2\/posts\/77828\/revisions"}],"wp:featuredmedia":[{"embeddable":true,"href":"https:\/\/upla.cl\/noticias\/wp-json\/wp\/v2\/media\/77837"}],"wp:attachment":[{"href":"https:\/\/upla.cl\/noticias\/wp-json\/wp\/v2\/media?parent=77828"}],"wp:term":[{"taxonomy":"category","embeddable":true,"href":"https:\/\/upla.cl\/noticias\/wp-json\/wp\/v2\/categories?post=77828"},{"taxonomy":"post_tag","embeddable":true,"href":"https:\/\/upla.cl\/noticias\/wp-json\/wp\/v2\/tags?post=77828"}],"curies":[{"name":"wp","href":"https:\/\/api.w.org\/{rel}","templated":true}]}}