{"id":8178,"date":"2010-05-05T13:34:59","date_gmt":"2010-05-05T17:34:59","guid":{"rendered":"http:\/\/sitios.upla.cl\/contenidos\/?p=8178"},"modified":"2014-01-16T10:39:40","modified_gmt":"2014-01-16T14:39:40","slug":"la-prioridad-es-elaborar-el-plan-estrategico-de-nuestra-facultad","status":"publish","type":"post","link":"https:\/\/upla.cl\/noticias\/2010\/05\/05\/la-prioridad-es-elaborar-el-plan-estrategico-de-nuestra-facultad\/","title":{"rendered":"&quot;La prioridad es elaborar el plan estrat\u00e9gico de nuestra Facultad&quot;"},"content":{"rendered":"<figure id=\"attachment_8671\" aria-describedby=\"caption-attachment-8671\" style=\"width: 280px\" class=\"wp-caption alignright\"><a rel=\"attachment wp-att-8671\" href=\"http:\/\/sitios.upla.cl\/contenidos\/wp-content\/uploads\/2010\/05\/felip.jpg\"><img loading=\"lazy\" decoding=\"async\" class=\"size-medium wp-image-8671\" title=\"Felip Gasc\u00f3n, decano de Cs. Sociales  Foto Paz Gallegos\" src=\"http:\/\/sitios.upla.cl\/contenidos\/wp-content\/uploads\/2010\/05\/felip-280x186.jpg\" alt=\"\" width=\"280\" height=\"186\" \/><\/a><figcaption id=\"caption-attachment-8671\" class=\"wp-caption-text\">Felip Gasc\u00f3n, Decano de la Facultad de  Ciencias Sociales (foto: Paz Gallegos)<\/figcaption><\/figure>\n<p>Al cumplir 62 a\u00f1os de vida, la <strong>Universidad de Playa Ancha<\/strong> saluda a sus nuevas facultades de Ciencias Sociales, Ciencias de la Salud e Ingenier\u00eda; las que se suman a las tradicionales facultades de Ciencias de la Educaci\u00f3n, Arte, Humanidades, Ciencias Naturales y Exactas y Ciencias de la Actividad y del Deporte.<\/p>\n<p>En este contexto, el <strong>Decano de la Facultad de Ciencias Sociales, Dr. Felip Gasc\u00f3n i Mart\u00edn<\/strong>, plantea los desaf\u00edos de su gesti\u00f3n en torno a la formaci\u00f3n acad\u00e9mica y profesional.<\/p>\n<p><strong>\u00bfCu\u00e1les son los principales desaf\u00edos que deben enfrentar los profesionales de su Facultad?<\/strong><\/p>\n<p>\u00abHoy en d\u00eda, organizar una Facultad de Ciencias Sociales implica pensar en un grado de transdisciplinariedad que abarque todo el \u00e1mbito de las Ciencias Sociales, considerando las carreras que impartimos: Periodismo, Bibliotecolog\u00eda y Sociolog\u00eda, por lo cual hay que ampliar la mirada hacia la elaboraci\u00f3n de un proyecto de m\u00e1s largo plazo.<\/p>\n<p>\u201cDe este modo, se podr\u00e1n priorizar ciertas l\u00edneas de trabajo acad\u00e9mico como la investigaci\u00f3n, extensi\u00f3n y vinculaci\u00f3n con el medio, adem\u00e1s de fortalecer las propuestas de publicaciones y establecer v\u00ednculos y redes acad\u00e9micas a nivel internacional\u00bb.<\/p>\n<p><strong>\u00bfQu\u00e9 diferencia la formaci\u00f3n acad\u00e9mica y profesional de la Universidad de Playa Ancha a sus estudiantes?<\/strong><\/p>\n<p>\u00abUno de los rasgos distintivos de esta Universidad es su reconocida responsabilidad social y vinculaci\u00f3n con el medio, principalmente frente a  problemas sociales como los que afectan a los grupos vulnerables. A ello contribuyen las tres carreras que integran esta Facultad, involucr\u00e1ndose en organizaciones estatales y sociales como la Fundaci\u00f3n para la Superaci\u00f3n de la Pobreza y en medios de comunicaci\u00f3n comunitarios. De ello resultan novedosas propuestas e iniciativas que nacen desde las carreras y que pese a las dificultades se mantienen en el tiempo.<\/p>\n<p>\u201cEjemplo de lo anterior, ha sido un grupo de titulados de la carrera de Periodismo que han creado varias publicaciones digitales e impresas, abriendo nuevos \u00e1mbitos de inserci\u00f3n profesional. En el caso de Sociolog\u00eda, sus titulados han avanzado en temas de desarrollo local, planificaci\u00f3n estrat\u00e9gica y participaci\u00f3n ciudadana\u00bb.<\/p>\n<p><strong>\u00bfCu\u00e1l es el sello de un profesional egresado de su Facultad?<\/strong><\/p>\n<p>\u00abCuando el rector defini\u00f3 este nuevo ordenamiento en las facultades, se tuvo la visi\u00f3n de agrupar aquellas que no fueran del \u00e1rea pedag\u00f3gica, ese fue el caso de Bibliotecolog\u00eda y Periodismo que antes eran parte de la Facultad de Humanidades y Sociolog\u00eda que pertenec\u00eda a la Facultad de Ciencias de la Educaci\u00f3n. Por lo tanto, el perfil del egresado est\u00e1 en pleno proceso de desarrollo. Lo primero es tener claridad hacia d\u00f3nde nos dirigimos. Una vez superada la etapa organizativa de nuestra Facultad, la prioridad es definir un plan de desarrollo estrat\u00e9gico hacia fines de este a\u00f1o, por tanto se hace necesario que nos planteemos las nuevas metas siguiendo un perfil com\u00fan.<\/p>\n<p>\u201cEn este sentido, cada carrera deber\u00e1 tener como misi\u00f3n redefinir su propio perfil, a partir de la perspectiva epistemol\u00f3gica de la que parten, para entender los desaf\u00edos que tendr\u00e1n en la atracci\u00f3n de capital humano avanzado. Y ah\u00ed pensar en un perfil acad\u00e9mico com\u00fan para el profesional egresado de la Facultad de Ciencias Sociales, repensando la formaci\u00f3n de pregrado y postgrado, con el objeto de dar \u00e9nfasis al incremento del campo laboral e incluso en un futuro crear carreras nuevas. Asimismo, definir las orientaciones y prioridades en los planes de estudios de nuestras carreras, y luego acordar cu\u00e1l ser\u00e1 el mejor tiempo para entrar en el proceso de acreditaci\u00f3n de las mismas\u00bb.<\/p>\n","protected":false},"excerpt":{"rendered":"<p>El Decano de la Facultad de Ciencias Sociales, Dr. Felip Gasc\u00f3n i Mart\u00edn, plantea los desaf\u00edos de su gesti\u00f3n en torno a la formaci\u00f3n acad\u00e9mica y profesional.<\/p>\n","protected":false},"author":2,"featured_media":0,"comment_status":"closed","ping_status":"closed","sticky":false,"template":"","format":"standard","meta":{"footnotes":""},"categories":[41,76],"tags":[],"class_list":["post-8178","post","type-post","status-publish","format-standard","","category-entrevistas","category-facultad-de-ciencias-sociales"],"_links":{"self":[{"href":"https:\/\/upla.cl\/noticias\/wp-json\/wp\/v2\/posts\/8178","targetHints":{"allow":["GET"]}}],"collection":[{"href":"https:\/\/upla.cl\/noticias\/wp-json\/wp\/v2\/posts"}],"about":[{"href":"https:\/\/upla.cl\/noticias\/wp-json\/wp\/v2\/types\/post"}],"author":[{"embeddable":true,"href":"https:\/\/upla.cl\/noticias\/wp-json\/wp\/v2\/users\/2"}],"replies":[{"embeddable":true,"href":"https:\/\/upla.cl\/noticias\/wp-json\/wp\/v2\/comments?post=8178"}],"version-history":[{"count":0,"href":"https:\/\/upla.cl\/noticias\/wp-json\/wp\/v2\/posts\/8178\/revisions"}],"wp:attachment":[{"href":"https:\/\/upla.cl\/noticias\/wp-json\/wp\/v2\/media?parent=8178"}],"wp:term":[{"taxonomy":"category","embeddable":true,"href":"https:\/\/upla.cl\/noticias\/wp-json\/wp\/v2\/categories?post=8178"},{"taxonomy":"post_tag","embeddable":true,"href":"https:\/\/upla.cl\/noticias\/wp-json\/wp\/v2\/tags?post=8178"}],"curies":[{"name":"wp","href":"https:\/\/api.w.org\/{rel}","templated":true}]}}