{"id":883,"date":"2008-10-07T10:25:07","date_gmt":"2008-10-07T14:25:07","guid":{"rendered":"http:\/\/sitios.upla.cl\/contenidos\/?p=883"},"modified":"2014-02-25T08:45:29","modified_gmt":"2014-02-25T12:45:29","slug":"en-sede-san-felipe-debaten-sobre-acceso-a-la-justicia","status":"publish","type":"post","link":"https:\/\/upla.cl\/noticias\/2008\/10\/07\/en-sede-san-felipe-debaten-sobre-acceso-a-la-justicia\/","title":{"rendered":"En Sede San Felipe debaten sobre acceso a la justicia"},"content":{"rendered":"<p><a href=\"http:\/\/sitios.upla.cl\/contenidos\/wp-content\/uploads\/2008\/10\/foto_acceso_justicia.jpg\"><img loading=\"lazy\" decoding=\"async\" class=\"alignright size-medium wp-image-884\" title=\"foto_acceso_justicia\" src=\"http:\/\/sitios.upla.cl\/contenidos\/wp-content\/uploads\/2008\/10\/foto_acceso_justicia-280x210.jpg\" alt=\"\" width=\"280\" height=\"210\" \/><\/a>El viernes 3 de octubre se realiz\u00f3 en la Sede San Felipe de la <strong>Universidad de Playa Ancha<\/strong> un <strong>Foro Panel y Di\u00e1logo Ciudadano<\/strong>, cuyo objetivo principal fue la promoci\u00f3n y adhesi\u00f3n de actores relevantes de la provincia a una nueva propuesta de acceso a la justicia y de Defensor\u00edas Ciudadanas Locales.<\/p>\n<p>La idea es que la comunidad, a trav\u00e9s de sus distintas organizaciones, se sumen al programa, participando activamente con sus propuestas, opiniones y, lo m\u00e1s importante, el compromiso  por mejorar el acceso a la justicia.<\/p>\n<p>El Gobernador <strong>Jorge Jara Catal\u00e1n<\/strong> reforz\u00f3 su llamado a la participaci\u00f3n de la sociedad civil, destacando \u201cque la difusi\u00f3n y el conocimiento son fundamentales para mejorar el acceso a la justicia\u201d. En este sentido, agreg\u00f3 que \u201ces importante que las organizaciones de la sociedad se sumen, realizando aportes para mejorar el acceso a la justicia y la creaci\u00f3n de la Defensor\u00eda Local.<\/p>\n<p>Jorge Jara se\u00f1al\u00f3 que \u201clos Gobiernos de la Concertaci\u00f3n han hecho profundos cambios a la justicia, con reformas como la nueva justicia familiar y recientemente, la nueva justicia laboral, que se implementar\u00e1 en nuestra provincia y en toda la Regi\u00f3n de Valpara\u00edso a contar del pr\u00f3ximo 31 de octubre\u201d.<\/p>\n<p>Dentro de los participantes, y en representaci\u00f3n de la Universidad de Playa Ancha, expuso el Vicerrector de Desarrollo, <strong>Luis Bork Vega<\/strong>, quien actuando como moderador introdujo el sentido de las defensor\u00edas publicas como una instancia de enriquecimiento para la integraci\u00f3n de los diversos actores sociales e institucionales de la comuna, ya sea como entes responsables de la accesibilidad a la justicia, como asimismo por medio del compromiso ciudadano en el marco del rescate a la dignidad de las personas.<\/p>\n<p>Participaron de este foro panel, Carolina Gallardo, Directora Provincial Fundaci\u00f3n PRODEMU; Pamela Espinoza, Psic\u00f3loga del Proyecto MARKAZA-Los Andes, San Felipe; y Bernardo Parra, abogado, en representaci\u00f3n del Centro Cultural Putaendo.<\/p>\n<p>Las pr\u00f3ximas actividades del programa, seg\u00fan el cronograma, son las siguientes: el 17 de octubre, taller de formaci\u00f3n para l\u00edderes sociales, y el 30 de octubre la realizaci\u00f3n de un Foro Panel Ampliado por las Defensor\u00edas Ciudadanas locales. Todos los encuentros se realizar\u00e1n en la misma casa universitaria, ubicada en Benigno Caldera 351.<\/p>\n","protected":false},"excerpt":{"rendered":"<p>Tema central abord\u00f3 propuestas, opiniones y compromisos dirigidos a mejorar el actual sistema chileno.<\/p>\n","protected":false},"author":2,"featured_media":0,"comment_status":"closed","ping_status":"closed","sticky":false,"template":"","format":"standard","meta":{"footnotes":""},"categories":[51,60,91],"tags":[],"class_list":["post-883","post","type-post","status-publish","format-standard","","category-academia","category-campus-san-felipe","category-vinculacion-con-el-medio"],"_links":{"self":[{"href":"https:\/\/upla.cl\/noticias\/wp-json\/wp\/v2\/posts\/883","targetHints":{"allow":["GET"]}}],"collection":[{"href":"https:\/\/upla.cl\/noticias\/wp-json\/wp\/v2\/posts"}],"about":[{"href":"https:\/\/upla.cl\/noticias\/wp-json\/wp\/v2\/types\/post"}],"author":[{"embeddable":true,"href":"https:\/\/upla.cl\/noticias\/wp-json\/wp\/v2\/users\/2"}],"replies":[{"embeddable":true,"href":"https:\/\/upla.cl\/noticias\/wp-json\/wp\/v2\/comments?post=883"}],"version-history":[{"count":0,"href":"https:\/\/upla.cl\/noticias\/wp-json\/wp\/v2\/posts\/883\/revisions"}],"wp:attachment":[{"href":"https:\/\/upla.cl\/noticias\/wp-json\/wp\/v2\/media?parent=883"}],"wp:term":[{"taxonomy":"category","embeddable":true,"href":"https:\/\/upla.cl\/noticias\/wp-json\/wp\/v2\/categories?post=883"},{"taxonomy":"post_tag","embeddable":true,"href":"https:\/\/upla.cl\/noticias\/wp-json\/wp\/v2\/tags?post=883"}],"curies":[{"name":"wp","href":"https:\/\/api.w.org\/{rel}","templated":true}]}}