{"id":93581,"date":"2016-11-11T14:41:32","date_gmt":"2016-11-11T17:41:32","guid":{"rendered":"http:\/\/www.upla.cl\/noticias\/?p=93581"},"modified":"2016-11-12T09:51:03","modified_gmt":"2016-11-12T12:51:03","slug":"20-anos-celebraron-carreras-de-ingenieria","status":"publish","type":"post","link":"https:\/\/upla.cl\/noticias\/2016\/11\/11\/20-anos-celebraron-carreras-de-ingenieria\/","title":{"rendered":"20 a\u00f1os celebraron carreras de Ingenier\u00eda"},"content":{"rendered":"<p><a href=\"https:\/\/www.upla.cl\/noticias\/wp-content\/uploads\/2016\/11\/20anos_carreras_ingenieria_02.jpg\"><img loading=\"lazy\" decoding=\"async\" class=\"alignright size-medium wp-image-93586\" src=\"https:\/\/www.upla.cl\/noticias\/wp-content\/uploads\/2016\/11\/20anos_carreras_ingenieria_02-300x200.jpg\" alt=\"20anos_carreras_ingenieria_02\" width=\"300\" height=\"200\" srcset=\"https:\/\/upla.cl\/noticias\/wp-content\/uploads\/2016\/11\/20anos_carreras_ingenieria_02-300x200.jpg 300w, https:\/\/upla.cl\/noticias\/wp-content\/uploads\/2016\/11\/20anos_carreras_ingenieria_02.jpg 640w\" sizes=\"auto, (max-width: 300px) 100vw, 300px\" \/><\/a>La d\u00e9cada de los \u201890 en Chile fue una \u00e9poca de grandes cambios y transformaciones, en el caso de la Universidad de Playa Ancha fue el momento de repensar su misi\u00f3n y avanzar desde una instituci\u00f3n de educaci\u00f3n superior eminentemente pedag\u00f3gica a otra m\u00e1s compleja.<\/p>\n<p>Es as\u00ed como en 1996 se sumaron a la oferta acad\u00e9mica <strong>tres nuevas carreras: las ingenier\u00edas Ambiental, Civil Ambiental y Civil Industrial<\/strong>. De ello han pasado 20 a\u00f1os, tiempo en el que se adicionaron las carreras de Ingenier\u00eda Inform\u00e1tica y Estad\u00edstica, las que son congregadas en la Facultad de Ingenier\u00eda.<\/p>\n<p>Para conmemorar este hecho que marca un hito en la historia de la Universidad de Playa Ancha, el cuerpo acad\u00e9mico de la Facultad de Ingenier\u00eda, liderado por la decana Ver\u00f3nica Meza Ram\u00edrez, organiz\u00f3 una jornada especial en el que reconocieron a sus fundadores y los directores de los departamentos disciplinarios de Medio Ambiente, Industria y Econom\u00eda y Computaci\u00f3n e Inform\u00e1tica analizaron la labor realizada en los \u00faltimos a\u00f1os.<\/p>\n<p><a href=\"https:\/\/www.upla.cl\/noticias\/wp-content\/uploads\/2016\/11\/20anos_carreras_ingenieria_03.jpg\"><img loading=\"lazy\" decoding=\"async\" class=\"alignright size-medium wp-image-93587\" src=\"https:\/\/www.upla.cl\/noticias\/wp-content\/uploads\/2016\/11\/20anos_carreras_ingenieria_03-300x200.jpg\" alt=\"20anos_carreras_ingenieria_03\" width=\"300\" height=\"200\" srcset=\"https:\/\/upla.cl\/noticias\/wp-content\/uploads\/2016\/11\/20anos_carreras_ingenieria_03-300x200.jpg 300w, https:\/\/upla.cl\/noticias\/wp-content\/uploads\/2016\/11\/20anos_carreras_ingenieria_03.jpg 640w\" sizes=\"auto, (max-width: 300px) 100vw, 300px\" \/><\/a>El <strong>rector Patricio Sanhueza Vivanco<\/strong> manifest\u00f3 que con la apertura de nuevas \u00e1reas del conocimiento la instituci\u00f3n dio un paso hacia la universidad compleja que conocemos actualmente.<\/p>\n<p>\u201cFue un paso hacia el enriquecimiento de saberes de esta casa de estudios, a trav\u00e9s de la formaci\u00f3n de profesionales que asumieron y asumen el rol de ser transformadores de la sociedad. Queremos transformar la sociedad, as\u00ed lo har\u00e1 un profesor y tambi\u00e9n un ingeniero civil ambiental o un civil industrial que van a salir a realizar su labor como personas dotadas de condiciones y comprometidas con la sociedad y el medio que las rodea\u201d.<\/p>\n<p>Finalmente, la autoridad felicit\u00f3 a las carreras y a la Facultad de Ingenier\u00eda en estos 20 a\u00f1os de trayectoria hist\u00f3rica de estudiantes y profesionales de ambiental e industrial.<\/p>\n<p>La <strong>decana Ver\u00f3nica Meza Ram\u00edrez<\/strong> dio cuenta de los hitos en estos 20 a\u00f1os, entre los que destac\u00f3 el nivel de productividad en investigaci\u00f3n con 19 publicaciones en 2015; el cuerpo acad\u00e9mico que dispone la facultad donde cuenta con una postdoctora, cuatro doctores, cinco candidatos a doctor y cinco mag\u00edster en un universo de 25 docentes.<\/p>\n<p><a href=\"https:\/\/www.upla.cl\/noticias\/wp-content\/uploads\/2016\/11\/20anos_carreras_ingenieria_06.jpg\"><img loading=\"lazy\" decoding=\"async\" class=\"alignright size-medium wp-image-93590\" src=\"https:\/\/www.upla.cl\/noticias\/wp-content\/uploads\/2016\/11\/20anos_carreras_ingenieria_06-300x200.jpg\" alt=\"20anos_carreras_ingenieria_06\" width=\"300\" height=\"200\" \/><\/a>Tambi\u00e9n se refiri\u00f3 a la carrera de Ingenier\u00eda Civil Industrial que fue reconocida por el Colegio de Ingenieros de Chile, siendo una de las 80 que cuentan con esta distinci\u00f3n a nivel nacional entre 2 mil carreras, lo que marca un precedente del trabajo del Departamento Disciplinario de Industria y Econom\u00eda y ser\u00e1 un insumo positivo para el proceso de acreditaci\u00f3n.<\/p>\n<p>En el caso de las carreras de Ingenier\u00eda Ambiental e Ingenier\u00eda Civil Ambiental dijo que a la fecha han egresado cerca de 400 profesionales, donde muchos de ellos han asumido cargos p\u00fablicos en serem\u00edas, municipalidades y en importantes empresas del sector privado del pa\u00eds.<\/p>\n<p>Entre los desaf\u00edos recalc\u00f3 que espera mantener un equipo de trabajo cohesionado donde se incorporen acad\u00e9micos de alta calidad que contribuyan a mantener y mejorar la productividad investigativa, acad\u00e9mica y humana de la Facultad de Ingenier\u00eda.<\/p>\n<p><a href=\"https:\/\/www.upla.cl\/noticias\/wp-content\/uploads\/2016\/11\/20anos_carreras_ingenieria_09.jpg\"><img loading=\"lazy\" decoding=\"async\" class=\"alignright size-medium wp-image-93593\" src=\"https:\/\/www.upla.cl\/noticias\/wp-content\/uploads\/2016\/11\/20anos_carreras_ingenieria_09-300x200.jpg\" alt=\"20anos_carreras_ingenieria_09\" width=\"300\" height=\"200\" srcset=\"https:\/\/upla.cl\/noticias\/wp-content\/uploads\/2016\/11\/20anos_carreras_ingenieria_09-300x200.jpg 300w, https:\/\/upla.cl\/noticias\/wp-content\/uploads\/2016\/11\/20anos_carreras_ingenieria_09.jpg 640w\" sizes=\"auto, (max-width: 300px) 100vw, 300px\" \/><\/a>Para concluir la <strong>decana Ver\u00f3nica Meza<\/strong> anunci\u00f3 la construcci\u00f3n -en el corto plazo- de cinco laboratorios (Biotecnolog\u00eda y Medio Ambiente II, Electrotecnia, Econom\u00eda, Estad\u00edstica y Sala de Ingenier\u00eda), que cuentan con el apoyo de las vicerrector\u00edas de Desarrollo, Acad\u00e9mica, Finanzas e Investigaci\u00f3n m\u00e1s el trabajo de Direcci\u00f3n General de infraestructura.<\/p>\n<p>En la jornada tambi\u00e9n se distingui\u00f3 a los <strong>profesores de la Facultad de Ciencias Naturales y Exactas, Rafael Silva C\u00f3rdova y Guillermo Riveros G\u00f3mez<\/strong>, por la contribuci\u00f3n y esmero con el que trabajaron para crear las carreras de Ingenier\u00eda Ambiental, Civil Ambiental y Civil Industrial que durante varios a\u00f1os estuvo al alero de esa unidad acad\u00e9mica.<\/p>\n<h5><strong>Seminario<\/strong><\/h5>\n<p><a href=\"https:\/\/www.upla.cl\/noticias\/wp-content\/uploads\/2016\/11\/20anos_carreras_ingenieria_10.jpg\"><img loading=\"lazy\" decoding=\"async\" class=\"alignright size-medium wp-image-93594\" src=\"https:\/\/www.upla.cl\/noticias\/wp-content\/uploads\/2016\/11\/20anos_carreras_ingenieria_10-300x200.jpg\" alt=\"20anos_carreras_ingenieria_10\" width=\"300\" height=\"200\" srcset=\"https:\/\/upla.cl\/noticias\/wp-content\/uploads\/2016\/11\/20anos_carreras_ingenieria_10-300x200.jpg 300w, https:\/\/upla.cl\/noticias\/wp-content\/uploads\/2016\/11\/20anos_carreras_ingenieria_10.jpg 640w\" sizes=\"auto, (max-width: 300px) 100vw, 300px\" \/><\/a>En la celebraci\u00f3n de los 20 a\u00f1os de las carreras de Ingenier\u00eda se realiz\u00f3 un ciclo de conferencias en las que participaron: Jos\u00e9 Miguel Torres, Ingeniero Civil Qu\u00edmico, \u201cIncorporaci\u00f3n de la Energ\u00eda Nuclear en la Matriz Energ\u00e9tica Nacional\u201d; Christian Fuentes Garc\u00eda, encargado regional de residuos de la Seremi del Medio Ambiente de la Regi\u00f3n de Valpara\u00edso, \u201cGesti\u00f3n de Residuos de la Regi\u00f3n de Valpara\u00edso y Ley de Fomento al Reciclaje\u201d; y Mauro Grossi Pasche, Colegio de Ingenieros de Chile A.G.,\u201cEl rol del Ingeniero en la sociedad\u201d.<\/p>\n<p>La segunda parte de exposiciones comenz\u00f3 con la egresada UPLA de Ingenier\u00eda Ambiental,<br \/>\nValentina Campusano Salas, quien se refiri\u00f3 a \u201cEl rol de la mujer en la Ingenier\u00eda\u201d seguida por los especialistas de Co-Founder &amp; CEO de DataCiencia Ricardo N\u00fa\u00f1ez Navarrete y Rodrigo Hermosilla Puebla, lo que hablaron sobre \u00abConvirti\u00e9ndose en DataScientist, herramientas y recursos\u00bb y \u00abDe la era de la informaci\u00f3n a la era del conocimiento: DataScience\u00bb, respectivamente.<\/p>\n<div id='gallery-1' class='gallery galleryid-93581 gallery-columns-3 gallery-size-medium'><figure class='gallery-item'>\n\t\t\t<div class='gallery-icon landscape'>\n\t\t\t\t<a href='https:\/\/upla.cl\/noticias\/wp-content\/uploads\/2016\/11\/20anos_carreras_ingenieria_01.jpg'><img loading=\"lazy\" decoding=\"async\" width=\"300\" height=\"200\" src=\"https:\/\/upla.cl\/noticias\/wp-content\/uploads\/2016\/11\/20anos_carreras_ingenieria_01-300x200.jpg\" class=\"attachment-medium size-medium\" alt=\"\" srcset=\"https:\/\/upla.cl\/noticias\/wp-content\/uploads\/2016\/11\/20anos_carreras_ingenieria_01-300x200.jpg 300w, https:\/\/upla.cl\/noticias\/wp-content\/uploads\/2016\/11\/20anos_carreras_ingenieria_01.jpg 640w\" sizes=\"auto, (max-width: 300px) 100vw, 300px\" \/><\/a>\n\t\t\t<\/div><\/figure><figure class='gallery-item'>\n\t\t\t<div class='gallery-icon landscape'>\n\t\t\t\t<a href='https:\/\/upla.cl\/noticias\/wp-content\/uploads\/2016\/11\/20anos_carreras_ingenieria_02.jpg'><img loading=\"lazy\" decoding=\"async\" width=\"300\" height=\"200\" src=\"https:\/\/upla.cl\/noticias\/wp-content\/uploads\/2016\/11\/20anos_carreras_ingenieria_02-300x200.jpg\" class=\"attachment-medium size-medium\" alt=\"\" srcset=\"https:\/\/upla.cl\/noticias\/wp-content\/uploads\/2016\/11\/20anos_carreras_ingenieria_02-300x200.jpg 300w, https:\/\/upla.cl\/noticias\/wp-content\/uploads\/2016\/11\/20anos_carreras_ingenieria_02.jpg 640w\" sizes=\"auto, (max-width: 300px) 100vw, 300px\" \/><\/a>\n\t\t\t<\/div><\/figure><figure class='gallery-item'>\n\t\t\t<div class='gallery-icon landscape'>\n\t\t\t\t<a href='https:\/\/upla.cl\/noticias\/wp-content\/uploads\/2016\/11\/20anos_carreras_ingenieria_03.jpg'><img loading=\"lazy\" decoding=\"async\" width=\"300\" height=\"200\" src=\"https:\/\/upla.cl\/noticias\/wp-content\/uploads\/2016\/11\/20anos_carreras_ingenieria_03-300x200.jpg\" class=\"attachment-medium size-medium\" alt=\"\" srcset=\"https:\/\/upla.cl\/noticias\/wp-content\/uploads\/2016\/11\/20anos_carreras_ingenieria_03-300x200.jpg 300w, https:\/\/upla.cl\/noticias\/wp-content\/uploads\/2016\/11\/20anos_carreras_ingenieria_03.jpg 640w\" sizes=\"auto, (max-width: 300px) 100vw, 300px\" \/><\/a>\n\t\t\t<\/div><\/figure><figure class='gallery-item'>\n\t\t\t<div class='gallery-icon landscape'>\n\t\t\t\t<a href='https:\/\/upla.cl\/noticias\/wp-content\/uploads\/2016\/11\/20anos_carreras_ingenieria_04.jpg'><img loading=\"lazy\" decoding=\"async\" width=\"300\" height=\"200\" src=\"https:\/\/upla.cl\/noticias\/wp-content\/uploads\/2016\/11\/20anos_carreras_ingenieria_04-300x200.jpg\" class=\"attachment-medium size-medium\" alt=\"\" srcset=\"https:\/\/upla.cl\/noticias\/wp-content\/uploads\/2016\/11\/20anos_carreras_ingenieria_04-300x200.jpg 300w, https:\/\/upla.cl\/noticias\/wp-content\/uploads\/2016\/11\/20anos_carreras_ingenieria_04.jpg 640w\" sizes=\"auto, (max-width: 300px) 100vw, 300px\" \/><\/a>\n\t\t\t<\/div><\/figure><figure class='gallery-item'>\n\t\t\t<div class='gallery-icon landscape'>\n\t\t\t\t<a href='https:\/\/upla.cl\/noticias\/wp-content\/uploads\/2016\/11\/20anos_carreras_ingenieria_05.jpg'><img loading=\"lazy\" decoding=\"async\" width=\"300\" height=\"200\" src=\"https:\/\/upla.cl\/noticias\/wp-content\/uploads\/2016\/11\/20anos_carreras_ingenieria_05-300x200.jpg\" class=\"attachment-medium size-medium\" alt=\"\" srcset=\"https:\/\/upla.cl\/noticias\/wp-content\/uploads\/2016\/11\/20anos_carreras_ingenieria_05-300x200.jpg 300w, https:\/\/upla.cl\/noticias\/wp-content\/uploads\/2016\/11\/20anos_carreras_ingenieria_05.jpg 640w\" sizes=\"auto, (max-width: 300px) 100vw, 300px\" \/><\/a>\n\t\t\t<\/div><\/figure><figure class='gallery-item'>\n\t\t\t<div class='gallery-icon landscape'>\n\t\t\t\t<a href='https:\/\/upla.cl\/noticias\/wp-content\/uploads\/2016\/11\/20anos_carreras_ingenieria_07.jpg'><img loading=\"lazy\" decoding=\"async\" width=\"300\" height=\"200\" src=\"https:\/\/upla.cl\/noticias\/wp-content\/uploads\/2016\/11\/20anos_carreras_ingenieria_07-300x200.jpg\" class=\"attachment-medium size-medium\" alt=\"\" srcset=\"https:\/\/upla.cl\/noticias\/wp-content\/uploads\/2016\/11\/20anos_carreras_ingenieria_07-300x200.jpg 300w, https:\/\/upla.cl\/noticias\/wp-content\/uploads\/2016\/11\/20anos_carreras_ingenieria_07.jpg 640w\" sizes=\"auto, (max-width: 300px) 100vw, 300px\" \/><\/a>\n\t\t\t<\/div><\/figure><figure class='gallery-item'>\n\t\t\t<div class='gallery-icon landscape'>\n\t\t\t\t<a href='https:\/\/upla.cl\/noticias\/wp-content\/uploads\/2016\/11\/20anos_carreras_ingenieria_08.jpg'><img loading=\"lazy\" decoding=\"async\" width=\"300\" height=\"200\" src=\"https:\/\/upla.cl\/noticias\/wp-content\/uploads\/2016\/11\/20anos_carreras_ingenieria_08-300x200.jpg\" class=\"attachment-medium size-medium\" alt=\"\" srcset=\"https:\/\/upla.cl\/noticias\/wp-content\/uploads\/2016\/11\/20anos_carreras_ingenieria_08-300x200.jpg 300w, https:\/\/upla.cl\/noticias\/wp-content\/uploads\/2016\/11\/20anos_carreras_ingenieria_08.jpg 640w\" sizes=\"auto, (max-width: 300px) 100vw, 300px\" \/><\/a>\n\t\t\t<\/div><\/figure><figure class='gallery-item'>\n\t\t\t<div class='gallery-icon landscape'>\n\t\t\t\t<a href='https:\/\/upla.cl\/noticias\/wp-content\/uploads\/2016\/11\/20anos_carreras_ingenieria_09.jpg'><img loading=\"lazy\" decoding=\"async\" width=\"300\" height=\"200\" src=\"https:\/\/upla.cl\/noticias\/wp-content\/uploads\/2016\/11\/20anos_carreras_ingenieria_09-300x200.jpg\" class=\"attachment-medium size-medium\" alt=\"\" srcset=\"https:\/\/upla.cl\/noticias\/wp-content\/uploads\/2016\/11\/20anos_carreras_ingenieria_09-300x200.jpg 300w, https:\/\/upla.cl\/noticias\/wp-content\/uploads\/2016\/11\/20anos_carreras_ingenieria_09.jpg 640w\" sizes=\"auto, (max-width: 300px) 100vw, 300px\" \/><\/a>\n\t\t\t<\/div><\/figure><figure class='gallery-item'>\n\t\t\t<div class='gallery-icon landscape'>\n\t\t\t\t<a href='https:\/\/upla.cl\/noticias\/wp-content\/uploads\/2016\/11\/20anos_carreras_ingenieria_10.jpg'><img loading=\"lazy\" decoding=\"async\" width=\"300\" height=\"200\" src=\"https:\/\/upla.cl\/noticias\/wp-content\/uploads\/2016\/11\/20anos_carreras_ingenieria_10-300x200.jpg\" class=\"attachment-medium size-medium\" alt=\"\" srcset=\"https:\/\/upla.cl\/noticias\/wp-content\/uploads\/2016\/11\/20anos_carreras_ingenieria_10-300x200.jpg 300w, https:\/\/upla.cl\/noticias\/wp-content\/uploads\/2016\/11\/20anos_carreras_ingenieria_10.jpg 640w\" sizes=\"auto, (max-width: 300px) 100vw, 300px\" \/><\/a>\n\t\t\t<\/div><\/figure><figure class='gallery-item'>\n\t\t\t<div class='gallery-icon landscape'>\n\t\t\t\t<a href='https:\/\/upla.cl\/noticias\/wp-content\/uploads\/2016\/11\/20anos_carreras_ingenieria_11.jpg'><img loading=\"lazy\" decoding=\"async\" width=\"300\" height=\"200\" src=\"https:\/\/upla.cl\/noticias\/wp-content\/uploads\/2016\/11\/20anos_carreras_ingenieria_11-300x200.jpg\" class=\"attachment-medium size-medium\" alt=\"\" srcset=\"https:\/\/upla.cl\/noticias\/wp-content\/uploads\/2016\/11\/20anos_carreras_ingenieria_11-300x200.jpg 300w, https:\/\/upla.cl\/noticias\/wp-content\/uploads\/2016\/11\/20anos_carreras_ingenieria_11.jpg 640w\" sizes=\"auto, (max-width: 300px) 100vw, 300px\" \/><\/a>\n\t\t\t<\/div><\/figure><figure class='gallery-item'>\n\t\t\t<div class='gallery-icon landscape'>\n\t\t\t\t<a href='https:\/\/upla.cl\/noticias\/wp-content\/uploads\/2016\/11\/20anos_carreras_ingenieria_12.jpg'><img loading=\"lazy\" decoding=\"async\" width=\"300\" height=\"200\" src=\"https:\/\/upla.cl\/noticias\/wp-content\/uploads\/2016\/11\/20anos_carreras_ingenieria_12-300x200.jpg\" class=\"attachment-medium size-medium\" alt=\"\" srcset=\"https:\/\/upla.cl\/noticias\/wp-content\/uploads\/2016\/11\/20anos_carreras_ingenieria_12-300x200.jpg 300w, https:\/\/upla.cl\/noticias\/wp-content\/uploads\/2016\/11\/20anos_carreras_ingenieria_12.jpg 640w\" sizes=\"auto, (max-width: 300px) 100vw, 300px\" \/><\/a>\n\t\t\t<\/div><\/figure>\n\t\t<\/div>\n\n","protected":false},"excerpt":{"rendered":"<p>Se trata de las ingenier\u00edas Ambiental, Civil Ambiental y Civil Industrial que se crearon en 1996. <\/p>\n","protected":false},"author":2,"featured_media":93591,"comment_status":"closed","ping_status":"closed","sticky":false,"template":"","format":"standard","meta":{"footnotes":""},"categories":[51,96,40,101,97,78],"tags":[],"class_list":["post-93581","post","type-post","status-publish","format-standard","has-post-thumbnail","","category-academia","category-academicos","category-destacados","category-docencia","category-estudiantes","category-facultad-de-ingenieria"],"_links":{"self":[{"href":"https:\/\/upla.cl\/noticias\/wp-json\/wp\/v2\/posts\/93581","targetHints":{"allow":["GET"]}}],"collection":[{"href":"https:\/\/upla.cl\/noticias\/wp-json\/wp\/v2\/posts"}],"about":[{"href":"https:\/\/upla.cl\/noticias\/wp-json\/wp\/v2\/types\/post"}],"author":[{"embeddable":true,"href":"https:\/\/upla.cl\/noticias\/wp-json\/wp\/v2\/users\/2"}],"replies":[{"embeddable":true,"href":"https:\/\/upla.cl\/noticias\/wp-json\/wp\/v2\/comments?post=93581"}],"version-history":[{"count":0,"href":"https:\/\/upla.cl\/noticias\/wp-json\/wp\/v2\/posts\/93581\/revisions"}],"wp:featuredmedia":[{"embeddable":true,"href":"https:\/\/upla.cl\/noticias\/wp-json\/wp\/v2\/media\/93591"}],"wp:attachment":[{"href":"https:\/\/upla.cl\/noticias\/wp-json\/wp\/v2\/media?parent=93581"}],"wp:term":[{"taxonomy":"category","embeddable":true,"href":"https:\/\/upla.cl\/noticias\/wp-json\/wp\/v2\/categories?post=93581"},{"taxonomy":"post_tag","embeddable":true,"href":"https:\/\/upla.cl\/noticias\/wp-json\/wp\/v2\/tags?post=93581"}],"curies":[{"name":"wp","href":"https:\/\/api.w.org\/{rel}","templated":true}]}}