{"id":96382,"date":"2017-01-06T09:33:02","date_gmt":"2017-01-06T12:33:02","guid":{"rendered":"http:\/\/www.upla.cl\/noticias\/?p=96382"},"modified":"2017-01-06T17:33:20","modified_gmt":"2017-01-06T20:33:20","slug":"informe-sobre-incendio-en-playa-ancha","status":"publish","type":"post","link":"https:\/\/upla.cl\/noticias\/2017\/01\/06\/informe-sobre-incendio-en-playa-ancha\/","title":{"rendered":"Informe sobre incendio en Playa Ancha"},"content":{"rendered":"<p><a href=\"https:\/\/www.upla.cl\/noticias\/wp-content\/uploads\/2016\/08\/pedhistygeo_vinculacion_jaimecortez.png\"><img loading=\"lazy\" decoding=\"async\" class=\"alignright size-medium wp-image-89623\" src=\"https:\/\/www.upla.cl\/noticias\/wp-content\/uploads\/2016\/08\/pedhistygeo_vinculacion_jaimecortez-300x200.png\" alt=\"\" width=\"300\" height=\"200\" srcset=\"https:\/\/upla.cl\/noticias\/wp-content\/uploads\/2016\/08\/pedhistygeo_vinculacion_jaimecortez-300x200.png 300w, https:\/\/upla.cl\/noticias\/wp-content\/uploads\/2016\/08\/pedhistygeo_vinculacion_jaimecortez.png 640w\" sizes=\"auto, (max-width: 300px) 100vw, 300px\" \/><\/a>De acuerdo a la ONEMI, el incendio forestal \u00abParcela Regimiento Maipo\u00bb se inici\u00f3 la tarde del 2 de enero de 2017, afectando unas 210 hect\u00e1reas de pastizal, matorral y eucalipto. Lamentablemente este incendio destruy\u00f3 unas 140 viviendas en los sectores \u00abPoblaci\u00f3n Ecol\u00f3gica\u00bb, \u00abPuertas Negras\u00bb y \u00abEl Molino\u00bb, afectando una cantidad a\u00fan por determinar de personas y familias.<\/p>\n<p>Los datos de la estaci\u00f3n meteorol\u00f3gica del Taller de Geograf\u00eda Social de la carrera de Pedagog\u00eda en Historia y Geograf\u00eda de la Universidad de Playa Ancha, registraron valores de temperaturas para el d\u00eda 2 de enero que sobrepasaron los 25 grados, r\u00e1fagas de vientos en el sector bajo de Playa Ancha que sobrepasaron los 60 kil\u00f3metros por hora (m\u00e1s de 30 nudos por hora), y adem\u00e1s una reducida humedad ambiental (menos del 30% de humedad relativa). Las condiciones meteorol\u00f3gicas entonces fueron las propicias para la propagaci\u00f3n de incendios forestales, lo que se conoce como regla 30-30-30 (temperaturas cercanas a los 30\u00b0 Celsius, vientos de m\u00e1s de 30 nudos por hora y humedad relativa bajo el 30%).<\/p>\n<p>Sin embargo, lo anterior no significa que estas sean las causantes de la tragedia del 2 de enero, se debe ser enf\u00e1tico en se\u00f1alar que incendios de estas caracter\u00edsticas siempre tienen una causal humana (ya sea intencional o no), as\u00ed por ejemplo algunos estudios se\u00f1alan que las plantaciones de eucalipto no solo afectan la biodiversidad sino que adem\u00e1s son altamente combustibles, da\u00f1an los suelos y secan las aguas fre\u00e1ticas (D\u00edaz-Hormaz\u00e1bal, Eugenio y Gonz\u00e1lez, Mauro 2016).<\/p>\n<p>Los pobladores de Valpara\u00edso tienen una larga tradici\u00f3n habitando en los cerros de la ciudad. Se exige por tanto un an\u00e1lisis riguroso y serio respecto de las medidas a tomar que no necesariamente contemplen la erradicaci\u00f3n de personas que pueden sentir un arraigo afectivo por el lugar que habitan. Es as\u00ed que en los \u00faltimos d\u00edas se han propuesto una serie de medidas como la tala de eucaliptus, habilitaci\u00f3n de cinturones corta fuego y aumentar la disponibilidad de grifos.<\/p>\n<p>La Secci\u00f3n de Geograf\u00eda Social del Departamento Disciplinar de Historia de la Facultad de Humanidades trabaja con el Observatorio de Participaci\u00f3n Social y Territorio de la Facultad de Ciencias Sociales y la Direcci\u00f3n General de Desarrollo Estudiantil de la UPLA, en el levantamiento de informaci\u00f3n que permita un an\u00e1lisis de propuestas, entendiendo que est\u00e1s requieren de reflexi\u00f3n, debate e instancias de participaci\u00f3n ciudadana, por lo tambi\u00e9n se ha requerido la concurrencia y colaboraci\u00f3n de los habitantes del sector afectado.<\/p>\n<p>Todo lo anterior en el entendido que de acuerdo al \u00abCentro de Ciencia del Clima y Resiliencia de la Universidad de Chile\u00bb, para los pr\u00f3ximos a\u00f1os los efectos del cambio clim\u00e1tico en la regi\u00f3n har\u00e1n que las condiciones meteorol\u00f3gicas sean cada vez m\u00e1s favorables para la propagaci\u00f3n de incendios forestales, lo que obliga entonces a una acci\u00f3n mancomunada y colaborativa entre los distintos actores de la sociedad.<\/p>\n<h6>Por Jaime Patricio Cortez Mu\u00f1oz<br \/>\nProfesor de la Secci\u00f3n de Geograf\u00eda Social<br \/>\nDepartamento Disciplinar de Historia<br \/>\nFacultad de Humanidades<br \/>\nUniversidad de Playa Ancha<\/h6>\n<h5>Bibliograf\u00eda<\/h5>\n<ul>\n<li>Camus P. 2006. Ambiente, Bosques y Gesti\u00f3n Forestal en Chile. 1541-2005. Santiago, Chile. Ediciones LOM.<\/li>\n<li>D\u00edaz-Hormaz\u00e1bal, Eugenio y Gonz\u00e1lez, Mauro. An\u00e1lisis espacio-temporal de incendios forestales en la regi\u00f3n del Maule, Chile. Bosque Valdivia, vol.37 no.1 Valdivia 2016.<\/li>\n<li>Fern\u00e1ndez I, N Morales, L Olivares, J Salvatierra, M G\u00f3mez, G Montenegro. 2010. Restauraci\u00f3n ecol\u00f3gica para ecosistemas nativos afectados por incendios forestales. Santiago, Chile. Gr\u00e1fica LOM.<\/li>\n<li>Gonz\u00e1lez ME, A Lara, R Urrutia. 2011. Cambio clim\u00e1tico y su impacto potencial en la ocurrencia de incendios forestales en la zona centro-sur de Chile (33\u00b0 &#8211; 42\u00b0 S). Bosque 32(3): 215-219.<\/li>\n<\/ul>\n","protected":false},"excerpt":{"rendered":"<p>Elaborado por el profesor Jaime Patricio Cortez Mu\u00f1oz, de la secci\u00f3n de Geograf\u00eda Social del Departamento Disciplinario de Historia de la Facultad de Humanidades.<\/p>\n","protected":false},"author":2,"featured_media":89623,"comment_status":"closed","ping_status":"closed","sticky":false,"template":"","format":"standard","meta":{"footnotes":""},"categories":[96,77,44,91],"tags":[],"class_list":["post-96382","post","type-post","status-publish","format-standard","has-post-thumbnail","","category-academicos","category-facultad-de-humanidades","category-opinion","category-vinculacion-con-el-medio"],"_links":{"self":[{"href":"https:\/\/upla.cl\/noticias\/wp-json\/wp\/v2\/posts\/96382","targetHints":{"allow":["GET"]}}],"collection":[{"href":"https:\/\/upla.cl\/noticias\/wp-json\/wp\/v2\/posts"}],"about":[{"href":"https:\/\/upla.cl\/noticias\/wp-json\/wp\/v2\/types\/post"}],"author":[{"embeddable":true,"href":"https:\/\/upla.cl\/noticias\/wp-json\/wp\/v2\/users\/2"}],"replies":[{"embeddable":true,"href":"https:\/\/upla.cl\/noticias\/wp-json\/wp\/v2\/comments?post=96382"}],"version-history":[{"count":0,"href":"https:\/\/upla.cl\/noticias\/wp-json\/wp\/v2\/posts\/96382\/revisions"}],"wp:featuredmedia":[{"embeddable":true,"href":"https:\/\/upla.cl\/noticias\/wp-json\/wp\/v2\/media\/89623"}],"wp:attachment":[{"href":"https:\/\/upla.cl\/noticias\/wp-json\/wp\/v2\/media?parent=96382"}],"wp:term":[{"taxonomy":"category","embeddable":true,"href":"https:\/\/upla.cl\/noticias\/wp-json\/wp\/v2\/categories?post=96382"},{"taxonomy":"post_tag","embeddable":true,"href":"https:\/\/upla.cl\/noticias\/wp-json\/wp\/v2\/tags?post=96382"}],"curies":[{"name":"wp","href":"https:\/\/api.w.org\/{rel}","templated":true}]}}