{"id":97264,"date":"2017-01-06T14:41:01","date_gmt":"2017-01-06T17:41:01","guid":{"rendered":"http:\/\/www.upla.cl\/noticias\/?p=97264"},"modified":"2017-01-24T15:12:38","modified_gmt":"2017-01-24T18:12:38","slug":"gobierno-y-congreso-reciben-documento-sobre-proceso-constituyente-en-chile","status":"publish","type":"post","link":"https:\/\/upla.cl\/noticias\/2017\/01\/06\/gobierno-y-congreso-reciben-documento-sobre-proceso-constituyente-en-chile\/","title":{"rendered":"Gobierno y Congreso reciben documento sobre Proceso Constituyente en Chile"},"content":{"rendered":"<p><img loading=\"lazy\" decoding=\"async\" class=\"alignright size-medium wp-image-97266\" src=\"https:\/\/www.upla.cl\/noticias\/wp-content\/uploads\/2016\/01\/Lanzamiento1-300x200.jpg\" alt=\"\" width=\"300\" height=\"200\" srcset=\"https:\/\/upla.cl\/noticias\/wp-content\/uploads\/2016\/01\/Lanzamiento1-300x200.jpg 300w, https:\/\/upla.cl\/noticias\/wp-content\/uploads\/2016\/01\/Lanzamiento1-768x512.jpg 768w, https:\/\/upla.cl\/noticias\/wp-content\/uploads\/2016\/01\/Lanzamiento1.jpg 800w\" sizes=\"auto, (max-width: 300px) 100vw, 300px\" \/>Con la presencia de la Ministra Secretaria General de Gobierno, Paula Narv\u00e1ez; y de los presidentes del Senado, Ricardo Lagos Weber, y de la C\u00e1mara de Diputados, Osvaldo Andrade (PS), se llev\u00f3 a cabo la ceremonia de entrega del documento \u201cProceso Constituyente en Chile: Reflexiones desde las Regiones\u201d.<\/p>\n<p>El documento, entregado por el presidente de la Agrupaci\u00f3n de Universidades Regionales (AUR) y rector de la Universidad de Playa Ancha, Patricio Sanhueza, recoge las conclusiones del ciclo de seminarios que tuvo como objetivo fomentar el di\u00e1logo y la discusi\u00f3n t\u00e9cnica; informar a los estudiantes, a la comunidad acad\u00e9mica y a la ciudadan\u00eda en general; y convocar a los parlamentarios a conversar sobre los temas m\u00e1s relevantes a nivel regional y nacional que preocupan al Chile de hoy, embarcado en este cambio constitucional.<\/p>\n<p>Seg\u00fan expres\u00f3 la ministra Paula Narv\u00e1ez, este es un importante insumo para el trabajo que ha liderado el gobierno de la presidenta Michelle Bachelet y que ha movilizado miles de iniciativas para aportar en el proceso constituyente.<\/p>\n<p>\u201cValoramos el aporte que han hecho las universidades regionales, el Congreso Nacional y el Programa de Naciones Unidas para el Desarrollo (PNUD) Chile, ya que hoy d\u00eda se est\u00e1 transformando en muchas materias y lo importante es que todos nos sintamos parte de esa transformaci\u00f3n y qu\u00e9 mejor que tener la reflexi\u00f3n de miles de chilenos, a lo largo del territorio nacional, que est\u00e1n diciendo c\u00f3mo quieren que sea su pa\u00eds\u201d, se\u00f1al\u00f3.<\/p>\n<p>El presidente de la C\u00e1mara de Diputados, Osvaldo Andrade, destac\u00f3 el debate p\u00fablico que gener\u00f3 el proceso constituyente, ya que, m\u00e1s all\u00e1 de su significaci\u00f3n estad\u00edstica, tuvo un car\u00e1cter in\u00e9dito en la historia constitucional de Chile.<\/p>\n<p><img loading=\"lazy\" decoding=\"async\" class=\"alignleft size-medium wp-image-97267\" src=\"https:\/\/www.upla.cl\/noticias\/wp-content\/uploads\/2016\/01\/Lanzamiento2-300x181.jpg\" alt=\"\" width=\"300\" height=\"181\" srcset=\"https:\/\/upla.cl\/noticias\/wp-content\/uploads\/2016\/01\/Lanzamiento2-300x181.jpg 300w, https:\/\/upla.cl\/noticias\/wp-content\/uploads\/2016\/01\/Lanzamiento2.jpg 745w\" sizes=\"auto, (max-width: 300px) 100vw, 300px\" \/>\u201cHoy esperamos que el sentimiento de descentralizaci\u00f3n efectiva que se manifest\u00f3 entre las regiones se vea tambi\u00e9n ampliamente satisfecho por la ley que permitir\u00e1 la elecci\u00f3n directa de la m\u00e1xima autoridad de cada regi\u00f3n. Tenemos mucho que trabajar a\u00fan para que la elecci\u00f3n de los nuevos gobernadores regionales vaya acompa\u00f1ada de facultades y recursos efectivos\u201d, indic\u00f3.<\/p>\n<p>Asimismo, el parlamentario resalt\u00f3 que se debe avanzar simult\u00e1neamente en la discusi\u00f3n del proyecto de reforma constitucional que la Presidenta de la Rep\u00fablica har\u00e1 llegar durante el actual periodo legislativo, definiendo procedimientos y contenidos para el cambio constitucional.<\/p>\n<p>Por su parte, la Oficial a cargo del Programa de Naciones Unidas para el Desarrollo en Chile, Marcela R\u00edos, manifest\u00f3 que para ellos ha sido una gran satisfacci\u00f3n poder acompa\u00f1ar este proceso, desde el sistema de Naciones Unidas y desde el PNUD, en particular.<\/p>\n<p>\u201cNosotros hemos venido estudiando la experiencia internacional sobre procesos constituyentes y una de las claves para un proceso exitoso es que se realice con una amplia participaci\u00f3n de la ciudadan\u00eda. Incluir la opini\u00f3n de las comunidades locales y de las regiones es esencial para un proceso amplio, donde finalmente los textos institucionales incorporen la opini\u00f3n de todos\u201d, argument\u00f3.<\/p>\n<p>En esa l\u00ednea, R\u00edos agreg\u00f3 que se dieron debates sobre la estructura del Estado, los derechos fundamentales y el tema de los pueblos originarios, entre otros. \u201cPensamos que este es un aporte m\u00e1s, un aporte que contribuye al proceso en el que est\u00e1 el pa\u00eds, por lo que esperamos que las conclusiones de este ciclo de seminarios puedan ser incorporadas a la hora de redactar un texto institucional\u201d, aport\u00f3.<\/p>\n<h5><strong><img loading=\"lazy\" decoding=\"async\" class=\"alignright size-medium wp-image-97268\" src=\"https:\/\/www.upla.cl\/noticias\/wp-content\/uploads\/2016\/01\/Portada-200x300.jpg\" alt=\"\" width=\"200\" height=\"300\" srcset=\"https:\/\/upla.cl\/noticias\/wp-content\/uploads\/2016\/01\/Portada-200x300.jpg 200w, https:\/\/upla.cl\/noticias\/wp-content\/uploads\/2016\/01\/Portada.jpg 300w\" sizes=\"auto, (max-width: 200px) 100vw, 200px\" \/>Texto final<\/strong><\/h5>\n<p>Entre las conclusiones y acuerdos que surgieron de este debate se encuentra la necesidad de que el Proceso Constituyente, independientemente del mecanismo que use, debe incluir instancias participativas desde el comienzo. \u201cLas personas deben sentir el proceso como algo importante y que su voz es escuchada y tomada en cuenta. Para esto, el debate informado, la educaci\u00f3n c\u00edvica y el di\u00e1logo de ideas diferentes y de diversos or\u00edgenes es fundamental. Dentro de esto, fue claro que no hay una f\u00f3rmula perfecta\u201d, se sostiene en el texto.<\/p>\n<p>Asimismo, un elemento que surgi\u00f3 de las opiniones de algunos participantes, es que pese a la crisis de confianza hacia las instituciones del sistema pol\u00edtico que actualmente afecta al pa\u00eds, se consider\u00f3 la absoluta necesidad de la amplia participaci\u00f3n del Congreso Nacional en el Proceso Constituyente, independientemente del mecanismo que se elija para la aprobaci\u00f3n de la nueva Constituci\u00f3n, o si la aprobaci\u00f3n la hace el Congreso saliente o el que ser\u00e1 elegido en 2017.<\/p>\n<p>Un\u00e1nimemente, se esboz\u00f3 como una demanda a favor de la descentralizaci\u00f3n, la cr\u00edtica al exacerbado centralismo existente en el pa\u00eds, y a la toma de decisiones concentrada en Santiago, el manejo presupuestario y la discriminaci\u00f3n hacia las universidades regionales.<\/p>\n<p>En ese sentido, se insisti\u00f3 en que la nueva Constituci\u00f3n debe preservar la equidad regional, pero a trav\u00e9s de la comprensi\u00f3n de la diversidad de las regiones entre identidades, recursos naturales, ra\u00edces \u00e9tnicas, de manera de proponer un trato que lo contemple.<\/p>\n<p>Adem\u00e1s, en distinto grado, los seminarios mostraron la necesidad de un di\u00e1logo m\u00e1s continuo entre la sociedad civil y los parlamentarios en regiones. A la vez, mostraron que las universidades regionales son un excelente espacio para estos encuentros, donde es posible conjugar las visiones pol\u00edticas, las t\u00e9cnicas y las demandas del mundo social.<\/p>\n<p>El informe final,\u00a0\u201cProceso Constituyente en Chile: Reflexiones desde las Regiones\u201d, se puede revisar o descargar <a href=\"http:\/\/www.auregionales.cl\/wp-content\/uploads\/2017\/01\/informe-PROC-CONST-2016.pdf\" target=\"_blank\" rel=\"noopener\">AQU\u00cd<\/a>.<\/p>\n<p>&nbsp;<\/p>\n<p>Fuente: Comunicaciones <a href=\"http:\/\/www.auregionales.cl\/?p=3679\" target=\"_blank\" rel=\"noopener\">AUR<\/a> y <a href=\"https:\/\/www.camara.cl\/prensa\/noticias_detalle.aspx?prmid=131250\" target=\"_blank\" rel=\"noopener\">C\u00e1mara de Diputados<\/a>.<\/p>\n<p>&nbsp;<\/p>\n","protected":false},"excerpt":{"rendered":"<p>Rector Patricio Sanhueza entreg\u00f3 el texto, que re\u00fane las opiniones de participantes en el ciclo de seminarios organizados por la Agrupaci\u00f3n de Universidades Regionales, el Programa de Naciones Unidas para el Desarrollo, la Academia Parlamentaria de la C\u00e1mara de Diputados, el Centro de Extensi\u00f3n del Senado y la Biblioteca del Congreso Nacional.<\/p>\n","protected":false},"author":4,"featured_media":97266,"comment_status":"closed","ping_status":"closed","sticky":false,"template":"","format":"standard","meta":{"footnotes":""},"categories":[98,113],"tags":[],"class_list":["post-97264","post","type-post","status-publish","format-standard","has-post-thumbnail","","category-gestion","category-universidades-en-red"],"_links":{"self":[{"href":"https:\/\/upla.cl\/noticias\/wp-json\/wp\/v2\/posts\/97264","targetHints":{"allow":["GET"]}}],"collection":[{"href":"https:\/\/upla.cl\/noticias\/wp-json\/wp\/v2\/posts"}],"about":[{"href":"https:\/\/upla.cl\/noticias\/wp-json\/wp\/v2\/types\/post"}],"author":[{"embeddable":true,"href":"https:\/\/upla.cl\/noticias\/wp-json\/wp\/v2\/users\/4"}],"replies":[{"embeddable":true,"href":"https:\/\/upla.cl\/noticias\/wp-json\/wp\/v2\/comments?post=97264"}],"version-history":[{"count":0,"href":"https:\/\/upla.cl\/noticias\/wp-json\/wp\/v2\/posts\/97264\/revisions"}],"wp:featuredmedia":[{"embeddable":true,"href":"https:\/\/upla.cl\/noticias\/wp-json\/wp\/v2\/media\/97266"}],"wp:attachment":[{"href":"https:\/\/upla.cl\/noticias\/wp-json\/wp\/v2\/media?parent=97264"}],"wp:term":[{"taxonomy":"category","embeddable":true,"href":"https:\/\/upla.cl\/noticias\/wp-json\/wp\/v2\/categories?post=97264"},{"taxonomy":"post_tag","embeddable":true,"href":"https:\/\/upla.cl\/noticias\/wp-json\/wp\/v2\/tags?post=97264"}],"curies":[{"name":"wp","href":"https:\/\/api.w.org\/{rel}","templated":true}]}}