{"id":99204,"date":"2017-04-21T14:59:01","date_gmt":"2017-04-21T17:59:01","guid":{"rendered":"http:\/\/www.upla.cl\/noticias\/?p=99204"},"modified":"2017-04-21T15:04:44","modified_gmt":"2017-04-21T18:04:44","slug":"upla-se-suma-a-campana-de-limpieza-en-playa-ancha","status":"publish","type":"post","link":"https:\/\/upla.cl\/noticias\/2017\/04\/21\/upla-se-suma-a-campana-de-limpieza-en-playa-ancha\/","title":{"rendered":"UPLA se suma a campa\u00f1a de limpieza en Playa Ancha"},"content":{"rendered":"<p><a href=\"https:\/\/www.upla.cl\/noticias\/wp-content\/uploads\/2016\/04\/Afiche.jpg\"><img loading=\"lazy\" decoding=\"async\" class=\"alignright size-medium wp-image-99206\" src=\"https:\/\/www.upla.cl\/noticias\/wp-content\/uploads\/2016\/04\/Afiche-198x300.jpg\" alt=\"\" width=\"198\" height=\"300\" srcset=\"https:\/\/upla.cl\/noticias\/wp-content\/uploads\/2016\/04\/Afiche-198x300.jpg 198w, https:\/\/upla.cl\/noticias\/wp-content\/uploads\/2016\/04\/Afiche.jpg 480w\" sizes=\"auto, (max-width: 198px) 100vw, 198px\" \/><\/a>Los vecinos de los sectores afectados por el incendio del 2 de enero pasado, en la parte alta de Playa Ancha, est\u00e1n organizando una campa\u00f1a para recuperar y mejorar los espacios da\u00f1ados, bajo el lema \u00abViveza es cuidar el barrio y la naturaleza\u00bb. La iniciativa recibi\u00f3 el apoyo de la universidad y de un grupo de estudiantes que ya est\u00e1n coordinando la forma de ayudar.<\/p>\n<p>Esta \u00abPrimera campa\u00f1a de limpieza y recuperaci\u00f3n de espacios p\u00fablicos en Playa Ancha Alto\u00bb es organizada en conjunto por distintas unidades vecinales, comit\u00e9s de vivienda, clubes deportivos, vecinos y vecinas damnificadas en el incendio, con el apoyo del equipo de reconstrucci\u00f3n de la Municipalidad de Valpara\u00edso y la <strong>Direcci\u00f3n General de Desarrollo Estudiantil<\/strong> (DGDE) de la <strong>Universidad de Playa Ancha<\/strong>.<\/p>\n<p>Tras la realizaci\u00f3n de varias reuniones de coordinaci\u00f3n por medio de una mesa de trabajo que involucra a todas las organizaciones, pobladores e instituciones mencionadas, se han logrado discutir y realizar propuestas concretas para abordar la problem\u00e1tica de los microbasurales y las quebradas que fueron afectadas por el incendio.<\/p>\n<p>La Mesa de Coordinaci\u00f3n de los vecinos reconoci\u00f3 que se requerir\u00e1 mucho trabajo, pero declar\u00f3 que \u00ablas vecinas y vecinos de Playa Ancha Alto queremos un barrio limpio y podemos lograrlo en conjunto con voluntarios y diversas instituciones que nos quieran aportar\u00bb.<\/p>\n<p>La primera jornada de trabajo se realizar\u00e1 el s\u00e1bado 29 de abril y contempla diversas actividades de limpieza, desmalezamiento y recuperaci\u00f3n de espacios p\u00fablicos en los sectores del Molino, Villa Esperanza, Piedra Laja y el Sexto Sector de Playa Ancha.<\/p>\n<p>En este marco, la DGDE, por medio de la Unidad de Vinculaci\u00f3n Territorial y Apoyo Comunitario, hizo un llamado a todos los estudiantes de la UPLA a formar parte de esta campa\u00f1a en apoyo directo de la comunidad afectada por el incendio de enero. Camila Maturana, integrante de esa unidad, hizo notar que \u00abla comunidad nos necesita y es de suma importancia que como una instituci\u00f3n p\u00fablica podamos ir en apoyo directo a esta campa\u00f1a que se levanta desde las bases de la comunidad de Playa Ancha Alto\u00bb.<\/p>\n<p>Los interesados en ayudar pueden inscribirse como voluntarios en la Direcci\u00f3n General de Desarrollo Estudiantil (tercer piso del Edificio Institucional), con la secretaria Andrea Olgu\u00edn Tapia, o enviando sus datos personales al correo c.maturana.montiel@gmail.com.<\/p>\n<p>&nbsp;<\/p>\n<p>&nbsp;<\/p>\n","protected":false},"excerpt":{"rendered":"<p>Vecinos se organizaron para recuperar sectores afectados por incendio del 2 de enero y esperan contar con ayuda de estudiantes.<\/p>\n","protected":false},"author":4,"featured_media":99207,"comment_status":"closed","ping_status":"closed","sticky":false,"template":"","format":"standard","meta":{"footnotes":""},"categories":[40,97,91],"tags":[],"class_list":["post-99204","post","type-post","status-publish","format-standard","has-post-thumbnail","","category-destacados","category-estudiantes","category-vinculacion-con-el-medio"],"_links":{"self":[{"href":"https:\/\/upla.cl\/noticias\/wp-json\/wp\/v2\/posts\/99204","targetHints":{"allow":["GET"]}}],"collection":[{"href":"https:\/\/upla.cl\/noticias\/wp-json\/wp\/v2\/posts"}],"about":[{"href":"https:\/\/upla.cl\/noticias\/wp-json\/wp\/v2\/types\/post"}],"author":[{"embeddable":true,"href":"https:\/\/upla.cl\/noticias\/wp-json\/wp\/v2\/users\/4"}],"replies":[{"embeddable":true,"href":"https:\/\/upla.cl\/noticias\/wp-json\/wp\/v2\/comments?post=99204"}],"version-history":[{"count":0,"href":"https:\/\/upla.cl\/noticias\/wp-json\/wp\/v2\/posts\/99204\/revisions"}],"wp:featuredmedia":[{"embeddable":true,"href":"https:\/\/upla.cl\/noticias\/wp-json\/wp\/v2\/media\/99207"}],"wp:attachment":[{"href":"https:\/\/upla.cl\/noticias\/wp-json\/wp\/v2\/media?parent=99204"}],"wp:term":[{"taxonomy":"category","embeddable":true,"href":"https:\/\/upla.cl\/noticias\/wp-json\/wp\/v2\/categories?post=99204"},{"taxonomy":"post_tag","embeddable":true,"href":"https:\/\/upla.cl\/noticias\/wp-json\/wp\/v2\/tags?post=99204"}],"curies":[{"name":"wp","href":"https:\/\/api.w.org\/{rel}","templated":true}]}}