{"id":99213,"date":"2017-04-21T16:25:32","date_gmt":"2017-04-21T19:25:32","guid":{"rendered":"http:\/\/www.upla.cl\/noticias\/?p=99213"},"modified":"2025-11-19T15:36:39","modified_gmt":"2025-11-19T18:36:39","slug":"intendencia-regional-encabeza-discusion-sobre-la-desalinizacion-de-las-aguas-del-mar","status":"publish","type":"post","link":"https:\/\/upla.cl\/noticias\/2017\/04\/21\/intendencia-regional-encabeza-discusion-sobre-la-desalinizacion-de-las-aguas-del-mar\/","title":{"rendered":"Intendencia Regional encabeza discusi\u00f3n sobre la desalinizaci\u00f3n de las aguas del mar"},"content":{"rendered":"<p><a href=\"https:\/\/www.upla.cl\/noticias\/wp-content\/uploads\/2017\/04\/16Seminario-Desalinizacio\u0301n.jpg\"><img loading=\"lazy\" decoding=\"async\" class=\"aligncenter size-full wp-image-99225\" src=\"https:\/\/www.upla.cl\/noticias\/wp-content\/uploads\/2017\/04\/16Seminario-Desalinizacio\u0301n.jpg\" alt=\"\" width=\"640\" height=\"427\" srcset=\"https:\/\/upla.cl\/noticias\/wp-content\/uploads\/2017\/04\/16Seminario-Desalinizacio\u0301n.jpg 640w, https:\/\/upla.cl\/noticias\/wp-content\/uploads\/2017\/04\/16Seminario-Desalinizacio\u0301n-300x200.jpg 300w\" sizes=\"auto, (max-width: 640px) 100vw, 640px\" \/><\/a>Con la presencia y el saludo del <strong>Intendente Regional, Gabriel Aldoney,<\/strong> se inaugur\u00f3 la conferencia magistral \u201c<strong>Desalinizaci\u00f3n como estrategia de Seguridad H\u00eddrica \u2013 Experiencia <a href=\"https:\/\/www.upla.cl\/noticias\/wp-content\/uploads\/2017\/04\/2Seminario-Desalinizacio\u0301n.jpg\"><img loading=\"lazy\" decoding=\"async\" class=\"alignleft wp-image-99223 size-medium\" src=\"https:\/\/www.upla.cl\/noticias\/wp-content\/uploads\/2017\/04\/2Seminario-Desalinizacio\u0301n-300x200.jpg\" alt=\"\" width=\"300\" height=\"200\" srcset=\"https:\/\/upla.cl\/noticias\/wp-content\/uploads\/2017\/04\/2Seminario-Desalinizacio\u0301n-300x200.jpg 300w, https:\/\/upla.cl\/noticias\/wp-content\/uploads\/2017\/04\/2Seminario-Desalinizacio\u0301n.jpg 640w\" sizes=\"auto, (max-width: 300px) 100vw, 300px\" \/><\/a>Internacional y desaf\u00edos para la Regi\u00f3n\u201d<\/strong> que se realiz\u00f3 en el <strong>Sal\u00f3n Esmeralda<\/strong> de esta instituci\u00f3n y que cont\u00f3 con la colaboraci\u00f3n de <strong>Serem\u00eda de Obras P\u00fablicas y la Universidad de Playa Ancha.<\/strong><\/p>\n<p>El <strong>decano de la Facultad de Ciencias Naturales y Exactas, Jos\u00e9 Rubio Valenzuela<\/strong>, represent\u00f3 al <strong>rector de la UPLA<\/strong> en esta actividad y destac\u00f3 que \u201ces <a href=\"https:\/\/www.upla.cl\/noticias\/wp-content\/uploads\/2017\/04\/12Seminario-Desalinizacio\u0301n.jpg\"><img loading=\"lazy\" decoding=\"async\" class=\"alignright wp-image-99224 size-medium\" src=\"https:\/\/www.upla.cl\/noticias\/wp-content\/uploads\/2017\/04\/12Seminario-Desalinizacio\u0301n-300x200.jpg\" alt=\"\" width=\"300\" height=\"200\" srcset=\"https:\/\/upla.cl\/noticias\/wp-content\/uploads\/2017\/04\/12Seminario-Desalinizacio\u0301n-300x200.jpg 300w, https:\/\/upla.cl\/noticias\/wp-content\/uploads\/2017\/04\/12Seminario-Desalinizacio\u0301n.jpg 640w\" sizes=\"auto, (max-width: 300px) 100vw, 300px\" \/><\/a>necesario generar capacidades regionales que nos permitan abordar este tema con todos los conocimientos que se requieren y que mejor para ello que establecer una alianza institucional como la que ya tenemos con <strong>Universidad de Alicante Espa\u00f1a\u201d.<\/strong> No obstante, continu\u00f3 la autoridad, esta colaboraci\u00f3n no debe limitarse a iniciativas acad\u00e9micas o de investigaci\u00f3n, sino que debe proyectarse, principalmente, para resolver problemas espec\u00edficos regionales y nacionales en la gesti\u00f3n del recurso h\u00eddrico. \u201cTenemos la obligaci\u00f3n frente al cambio clim\u00e1tico de proponer soluciones \u00a0y adelantarnos a estas nuevas condiciones que nos est\u00e1n golpeando.\u201d, puntualiz\u00f3 el decano.<\/p>\n<p><a href=\"https:\/\/www.upla.cl\/noticias\/wp-content\/uploads\/2017\/04\/19Seminario-Desalinizacio\u0301n.jpg\"><img loading=\"lazy\" decoding=\"async\" class=\"alignleft wp-image-99226 size-medium\" src=\"https:\/\/www.upla.cl\/noticias\/wp-content\/uploads\/2017\/04\/19Seminario-Desalinizacio\u0301n-300x200.jpg\" alt=\"\" width=\"300\" height=\"200\" srcset=\"https:\/\/upla.cl\/noticias\/wp-content\/uploads\/2017\/04\/19Seminario-Desalinizacio\u0301n-300x200.jpg 300w, https:\/\/upla.cl\/noticias\/wp-content\/uploads\/2017\/04\/19Seminario-Desalinizacio\u0301n.jpg 640w\" sizes=\"auto, (max-width: 300px) 100vw, 300px\" \/><\/a>La actividad tuvo como orador principal al experto <strong>Dr. Luis S\u00e1nchez Lizaso, Doctor en Ciencias Biol\u00f3gicas y profesor titular del Departamento de Ciencias del Mar y Biolog\u00eda Aplicada de la Universidad de Alicante, Espa\u00f1a, y profesor visitante en la UPLA<\/strong> en el marco de un proyecto <strong>FONDECYT,<\/strong> quien se refiri\u00f3 en su conferencia a la desalinizaci\u00f3n y estrategias de seguridad h\u00eddrica, desarrolladas a nivel internacional.<\/p>\n<p>Posteriormente se realiz\u00f3 un panel titulado <strong>\u201cDesaf\u00edos y oportunidades de la desalinizaci\u00f3n para la regi\u00f3n de Valpara\u00edso\u201d,<\/strong> cuyos expositores fueron <strong>Miguel Saavedra, SEREMI de Obras P\u00fablicas y el Dr. Claudio S\u00e1ez, Director del Laboratorio de Investigaci\u00f3n Ambiental Costera del Centro de Estudios Avanzados, CEA, de la UPLA,<\/strong> quienes analizaron lo presentado por el <strong>Dr. S\u00e1nchez Lizaso.<\/strong><\/p>\n<p><a href=\"https:\/\/www.upla.cl\/noticias\/wp-content\/uploads\/2017\/04\/22Seminario-Desalinizacio\u0301n.jpg\"><img loading=\"lazy\" decoding=\"async\" class=\"alignright wp-image-99227 size-medium\" src=\"https:\/\/www.upla.cl\/noticias\/wp-content\/uploads\/2017\/04\/22Seminario-Desalinizacio\u0301n-300x200.jpg\" alt=\"\" width=\"300\" height=\"200\" srcset=\"https:\/\/upla.cl\/noticias\/wp-content\/uploads\/2017\/04\/22Seminario-Desalinizacio\u0301n-300x200.jpg 300w, https:\/\/upla.cl\/noticias\/wp-content\/uploads\/2017\/04\/22Seminario-Desalinizacio\u0301n.jpg 640w\" sizes=\"auto, (max-width: 300px) 100vw, 300px\" \/><\/a>El <strong>Dr. Claudio S\u00e1ez<\/strong> destac\u00f3 que la expertiz del especialista espa\u00f1ol est\u00e1 relacionada con el impacto de la actividad desaladora sobre ecosistemas costeros, \u00e1rea que para el laboratorio de investigaci\u00f3n ambiental costera del CEA es de suma relevancia. \u201cCon con la asesor\u00eda del laboratorio del Dr. S\u00e1nchez Lisazo en Espa\u00f1a estamos tratando de desarrollar en nuestra la universidad un polo de desarrollo en investigaci\u00f3n acerca de los impactos que hagan sustentable la instalaci\u00f3n de la actividad desaladora en la <strong>regi\u00f3n de Valpara\u00edso<\/strong> y a futuro, ojal\u00e1, tambi\u00e9n, a nivel nacional\u201d, dijo el <strong>Dr. S\u00e1ez.<\/strong><\/p>\n<p>La actividad que realizamos hoy en la Intendencia, contin\u00fao <strong>S\u00e1ez,<\/strong> tiene como objetivo sentar las bases de la colaboraci\u00f3n entre el <strong>Gobierno Regional y la Universidad de Playa Ancha,<\/strong> de manera que nuestra casa de estudios pueda actuar como un ente consultor que proporcione asesor\u00eda cient\u00edfico-t\u00e9cnica para la gesti\u00f3n de la instalaci\u00f3n de proyectos desaladores a futuro en la <strong>regi\u00f3n de Valpara\u00edso.<\/strong><\/p>\n<p><a href=\"https:\/\/www.upla.cl\/noticias\/wp-content\/uploads\/2017\/04\/25Seminario-Desalinizacio\u0301n.jpg\"><img loading=\"lazy\" decoding=\"async\" class=\"alignright wp-image-99228 size-medium\" src=\"https:\/\/www.upla.cl\/noticias\/wp-content\/uploads\/2017\/04\/25Seminario-Desalinizacio\u0301n-300x200.jpg\" alt=\"\" width=\"300\" height=\"200\" srcset=\"https:\/\/upla.cl\/noticias\/wp-content\/uploads\/2017\/04\/25Seminario-Desalinizacio\u0301n-300x200.jpg 300w, https:\/\/upla.cl\/noticias\/wp-content\/uploads\/2017\/04\/25Seminario-Desalinizacio\u0301n.jpg 640w\" sizes=\"auto, (max-width: 300px) 100vw, 300px\" \/><\/a>Finalmente el investigador de la <strong>UPLA<\/strong> agreg\u00f3 que: \u201cen esta etapa es solo agua de mar, independiente de eso, hay otros desaf\u00edos regionales que tampoco se han abordado como la reutilizaci\u00f3n de aguas,tambi\u00e9n tenemos investigadores desarrollando esa \u00e1rea a fin de que puedan en el futuro proporcionar asesor\u00eda t\u00e9cnica, sobre todo, en lo que tiene que ver, principalmente, con el reciclaje de agua residual para la actividad agr\u00edcola, finaliz\u00f3.<\/p>\n","protected":false},"excerpt":{"rendered":"<p>Desaf\u00edos y oportunidades de esta materia fueron tratados en una conferencia encabezada por experto espa\u00f1ol e investigador del CEA &#8211; UPLA.<\/p>\n","protected":false},"author":11,"featured_media":99225,"comment_status":"closed","ping_status":"closed","sticky":false,"template":"","format":"standard","meta":{"footnotes":""},"categories":[96,62,40,75,43,742,85,91],"tags":[],"class_list":["post-99213","post","type-post","status-publish","format-standard","has-post-thumbnail","","category-academicos","category-cea","category-destacados","category-facultad-de-ciencias-naturales-y-exactas","category-investigacion","category-pedagogia-en-biologia-y-ciencias","category-postgrados","category-vinculacion-con-el-medio"],"_links":{"self":[{"href":"https:\/\/upla.cl\/noticias\/wp-json\/wp\/v2\/posts\/99213","targetHints":{"allow":["GET"]}}],"collection":[{"href":"https:\/\/upla.cl\/noticias\/wp-json\/wp\/v2\/posts"}],"about":[{"href":"https:\/\/upla.cl\/noticias\/wp-json\/wp\/v2\/types\/post"}],"author":[{"embeddable":true,"href":"https:\/\/upla.cl\/noticias\/wp-json\/wp\/v2\/users\/11"}],"replies":[{"embeddable":true,"href":"https:\/\/upla.cl\/noticias\/wp-json\/wp\/v2\/comments?post=99213"}],"version-history":[{"count":0,"href":"https:\/\/upla.cl\/noticias\/wp-json\/wp\/v2\/posts\/99213\/revisions"}],"wp:featuredmedia":[{"embeddable":true,"href":"https:\/\/upla.cl\/noticias\/wp-json\/wp\/v2\/media\/99225"}],"wp:attachment":[{"href":"https:\/\/upla.cl\/noticias\/wp-json\/wp\/v2\/media?parent=99213"}],"wp:term":[{"taxonomy":"category","embeddable":true,"href":"https:\/\/upla.cl\/noticias\/wp-json\/wp\/v2\/categories?post=99213"},{"taxonomy":"post_tag","embeddable":true,"href":"https:\/\/upla.cl\/noticias\/wp-json\/wp\/v2\/tags?post=99213"}],"curies":[{"name":"wp","href":"https:\/\/api.w.org\/{rel}","templated":true}]}}