{"id":99238,"date":"2017-04-21T17:30:05","date_gmt":"2017-04-21T20:30:05","guid":{"rendered":"http:\/\/www.upla.cl\/noticias\/?p=99238"},"modified":"2017-05-05T16:48:59","modified_gmt":"2017-05-05T20:48:59","slug":"upla-y-pcdv-inauguraron-espacio-de-aprendizaje-creativo-para-valparaiso","status":"publish","type":"post","link":"https:\/\/upla.cl\/noticias\/2017\/04\/21\/upla-y-pcdv-inauguraron-espacio-de-aprendizaje-creativo-para-valparaiso\/","title":{"rendered":"UPLA y Parque Cultural inauguraron Espacio de Aprendizaje Creativo para Valpara\u00edso"},"content":{"rendered":"<p><a href=\"https:\/\/www.upla.cl\/noticias\/wp-content\/uploads\/2017\/04\/Inaug.-Biblioteca-Infantil-09.jpg\"><img loading=\"lazy\" decoding=\"async\" class=\"aligncenter size-full wp-image-99241\" src=\"https:\/\/www.upla.cl\/noticias\/wp-content\/uploads\/2017\/04\/Inaug.-Biblioteca-Infantil-09.jpg\" alt=\"\" width=\"640\" height=\"427\" srcset=\"https:\/\/upla.cl\/noticias\/wp-content\/uploads\/2017\/04\/Inaug.-Biblioteca-Infantil-09.jpg 640w, https:\/\/upla.cl\/noticias\/wp-content\/uploads\/2017\/04\/Inaug.-Biblioteca-Infantil-09-300x200.jpg 300w\" sizes=\"auto, (max-width: 640px) 100vw, 640px\" \/><\/a>Hoy la <strong>Universidad de Playa Ancha<\/strong> junto al <strong>Parque Cultural de Valpara\u00edso (PCdV)<\/strong> abrieron las puertas del <strong>\u201cEspacio de Aprendizaje Creativo para Valpara\u00edso\u201d<\/strong>, orientado al fomento del h\u00e1bito lector en ni\u00f1os y j\u00f3venes, el desarrollo de la imaginaci\u00f3n y el pensamiento cr\u00edtico.<\/p>\n<p><a href=\"https:\/\/www.upla.cl\/noticias\/wp-content\/uploads\/2017\/04\/Inaug.-Biblioteca-Infantil-44.jpg\"><img loading=\"lazy\" decoding=\"async\" class=\"alignright size-medium wp-image-99252\" src=\"https:\/\/www.upla.cl\/noticias\/wp-content\/uploads\/2017\/04\/Inaug.-Biblioteca-Infantil-44-300x200.jpg\" alt=\"\" width=\"300\" height=\"200\" srcset=\"https:\/\/upla.cl\/noticias\/wp-content\/uploads\/2017\/04\/Inaug.-Biblioteca-Infantil-44-300x200.jpg 300w, https:\/\/upla.cl\/noticias\/wp-content\/uploads\/2017\/04\/Inaug.-Biblioteca-Infantil-44.jpg 640w\" sizes=\"auto, (max-width: 300px) 100vw, 300px\" \/><\/a>La biblioteca multiprop\u00f3sito se emplaza en el segundo piso del Edificio de Difusi\u00f3n del Parque Cultural y es producto de un convenio de colaboraci\u00f3n que la UPLA y el PCdV firmaron esta ma\u00f1ana, con el fin de aportar a la democratizaci\u00f3n del acceso a la educaci\u00f3n, informaci\u00f3n, conocimiento, recreaci\u00f3n y disfrute de los bienes culturales.<\/p>\n<p>Escolares de la Escuela Alemania, del Liceo <a href=\"https:\/\/www.upla.cl\/noticias\/wp-content\/uploads\/2017\/04\/Inaug.-Biblioteca-Infantil-16.jpg\"><img loading=\"lazy\" decoding=\"async\" class=\"alignright size-medium wp-image-99244\" src=\"https:\/\/www.upla.cl\/noticias\/wp-content\/uploads\/2017\/04\/Inaug.-Biblioteca-Infantil-16-300x200.jpg\" alt=\"\" width=\"300\" height=\"200\" srcset=\"https:\/\/upla.cl\/noticias\/wp-content\/uploads\/2017\/04\/Inaug.-Biblioteca-Infantil-16-300x200.jpg 300w, https:\/\/upla.cl\/noticias\/wp-content\/uploads\/2017\/04\/Inaug.-Biblioteca-Infantil-16.jpg 640w\" sizes=\"auto, (max-width: 300px) 100vw, 300px\" \/><\/a>Pedro Montt y j\u00f3venes del Centro de Educaci\u00f3n de Adultos Pit\u00e1goras, junto con conocer las dependencias, escucharon los poemas de Selena Soto Guacucano del pueblo Aymara y relatos del cuentacuentos Fredy Mix.<\/p>\n<p>El <strong>rector de la UPLA, Patricio Sanhueza Vivanco,<\/strong> agradeci\u00f3 a la Dra. Mar\u00eda Ang\u00e9lica Oliva, al encargado de este espacio Sergio Esparza, al director de UPLATV Boris Gonz\u00e1lez, <a href=\"https:\/\/www.upla.cl\/noticias\/wp-content\/uploads\/2017\/04\/Inaug.-Biblioteca-Infantil-26.jpg\"><img loading=\"lazy\" decoding=\"async\" class=\"alignright size-medium wp-image-99247\" src=\"https:\/\/www.upla.cl\/noticias\/wp-content\/uploads\/2017\/04\/Inaug.-Biblioteca-Infantil-26-300x200.jpg\" alt=\"\" width=\"300\" height=\"200\" srcset=\"https:\/\/upla.cl\/noticias\/wp-content\/uploads\/2017\/04\/Inaug.-Biblioteca-Infantil-26-300x200.jpg 300w, https:\/\/upla.cl\/noticias\/wp-content\/uploads\/2017\/04\/Inaug.-Biblioteca-Infantil-26.jpg 640w\" sizes=\"auto, (max-width: 300px) 100vw, 300px\" \/><\/a>y a la directora del Sistema de Bibliotecas (SIBUPLA), Carmen Gloria Arlegui, gestores de la iniciativa por parte de esta casa de estudios.<\/p>\n<p>Dijo la autoridad que es un gran avance para la ciudad de Valpara\u00edso situar este espacio en un lugar donde hubo mucho dolor y que hoy se transforma para que ni\u00f1os y j\u00f3venes disfruten la lectura.<\/p>\n<p><a href=\"https:\/\/www.upla.cl\/noticias\/wp-content\/uploads\/2017\/04\/Inaug.-Biblioteca-Infantil-21.jpg\"><img loading=\"lazy\" decoding=\"async\" class=\"alignright size-medium wp-image-99245\" src=\"https:\/\/www.upla.cl\/noticias\/wp-content\/uploads\/2017\/04\/Inaug.-Biblioteca-Infantil-21-300x218.jpg\" alt=\"\" width=\"300\" height=\"218\" srcset=\"https:\/\/upla.cl\/noticias\/wp-content\/uploads\/2017\/04\/Inaug.-Biblioteca-Infantil-21-300x218.jpg 300w, https:\/\/upla.cl\/noticias\/wp-content\/uploads\/2017\/04\/Inaug.-Biblioteca-Infantil-21.jpg 640w\" sizes=\"auto, (max-width: 300px) 100vw, 300px\" \/><\/a>\u201cSer\u00e1 tambi\u00e9n un espacio para lograr personas m\u00e1s humanas, donde los ni\u00f1os se hagan preguntas importantes, descifren palabras, crezcan, sean aut\u00f3nomos y piensen por s\u00ed mismos\u201d, precis\u00f3 <strong>Sanhueza<\/strong>.<\/p>\n<p>El <strong>director del PCdV, Jorge Coulon Lagra\u00f1a<\/strong>, explic\u00f3 a los escolares presentes que \u00e9sta es una oportunidad de volar con sus propias mentes.<\/p>\n<p>\u201cSi educar es entrenar o domesticar estamos en <a href=\"https:\/\/www.upla.cl\/noticias\/wp-content\/uploads\/2017\/04\/Inaug.-Biblioteca-Infantil-06.jpg\"><img loading=\"lazy\" decoding=\"async\" class=\"alignright size-medium wp-image-99240\" src=\"https:\/\/www.upla.cl\/noticias\/wp-content\/uploads\/2017\/04\/Inaug.-Biblioteca-Infantil-06-300x200.jpg\" alt=\"\" width=\"300\" height=\"200\" srcset=\"https:\/\/upla.cl\/noticias\/wp-content\/uploads\/2017\/04\/Inaug.-Biblioteca-Infantil-06-300x200.jpg 300w, https:\/\/upla.cl\/noticias\/wp-content\/uploads\/2017\/04\/Inaug.-Biblioteca-Infantil-06.jpg 640w\" sizes=\"auto, (max-width: 300px) 100vw, 300px\" \/><\/a>un concepto equivocado. Si educar es abrirles posibilidades a los ni\u00f1os para que entiendan el mundo y construyan el suyo propio, creo que estamos en el camino justo, y \u00e9ste es un espacio que apunta a eso\u201d, sostuvo <strong>Coulon,\u00a0<\/strong>quien comparti\u00f3 la donaci\u00f3n \u00a0de ejemplares en sistema braille de El Principito y Las Nieves Eternas de Baldomero Lillo.<\/p>\n<p>Para la <strong>directora de SIBUPLA, Carmen Gloria <a href=\"https:\/\/www.upla.cl\/noticias\/wp-content\/uploads\/2017\/04\/Inaug.-Biblioteca-Infantil-14.jpg\"><img loading=\"lazy\" decoding=\"async\" class=\"alignright size-medium wp-image-99243\" src=\"https:\/\/www.upla.cl\/noticias\/wp-content\/uploads\/2017\/04\/Inaug.-Biblioteca-Infantil-14-300x200.jpg\" alt=\"\" width=\"300\" height=\"200\" srcset=\"https:\/\/upla.cl\/noticias\/wp-content\/uploads\/2017\/04\/Inaug.-Biblioteca-Infantil-14-300x200.jpg 300w, https:\/\/upla.cl\/noticias\/wp-content\/uploads\/2017\/04\/Inaug.-Biblioteca-Infantil-14.jpg 640w\" sizes=\"auto, (max-width: 300px) 100vw, 300px\" \/><\/a>Arlegui<\/strong>, es muy valiosa esta iniciativa \u201cporque permite una vinculaci\u00f3n de nuestra universidad con el medio, con los vecinos que acceden al parque, y sobre todo, con estos infantes que creo es el momento preciso para instaurar en ellos el h\u00e1bito lector. Tambi\u00e9n ser\u00e1 una oportunidad de aportar desde\u00a0nuestras carreras de formaci\u00f3n de profesores y educaci\u00f3n diferencial, para levantar estudios e investigaciones en torno a este espacio\u201d.<\/p>\n<p><a href=\" https:\/\/www.youtube.com\/watch?v=BEuR0TPhfJE\">Revisar reportaje\u00a0de UPLATV<\/a><\/p>\n<p>&nbsp;<\/p>\n<p>&nbsp;<\/p>\n<div id='gallery-1' class='gallery galleryid-99238 gallery-columns-3 gallery-size-thumbnail'><figure class='gallery-item'>\n\t\t\t<div class='gallery-icon landscape'>\n\t\t\t\t<a href='https:\/\/upla.cl\/noticias\/wp-content\/uploads\/2017\/04\/Inaug.-Biblioteca-Infantil-40.jpg'><img loading=\"lazy\" decoding=\"async\" width=\"150\" height=\"150\" src=\"https:\/\/upla.cl\/noticias\/wp-content\/uploads\/2017\/04\/Inaug.-Biblioteca-Infantil-40-150x150.jpg\" class=\"attachment-thumbnail size-thumbnail\" alt=\"\" \/><\/a>\n\t\t\t<\/div><\/figure><figure class='gallery-item'>\n\t\t\t<div class='gallery-icon landscape'>\n\t\t\t\t<a href='https:\/\/upla.cl\/noticias\/wp-content\/uploads\/2017\/04\/Inaug.-Biblioteca-Infantil-32.jpg'><img loading=\"lazy\" decoding=\"async\" width=\"150\" height=\"150\" src=\"https:\/\/upla.cl\/noticias\/wp-content\/uploads\/2017\/04\/Inaug.-Biblioteca-Infantil-32-150x150.jpg\" class=\"attachment-thumbnail size-thumbnail\" alt=\"\" \/><\/a>\n\t\t\t<\/div><\/figure><figure class='gallery-item'>\n\t\t\t<div class='gallery-icon landscape'>\n\t\t\t\t<a href='https:\/\/upla.cl\/noticias\/wp-content\/uploads\/2017\/04\/Inaug.-Biblioteca-Infantil-22.jpg'><img loading=\"lazy\" decoding=\"async\" width=\"150\" height=\"150\" src=\"https:\/\/upla.cl\/noticias\/wp-content\/uploads\/2017\/04\/Inaug.-Biblioteca-Infantil-22-150x150.jpg\" class=\"attachment-thumbnail size-thumbnail\" alt=\"\" \/><\/a>\n\t\t\t<\/div><\/figure><figure class='gallery-item'>\n\t\t\t<div class='gallery-icon landscape'>\n\t\t\t\t<a href='https:\/\/upla.cl\/noticias\/wp-content\/uploads\/2017\/04\/Inaug.-Biblioteca-Infantil-30.jpg'><img loading=\"lazy\" decoding=\"async\" width=\"150\" height=\"150\" src=\"https:\/\/upla.cl\/noticias\/wp-content\/uploads\/2017\/04\/Inaug.-Biblioteca-Infantil-30-150x150.jpg\" class=\"attachment-thumbnail size-thumbnail\" alt=\"\" \/><\/a>\n\t\t\t<\/div><\/figure><figure class='gallery-item'>\n\t\t\t<div class='gallery-icon landscape'>\n\t\t\t\t<a href='https:\/\/upla.cl\/noticias\/wp-content\/uploads\/2017\/04\/Inaug.-Biblioteca-Infantil-13.jpg'><img loading=\"lazy\" decoding=\"async\" width=\"150\" height=\"150\" src=\"https:\/\/upla.cl\/noticias\/wp-content\/uploads\/2017\/04\/Inaug.-Biblioteca-Infantil-13-150x150.jpg\" class=\"attachment-thumbnail size-thumbnail\" alt=\"\" \/><\/a>\n\t\t\t<\/div><\/figure><figure class='gallery-item'>\n\t\t\t<div class='gallery-icon landscape'>\n\t\t\t\t<a href='https:\/\/upla.cl\/noticias\/wp-content\/uploads\/2017\/04\/Inaug.-Biblioteca-Infantil-15.jpg'><img loading=\"lazy\" decoding=\"async\" width=\"150\" height=\"150\" src=\"https:\/\/upla.cl\/noticias\/wp-content\/uploads\/2017\/04\/Inaug.-Biblioteca-Infantil-15-150x150.jpg\" class=\"attachment-thumbnail size-thumbnail\" alt=\"\" \/><\/a>\n\t\t\t<\/div><\/figure>\n\t\t<\/div>\n\n","protected":false},"excerpt":{"rendered":"<p>Orientado al fomento del h\u00e1bito lector en ni\u00f1os y j\u00f3venes, el desarrollo de la imaginaci\u00f3n y el pensamiento cr\u00edtico.<\/p>\n","protected":false},"author":10,"featured_media":99247,"comment_status":"closed","ping_status":"closed","sticky":false,"template":"","format":"standard","meta":{"footnotes":""},"categories":[52,40,101,97,91],"tags":[],"class_list":["post-99238","post","type-post","status-publish","format-standard","has-post-thumbnail","","category-cultura","category-destacados","category-docencia","category-estudiantes","category-vinculacion-con-el-medio"],"_links":{"self":[{"href":"https:\/\/upla.cl\/noticias\/wp-json\/wp\/v2\/posts\/99238","targetHints":{"allow":["GET"]}}],"collection":[{"href":"https:\/\/upla.cl\/noticias\/wp-json\/wp\/v2\/posts"}],"about":[{"href":"https:\/\/upla.cl\/noticias\/wp-json\/wp\/v2\/types\/post"}],"author":[{"embeddable":true,"href":"https:\/\/upla.cl\/noticias\/wp-json\/wp\/v2\/users\/10"}],"replies":[{"embeddable":true,"href":"https:\/\/upla.cl\/noticias\/wp-json\/wp\/v2\/comments?post=99238"}],"version-history":[{"count":0,"href":"https:\/\/upla.cl\/noticias\/wp-json\/wp\/v2\/posts\/99238\/revisions"}],"wp:featuredmedia":[{"embeddable":true,"href":"https:\/\/upla.cl\/noticias\/wp-json\/wp\/v2\/media\/99247"}],"wp:attachment":[{"href":"https:\/\/upla.cl\/noticias\/wp-json\/wp\/v2\/media?parent=99238"}],"wp:term":[{"taxonomy":"category","embeddable":true,"href":"https:\/\/upla.cl\/noticias\/wp-json\/wp\/v2\/categories?post=99238"},{"taxonomy":"post_tag","embeddable":true,"href":"https:\/\/upla.cl\/noticias\/wp-json\/wp\/v2\/tags?post=99238"}],"curies":[{"name":"wp","href":"https:\/\/api.w.org\/{rel}","templated":true}]}}