{"id":1469,"date":"2026-04-22T14:06:24","date_gmt":"2026-04-22T18:06:24","guid":{"rendered":"https:\/\/upla.cl\/observatoriocaf\/?p=1469"},"modified":"2026-04-22T14:06:49","modified_gmt":"2026-04-22T18:06:49","slug":"ciencia-en-movimiento-el-ocaf-conmemoro-el-dia-mundial-de-la-actividad-fisica-con-despliegue-en-terreno-y-academia","status":"publish","type":"post","link":"https:\/\/upla.cl\/observatoriocaf\/2026\/04\/22\/ciencia-en-movimiento-el-ocaf-conmemoro-el-dia-mundial-de-la-actividad-fisica-con-despliegue-en-terreno-y-academia\/","title":{"rendered":"Ciencia en movimiento: El OCAF conmemor\u00f3 el D\u00eda Mundial de la Actividad F\u00edsica con despliegue en terreno y academia"},"content":{"rendered":"<p>[et_pb_section fb_built=\u00bb1&#8243; _builder_version=\u00bb4.23.1&#8243; _module_preset=\u00bbdefault\u00bb global_colors_info=\u00bb{}\u00bb][et_pb_row _builder_version=\u00bb4.27.2&#8243; _module_preset=\u00bbdefault\u00bb custom_padding=\u00bb||6px|||\u00bb global_colors_info=\u00bb{}\u00bb][et_pb_column type=\u00bb4_4&#8243; _builder_version=\u00bb4.27.2&#8243; _module_preset=\u00bbdefault\u00bb global_colors_info=\u00bb{}\u00bb][et_pb_text _builder_version=\u00bb4.27.6&#8243; _module_preset=\u00bbdefault\u00bb global_colors_info=\u00bb{}\u00bb]<\/p>\n<h1>Ciencia en movimiento: El OCAF conmemor\u00f3 el D\u00eda Mundial de la Actividad F\u00edsica con despliegue en terreno y academia<\/h1>\n<p>[\/et_pb_text][\/et_pb_column][\/et_pb_row][et_pb_row column_structure=\u00bb3_5,2_5&#8243; _builder_version=\u00bb4.23.1&#8243; _module_preset=\u00bbdefault\u00bb global_colors_info=\u00bb{}\u00bb][et_pb_column type=\u00bb3_5&#8243; _builder_version=\u00bb4.23.1&#8243; _module_preset=\u00bbdefault\u00bb global_colors_info=\u00bb{}\u00bb][et_pb_text _builder_version=\u00bb4.27.6&#8243; _module_preset=\u00bbdefault\u00bb global_colors_info=\u00bb{}\u00bb]<\/p>\n<p>En el marco de la celebraci\u00f3n del D\u00eda Mundial de la Actividad F\u00edsica, el <strong>Observatorio de Ciencias de la Actividad F\u00edsica (OCAF) de la Facultad de Ciencias de la Actividad F\u00edsica y del Deporte<\/strong> de la Universidad de Playa Ancha, particip\u00f3 en actividades estrat\u00e9gicas destinadas a combatir el sedentarismo y promover h\u00e1bitos de vida saludable. Bajo la premisa de que el movimiento es fundamental en todas las etapas de la vida, el equipo de investigadores sali\u00f3 de las aulas para conectar la ciencia con la sociedad civil.<\/p>\n<p>[\/et_pb_text][et_pb_text _builder_version=\u00bb4.27.6&#8243; _module_preset=\u00bbdefault\u00bb custom_margin=\u00bb||||false|false\u00bb global_colors_info=\u00bb{}\u00bb]<\/p>\n<h3>El impacto en la etapa infanto-juvenil<\/h3>\n<p>[\/et_pb_text][et_pb_text _builder_version=\u00bb4.27.6&#8243; _module_preset=\u00bbdefault\u00bb global_colors_info=\u00bb{}\u00bb]<\/p>\n<p>El <strong>director del OCAF, Dr. Tom\u00e1s Reyes Amigo<\/strong>, fue el ponente central en una jornada organizada por la Escuela de Salud y Deporte del Instituto Profesional AIEP de la Universidad Andr\u00e9s Bello.<\/p>\n<p>Ante una audiencia compuesta por docentes y estudiantes, Reyes Amigo enfatiz\u00f3 la urgencia de transformar el entorno escolar. No se trata solo de la clase de educaci\u00f3n f\u00edsica, sino de una estrategia integral que incluya:<\/p>\n<ul>\n<li>Descansos activos y clases f\u00edsicamente activas.<\/li>\n<li>Recreos y desplazamientos activos (caminar o pedalear al colegio).<\/li>\n<li>Mejora sustancial en la calidad de la ense\u00f1anza deportiva escolar.\n<\/li>\n<\/ul>\n<p>[\/et_pb_text][\/et_pb_column][et_pb_column type=\u00bb2_5&#8243; _builder_version=\u00bb4.23.1&#8243; _module_preset=\u00bbdefault\u00bb global_colors_info=\u00bb{}\u00bb][et_pb_gallery gallery_ids=\u00bb1475&#8243; fullwidth=\u00bbon\u00bb _builder_version=\u00bb4.27.6&#8243; _module_preset=\u00bbdefault\u00bb global_colors_info=\u00bb{}\u00bb][\/et_pb_gallery][\/et_pb_column][\/et_pb_row][et_pb_row disabled_on=\u00bbon|on|off\u00bb _builder_version=\u00bb4.23.1&#8243; _module_preset=\u00bbdefault\u00bb global_colors_info=\u00bb{}\u00bb][et_pb_column type=\u00bb4_4&#8243; _builder_version=\u00bb4.23.1&#8243; _module_preset=\u00bbdefault\u00bb global_colors_info=\u00bb{}\u00bb][et_pb_testimonial author=\u00bbDr. Tom\u00e1s Reyes Amigo\u00bb job_title=\u00bbDirector del OCAF\u00bb portrait_url=\u00bbhttps:\/\/upla.cl\/observatoriocaf\/wp-content\/uploads\/2023\/03\/tomas_reyes-300&#215;300-1.jpg\u00bb quote_icon_color=\u00bb#0C71C3&#8243; portrait_width=\u00bb200px\u00bb portrait_height=\u00bb200px\u00bb use_icon_font_size=\u00bbon\u00bb icon_font_size=\u00bb40px\u00bb disabled_on=\u00bboff|on|off\u00bb admin_label=\u00bbCita\u00bb _builder_version=\u00bb4.27.6&#8243; _module_preset=\u00bbdefault\u00bb body_font_size=\u00bb16px\u00bb author_text_align=\u00bbleft\u00bb author_text_color=\u00bb#0C71C3&#8243; author_font_size=\u00bb16px\u00bb custom_margin=\u00bb||||false|false\u00bb border_radii_portrait=\u00bbon|9999px|9999px|9999px|9999px\u00bb global_colors_info=\u00bb{}\u00bb]<\/p>\n<p>\u00abEs imperativo incorporar acciones concretas en el contexto escolar para asegurar los beneficios de la actividad f\u00edsica en ni\u00f1os y j\u00f3venes\u00bb, destac\u00f3 el acad\u00e9mico durante su intervenci\u00f3n.<\/p>\n<p>[\/et_pb_testimonial][\/et_pb_column][\/et_pb_row][et_pb_row column_structure=\u00bb2_5,3_5&#8243; _builder_version=\u00bb4.27.5&#8243; _module_preset=\u00bbdefault\u00bb global_colors_info=\u00bb{}\u00bb][et_pb_column type=\u00bb2_5&#8243; _builder_version=\u00bb4.27.5&#8243; _module_preset=\u00bbdefault\u00bb global_colors_info=\u00bb{}\u00bb][et_pb_image src=\u00bbhttps:\/\/upla.cl\/observatoriocaf\/wp-content\/uploads\/2026\/04\/ocaf_en_el_tranque_la_luz.jpg\u00bb title_text=\u00bbocaf_en_el_tranque_la_luz\u00bb _builder_version=\u00bb4.27.6&#8243; _module_preset=\u00bbdefault\u00bb global_colors_info=\u00bb{}\u00bb][\/et_pb_image][\/et_pb_column][et_pb_column type=\u00bb3_5&#8243; _builder_version=\u00bb4.27.5&#8243; _module_preset=\u00bbdefault\u00bb global_colors_info=\u00bb{}\u00bb][et_pb_text _builder_version=\u00bb4.27.6&#8243; _module_preset=\u00bbdefault\u00bb global_colors_info=\u00bb{}\u00bb]<\/p>\n<h3>Evaluaci\u00f3n tecnol\u00f3gica en el Tranque de la Luz<\/h3>\n<p>[\/et_pb_text][et_pb_text _builder_version=\u00bb4.27.6&#8243; _module_preset=\u00bbdefault\u00bb global_colors_info=\u00bb{}\u00bb]<\/p>\n<p>El compromiso del OCAF tambi\u00e9n se traslad\u00f3 al Tranque La Luz. El equipo OCAF integrado por Felipe Sep\u00falveda Figueroa, Nicol\u00e1s Mancilla Miranda, Edgardo Mendoza y Tom\u00e1s Reyes Amigo, se hizo presente en la Corrida Familiar organizada por el Colegio Curauma Language School de Placilla.<\/p>\n<p>En un m\u00f3dulo que funcion\u00f3 como un laboratorio m\u00f3vil frente al Tranque de la Luz, los investigadores pusieron la tecnolog\u00eda al servicio de la comunidad evaluando a estudiantes, padres y docentes pudieron participar en evaluaciones de:<\/p>\n<ul>\n<li>Fuerza muscular: Medida con instrumentos de precisi\u00f3n como un encoder lineal y un dinam\u00f3metro manual.<\/li>\n<\/ul>\n<p>[\/et_pb_text][\/et_pb_column][\/et_pb_row][et_pb_row _builder_version=\u00bb4.23.1&#8243; _module_preset=\u00bbdefault\u00bb global_colors_info=\u00bb{}\u00bb][et_pb_column type=\u00bb4_4&#8243; _builder_version=\u00bb4.23.1&#8243; _module_preset=\u00bbdefault\u00bb global_colors_info=\u00bb{}\u00bb][et_pb_text _builder_version=\u00bb4.27.6&#8243; _module_preset=\u00bbdefault\u00bb global_colors_info=\u00bb{}\u00bb]Igualmente, entregaron informaci\u00f3n pedag\u00f3gica sobre los beneficios metab\u00f3licos y sociales del ejercicio.<\/p>\n<p>Esta actividad permiti\u00f3 a los participantes conocer su estado f\u00edsico real, a trav\u00e9s de par\u00e1metros cient\u00edficos que, usualmente, solo se ven en el alto rendimiento o en contextos cl\u00ednicos.<\/p>\n<p>Seg\u00fan el Dr. Reyes \u00abestas intervenciones no son aisladas, responden a un objetivo central del Observatorio, referido a democratizar el conocimiento cient\u00edfico. El prop\u00f3sito fundamental del OCAF es trascender los muros de la universidad y compartir sus l\u00edneas de investigaci\u00f3n directamente con la comunidad. Al llevar la ciencia a colegios y plazas, el observatorio busca ser un agente de cambio real, aportando datos y herramientas que faciliten la transici\u00f3n hacia una sociedad m\u00e1s activa, menos sedentaria y, en definitiva, m\u00e1s saludable\u00bb.[\/et_pb_text][\/et_pb_column][\/et_pb_row][\/et_pb_section]<\/p>\n","protected":false},"excerpt":{"rendered":"<p>Bajo la premisa de que el movimiento es  fundamental en todas las etapas de la vida, el equipo de investigadores sali\u00f3 de las aulas para conectar la ciencia con la sociedad civil.<\/p>\n","protected":false},"author":1,"featured_media":1475,"comment_status":"open","ping_status":"open","sticky":false,"template":"","format":"standard","meta":{"_et_pb_use_builder":"on","_et_pb_old_content":"","_et_gb_content_width":"","footnotes":""},"categories":[13],"tags":[],"class_list":["post-1469","post","type-post","status-publish","format-standard","has-post-thumbnail","hentry","category-noticia"],"_links":{"self":[{"href":"https:\/\/upla.cl\/observatoriocaf\/wp-json\/wp\/v2\/posts\/1469","targetHints":{"allow":["GET"]}}],"collection":[{"href":"https:\/\/upla.cl\/observatoriocaf\/wp-json\/wp\/v2\/posts"}],"about":[{"href":"https:\/\/upla.cl\/observatoriocaf\/wp-json\/wp\/v2\/types\/post"}],"author":[{"embeddable":true,"href":"https:\/\/upla.cl\/observatoriocaf\/wp-json\/wp\/v2\/users\/1"}],"replies":[{"embeddable":true,"href":"https:\/\/upla.cl\/observatoriocaf\/wp-json\/wp\/v2\/comments?post=1469"}],"version-history":[{"count":9,"href":"https:\/\/upla.cl\/observatoriocaf\/wp-json\/wp\/v2\/posts\/1469\/revisions"}],"predecessor-version":[{"id":1482,"href":"https:\/\/upla.cl\/observatoriocaf\/wp-json\/wp\/v2\/posts\/1469\/revisions\/1482"}],"wp:featuredmedia":[{"embeddable":true,"href":"https:\/\/upla.cl\/observatoriocaf\/wp-json\/wp\/v2\/media\/1475"}],"wp:attachment":[{"href":"https:\/\/upla.cl\/observatoriocaf\/wp-json\/wp\/v2\/media?parent=1469"}],"wp:term":[{"taxonomy":"category","embeddable":true,"href":"https:\/\/upla.cl\/observatoriocaf\/wp-json\/wp\/v2\/categories?post=1469"},{"taxonomy":"post_tag","embeddable":true,"href":"https:\/\/upla.cl\/observatoriocaf\/wp-json\/wp\/v2\/tags?post=1469"}],"curies":[{"name":"wp","href":"https:\/\/api.w.org\/{rel}","templated":true}]}}