{"id":1239,"date":"2021-11-09T17:55:46","date_gmt":"2021-11-09T20:55:46","guid":{"rendered":"https:\/\/upla.cl\/vicerrectoriaacademica\/?p=1239"},"modified":"2021-11-10T10:08:34","modified_gmt":"2021-11-10T13:08:34","slug":"dgp-y-vra-invitan-a-inscribirse-en-encuentro-sobre-ciudadania-y-formacion-ciudadana-cuech","status":"publish","type":"post","link":"https:\/\/upla.cl\/vicerrectoriaacademica\/2021\/11\/09\/dgp-y-vra-invitan-a-inscribirse-en-encuentro-sobre-ciudadania-y-formacion-ciudadana-cuech\/","title":{"rendered":"DGP y VRA invitan a inscribirse en encuentro sobre ciudadan\u00eda y formaci\u00f3n ciudadana (CUECH)"},"content":{"rendered":"<p>[vc_row type=\u00bbin_container\u00bb full_screen_row_position=\u00bbmiddle\u00bb column_margin=\u00bbdefault\u00bb column_direction=\u00bbdefault\u00bb column_direction_tablet=\u00bbdefault\u00bb column_direction_phone=\u00bbdefault\u00bb scene_position=\u00bbcenter\u00bb text_color=\u00bbdark\u00bb text_align=\u00bbleft\u00bb row_border_radius=\u00bbnone\u00bb row_border_radius_applies=\u00bbbg\u00bb overlay_strength=\u00bb0.3&#8243; gradient_direction=\u00bbleft_to_right\u00bb shape_divider_position=\u00bbbottom\u00bb bg_image_animation=\u00bbnone\u00bb][vc_column column_padding=\u00bbno-extra-padding\u00bb column_padding_tablet=\u00bbinherit\u00bb column_padding_phone=\u00bbinherit\u00bb column_padding_position=\u00bball\u00bb background_color_opacity=\u00bb1&#8243; background_hover_color_opacity=\u00bb1&#8243; column_shadow=\u00bbnone\u00bb column_border_radius=\u00bbnone\u00bb column_link_target=\u00bb_self\u00bb gradient_direction=\u00bbleft_to_right\u00bb overlay_strength=\u00bb0.3&#8243; width=\u00bb1\/1&#8243; tablet_width_inherit=\u00bbdefault\u00bb tablet_text_alignment=\u00bbdefault\u00bb phone_text_alignment=\u00bbdefault\u00bb column_border_width=\u00bbnone\u00bb column_border_style=\u00bbsolid\u00bb bg_image_animation=\u00bbnone\u00bb][vc_column_text]<img loading=\"lazy\" decoding=\"async\" class=\"wp-image-1241 alignright\" src=\"https:\/\/upla.cl\/vicerrectoriaacademica\/wp-content\/uploads\/2021\/11\/flyer-encuentro-de-estudiantes-CUECH-1024x849.png\" alt=\"\" width=\"539\" height=\"447\" srcset=\"https:\/\/upla.cl\/vicerrectoriaacademica\/wp-content\/uploads\/2021\/11\/flyer-encuentro-de-estudiantes-CUECH-1024x849.png 1024w, https:\/\/upla.cl\/vicerrectoriaacademica\/wp-content\/uploads\/2021\/11\/flyer-encuentro-de-estudiantes-CUECH-300x249.png 300w, https:\/\/upla.cl\/vicerrectoriaacademica\/wp-content\/uploads\/2021\/11\/flyer-encuentro-de-estudiantes-CUECH-768x637.png 768w, https:\/\/upla.cl\/vicerrectoriaacademica\/wp-content\/uploads\/2021\/11\/flyer-encuentro-de-estudiantes-CUECH-1536x1274.png 1536w, https:\/\/upla.cl\/vicerrectoriaacademica\/wp-content\/uploads\/2021\/11\/flyer-encuentro-de-estudiantes-CUECH.png 1929w\" sizes=\"(max-width: 539px) 100vw, 539px\" \/>La Direcci\u00f3n General de Pregrado, dependiente de la Vicerrector\u00eda Acad\u00e9mica, convoca a los y las estudiantes que se encuentren cursando los \u00faltimos a\u00f1os de su formaci\u00f3n profesional, a participar en el<strong> \u201cEncuentro de estudiantes de las Universidades del Estado: Ciudadan\u00eda y formaci\u00f3n\u00a0ciudadana en Educaci\u00f3n Superior\u201d<\/strong>,\u00a0el cual est\u00e1 siendo organizado por el Consorcio de Universidades del Estado (CUECH).<\/p>\n<p>El objetivo de esta iniciativa, dirigida a las 18 universidades del Estado y que cuenta con\u00a0<strong>15 cupos por instituci\u00f3n,<\/strong>\u00a0es\u00a0generar un espacio de intercambio y reflexi\u00f3n sobre estrategias para el desarrollo de la ciudadan\u00eda y la formaci\u00f3n ciudadana en la vida universitaria.<\/p>\n<p>Este encuentro contempla tres momentos:<\/p>\n<ol>\n<li>Trabajo de autoformaci\u00f3n previo al encuentro.<\/li>\n<li>Trabajo sincr\u00f3nico correspondiente al encuentro.<\/li>\n<li>Participaci\u00f3n de una comunidad de estudiantes.<\/li>\n<\/ol>\n<p>La actividad iniciar\u00e1 el pr\u00f3ximo lunes 22 de noviembre, el encuentro sincr\u00f3nico los d\u00edas 1, 2 o 3 de diciembre, mientras que el cierre se realizar\u00e1 el 10 de diciembre.<\/p>\n<p>Los y las interesadas, deben completar el siguiente\u00a0<strong><a href=\"https:\/\/docs.google.com\/forms\/d\/e\/1FAIpQLSeMfblXrwdouuNepeKB3tzKgcpy34CSwKD1QJ-jPn3pHG6vQA\/viewform?usp=sf_link\" target=\"_blank\" rel=\"noopener\">formulario online.<\/a><\/strong> Plazo m\u00e1ximo de inscripci\u00f3n: viernes 19 de noviembre, a las 12.00 horas.<\/p>\n<p>Mayores detalles, pueden encontrarlos en el siguiente <a href=\"http:\/\/&lt;!-- PDF Embedder: Please provide an &quot;URL&quot; attribute in your shortcode. --&gt;\"><strong>documento.<\/strong><\/a>[\/vc_column_text][\/vc_column][\/vc_row]<\/p>\n","protected":false},"excerpt":{"rendered":"<p>[vc_row type=\u00bbin_container\u00bb full_screen_row_position=\u00bbmiddle\u00bb column_margin=\u00bbdefault\u00bb column_direction=\u00bbdefault\u00bb column_direction_tablet=\u00bbdefault\u00bb column_direction_phone=\u00bbdefault\u00bb scene_position=\u00bbcenter\u00bb text_color=\u00bbdark\u00bb text_align=\u00bbleft\u00bb row_border_radius=\u00bbnone\u00bb row_border_radius_applies=\u00bbbg\u00bb overlay_strength=\u00bb0.3&#8243; gradient_direction=\u00bbleft_to_right\u00bb shape_divider_position=\u00bbbottom\u00bb bg_image_animation=\u00bbnone\u00bb][vc_column column_padding=\u00bbno-extra-padding\u00bb column_padding_tablet=\u00bbinherit\u00bb column_padding_phone=\u00bbinherit\u00bb column_padding_position=\u00bball\u00bb background_color_opacity=\u00bb1&#8243; background_hover_color_opacity=\u00bb1&#8243; column_shadow=\u00bbnone\u00bb column_border_radius=\u00bbnone\u00bb column_link_target=\u00bb_self\u00bb gradient_direction=\u00bbleft_to_right\u00bb overlay_strength=\u00bb0.3&#8243; width=\u00bb1\/1&#8243; tablet_width_inherit=\u00bbdefault\u00bb tablet_text_alignment=\u00bbdefault\u00bb phone_text_alignment=\u00bbdefault\u00bb column_border_width=\u00bbnone\u00bb column_border_style=\u00bbsolid\u00bb bg_image_animation=\u00bbnone\u00bb][vc_column_text]La Direcci\u00f3n General de Pregrado, dependiente de la Vicerrector\u00eda Acad\u00e9mica, convoca a los y las estudiantes que se encuentren cursando los \u00faltimos [&hellip;]<\/p>\n","protected":false},"author":4,"featured_media":1241,"comment_status":"closed","ping_status":"closed","sticky":false,"template":"","format":"standard","meta":{"_et_pb_use_builder":"","_et_pb_old_content":"","_et_gb_content_width":"","footnotes":""},"categories":[10,2],"tags":[],"class_list":["post-1239","post","type-post","status-publish","format-standard","has-post-thumbnail","hentry","category-noticias","category-novedades"],"_links":{"self":[{"href":"https:\/\/upla.cl\/vicerrectoriaacademica\/wp-json\/wp\/v2\/posts\/1239","targetHints":{"allow":["GET"]}}],"collection":[{"href":"https:\/\/upla.cl\/vicerrectoriaacademica\/wp-json\/wp\/v2\/posts"}],"about":[{"href":"https:\/\/upla.cl\/vicerrectoriaacademica\/wp-json\/wp\/v2\/types\/post"}],"author":[{"embeddable":true,"href":"https:\/\/upla.cl\/vicerrectoriaacademica\/wp-json\/wp\/v2\/users\/4"}],"replies":[{"embeddable":true,"href":"https:\/\/upla.cl\/vicerrectoriaacademica\/wp-json\/wp\/v2\/comments?post=1239"}],"version-history":[{"count":4,"href":"https:\/\/upla.cl\/vicerrectoriaacademica\/wp-json\/wp\/v2\/posts\/1239\/revisions"}],"predecessor-version":[{"id":1245,"href":"https:\/\/upla.cl\/vicerrectoriaacademica\/wp-json\/wp\/v2\/posts\/1239\/revisions\/1245"}],"wp:featuredmedia":[{"embeddable":true,"href":"https:\/\/upla.cl\/vicerrectoriaacademica\/wp-json\/wp\/v2\/media\/1241"}],"wp:attachment":[{"href":"https:\/\/upla.cl\/vicerrectoriaacademica\/wp-json\/wp\/v2\/media?parent=1239"}],"wp:term":[{"taxonomy":"category","embeddable":true,"href":"https:\/\/upla.cl\/vicerrectoriaacademica\/wp-json\/wp\/v2\/categories?post=1239"},{"taxonomy":"post_tag","embeddable":true,"href":"https:\/\/upla.cl\/vicerrectoriaacademica\/wp-json\/wp\/v2\/tags?post=1239"}],"curies":[{"name":"wp","href":"https:\/\/api.w.org\/{rel}","templated":true}]}}