{"id":1302,"date":"2021-11-24T15:14:03","date_gmt":"2021-11-24T18:14:03","guid":{"rendered":"https:\/\/upla.cl\/vicerrectoriaacademica\/?p=1302"},"modified":"2021-11-24T15:45:46","modified_gmt":"2021-11-24T18:45:46","slug":"upla-y-fundacion-telefonica-movistar-firman-convenio-para-fortalecer-competencias-digitales-en-la-comunidad-universitaria","status":"publish","type":"post","link":"https:\/\/upla.cl\/vicerrectoriaacademica\/2021\/11\/24\/upla-y-fundacion-telefonica-movistar-firman-convenio-para-fortalecer-competencias-digitales-en-la-comunidad-universitaria\/","title":{"rendered":"UPLA y Fundaci\u00f3n Telef\u00f3nica Movistar firman convenio para fortalecer competencias digitales en la comunidad universitaria"},"content":{"rendered":"<p>[vc_row type=\u00bbin_container\u00bb full_screen_row_position=\u00bbmiddle\u00bb column_margin=\u00bbdefault\u00bb column_direction=\u00bbdefault\u00bb column_direction_tablet=\u00bbdefault\u00bb column_direction_phone=\u00bbdefault\u00bb scene_position=\u00bbcenter\u00bb text_color=\u00bbdark\u00bb text_align=\u00bbleft\u00bb row_border_radius=\u00bbnone\u00bb row_border_radius_applies=\u00bbbg\u00bb overlay_strength=\u00bb0.3&#8243; gradient_direction=\u00bbleft_to_right\u00bb shape_divider_position=\u00bbbottom\u00bb bg_image_animation=\u00bbnone\u00bb][vc_column column_padding=\u00bbno-extra-padding\u00bb column_padding_tablet=\u00bbinherit\u00bb column_padding_phone=\u00bbinherit\u00bb column_padding_position=\u00bball\u00bb background_color_opacity=\u00bb1&#8243; background_hover_color_opacity=\u00bb1&#8243; column_shadow=\u00bbnone\u00bb column_border_radius=\u00bbnone\u00bb column_link_target=\u00bb_self\u00bb gradient_direction=\u00bbleft_to_right\u00bb overlay_strength=\u00bb0.3&#8243; width=\u00bb1\/1&#8243; tablet_width_inherit=\u00bbdefault\u00bb tablet_text_alignment=\u00bbdefault\u00bb phone_text_alignment=\u00bbdefault\u00bb column_border_width=\u00bbnone\u00bb column_border_style=\u00bbsolid\u00bb bg_image_animation=\u00bbnone\u00bb][vc_column_text]<img loading=\"lazy\" decoding=\"async\" class=\"size-medium wp-image-1314 alignleft\" src=\"https:\/\/upla.cl\/vicerrectoriaacademica\/wp-content\/uploads\/2021\/11\/Movistar-300x169.jpg\" alt=\"\" width=\"300\" height=\"169\" srcset=\"https:\/\/upla.cl\/vicerrectoriaacademica\/wp-content\/uploads\/2021\/11\/Movistar-300x169.jpg 300w, https:\/\/upla.cl\/vicerrectoriaacademica\/wp-content\/uploads\/2021\/11\/Movistar-768x433.jpg 768w, https:\/\/upla.cl\/vicerrectoriaacademica\/wp-content\/uploads\/2021\/11\/Movistar.jpg 800w\" sizes=\"(max-width: 300px) 100vw, 300px\" \/>La pandemia por COVID-19 aceler\u00f3 la transformaci\u00f3n digital en el \u00e1mbito educativo y gener\u00f3 la necesidad de desarrollar habilidades digitales avanzadas. Ante esta situaci\u00f3n, la <strong>Vicerrector\u00eda Acad\u00e9mica<\/strong> (VRA), a trav\u00e9s de la <strong>Unidad de Innovaci\u00f3n Digital<\/strong> (UID), ha estado realizando capacitaciones a nivel triestamental para aportar al fortalecimiento de estas competencias en la comunidad universitaria.<\/p>\n<p>En este sentido, la UID estrech\u00f3 lazos con<strong> Fundaci\u00f3n Telef\u00f3nica Movistar<\/strong>, y se firm\u00f3 un convenio con la UPLA, el cual pretende ampliar y fortalecer estas capacidades, como una estrategia clave del proyecto de transformaci\u00f3n digital institucional.<\/p>\n<p><img loading=\"lazy\" decoding=\"async\" class=\"size-medium wp-image-1306 alignright\" src=\"https:\/\/upla.cl\/vicerrectoriaacademica\/wp-content\/uploads\/2021\/11\/Antonio-Gonzalez-300x225.png\" alt=\"\" width=\"300\" height=\"225\" srcset=\"https:\/\/upla.cl\/vicerrectoriaacademica\/wp-content\/uploads\/2021\/11\/Antonio-Gonzalez-300x225.png 300w, https:\/\/upla.cl\/vicerrectoriaacademica\/wp-content\/uploads\/2021\/11\/Antonio-Gonzalez-768x576.png 768w, https:\/\/upla.cl\/vicerrectoriaacademica\/wp-content\/uploads\/2021\/11\/Antonio-Gonzalez.png 1024w\" sizes=\"(max-width: 300px) 100vw, 300px\" \/><strong>Antonio Gonz\u00e1lez Grez<\/strong>, coordinador de la Unidad de Innovaci\u00f3n Digital, explic\u00f3 que \u201ceste convenio no s\u00f3lo beneficia a estudiantes, sino que tambi\u00e9n a docentes y funcionarios, siendo la Universidad de Playa Ancha la \u00fanica casa de estudios estatal a nivel nacional que aplica este proyecto de manera triestamental, pues se piensa que es una tarea que se tiene que afrontar de forma conjunta\u201d.<\/p>\n<p>Adem\u00e1s, Gonz\u00e1lez asever\u00f3 que m\u00e1s all\u00e1 de una gran adquisici\u00f3n tecnol\u00f3gica, la universidad est\u00e1 buscando estrategias para aumentar habilidades y capacidades humanas, por lo que esta iniciativa se suma al Proyecto de Fortalecimiento Institucional \u201cAvanzando hacia una Transformaci\u00f3n Digital en la Universidad de Playa Ancha\u201d (UPA 2099-1), adjudicado y\u00a0 financiado por el<strong> Plan de Fortalecimiento Universidades Estatales, a\u00f1o 2020, del Ministerio de Educaci\u00f3n<\/strong>, cuyo objetivo es similar al del convenio.<\/p>\n<p><img loading=\"lazy\" decoding=\"async\" class=\"size-medium wp-image-1307 alignleft\" src=\"https:\/\/upla.cl\/vicerrectoriaacademica\/wp-content\/uploads\/2021\/11\/Untitled-300x150.png\" alt=\"\" width=\"300\" height=\"150\" srcset=\"https:\/\/upla.cl\/vicerrectoriaacademica\/wp-content\/uploads\/2021\/11\/Untitled-300x150.png 300w, https:\/\/upla.cl\/vicerrectoriaacademica\/wp-content\/uploads\/2021\/11\/Untitled-768x384.png 768w, https:\/\/upla.cl\/vicerrectoriaacademica\/wp-content\/uploads\/2021\/11\/Untitled-1000x500.png 1000w, https:\/\/upla.cl\/vicerrectoriaacademica\/wp-content\/uploads\/2021\/11\/Untitled-670x335.png 670w, https:\/\/upla.cl\/vicerrectoriaacademica\/wp-content\/uploads\/2021\/11\/Untitled.png 1024w\" sizes=\"(max-width: 300px) 100vw, 300px\" \/><\/p>\n<p>En concreto, esta alianza incorpora 30 cursos, aproximadamente, tanto de tutor\u00eda como de autoformaci\u00f3n, y algunas de las oportunidades de capacitaci\u00f3n son: dificultades del aprendizaje, competencia de habilidades docentes, neurodid\u00e1ctica, entre otros. Todos estos cursos forman parte de la oferta 2022, por lo que se impartir\u00e1n el pr\u00f3ximo a\u00f1o apenas se concrete el lanzamiento oficial de esta alianza.<\/p>\n<p>Cabe destacar que Fundaci\u00f3n Telef\u00f3nica es una entidad sin fines de lucro y aut\u00f3noma de la empresa Movistar, y que este trato viene a formar parte de una nueva forma de vinculaci\u00f3n con socios estrat\u00e9gicos, para as\u00ed lograr innovaci\u00f3n, asesoramiento e integraci\u00f3n.[\/vc_column_text][\/vc_column][\/vc_row]<\/p>\n","protected":false},"excerpt":{"rendered":"<p>[vc_row type=\u00bbin_container\u00bb full_screen_row_position=\u00bbmiddle\u00bb column_margin=\u00bbdefault\u00bb column_direction=\u00bbdefault\u00bb column_direction_tablet=\u00bbdefault\u00bb column_direction_phone=\u00bbdefault\u00bb scene_position=\u00bbcenter\u00bb text_color=\u00bbdark\u00bb text_align=\u00bbleft\u00bb row_border_radius=\u00bbnone\u00bb row_border_radius_applies=\u00bbbg\u00bb overlay_strength=\u00bb0.3&#8243; gradient_direction=\u00bbleft_to_right\u00bb shape_divider_position=\u00bbbottom\u00bb bg_image_animation=\u00bbnone\u00bb][vc_column column_padding=\u00bbno-extra-padding\u00bb column_padding_tablet=\u00bbinherit\u00bb column_padding_phone=\u00bbinherit\u00bb column_padding_position=\u00bball\u00bb background_color_opacity=\u00bb1&#8243; background_hover_color_opacity=\u00bb1&#8243; column_shadow=\u00bbnone\u00bb column_border_radius=\u00bbnone\u00bb column_link_target=\u00bb_self\u00bb gradient_direction=\u00bbleft_to_right\u00bb overlay_strength=\u00bb0.3&#8243; width=\u00bb1\/1&#8243; tablet_width_inherit=\u00bbdefault\u00bb tablet_text_alignment=\u00bbdefault\u00bb phone_text_alignment=\u00bbdefault\u00bb column_border_width=\u00bbnone\u00bb column_border_style=\u00bbsolid\u00bb bg_image_animation=\u00bbnone\u00bb][vc_column_text]La pandemia por COVID-19 aceler\u00f3 la transformaci\u00f3n digital en el \u00e1mbito educativo y gener\u00f3 la necesidad de desarrollar habilidades digitales avanzadas. Ante [&hellip;]<\/p>\n","protected":false},"author":4,"featured_media":1304,"comment_status":"closed","ping_status":"closed","sticky":false,"template":"","format":"standard","meta":{"_et_pb_use_builder":"","_et_pb_old_content":"","_et_gb_content_width":"","footnotes":""},"categories":[10,2],"tags":[],"class_list":["post-1302","post","type-post","status-publish","format-standard","has-post-thumbnail","hentry","category-noticias","category-novedades"],"_links":{"self":[{"href":"https:\/\/upla.cl\/vicerrectoriaacademica\/wp-json\/wp\/v2\/posts\/1302","targetHints":{"allow":["GET"]}}],"collection":[{"href":"https:\/\/upla.cl\/vicerrectoriaacademica\/wp-json\/wp\/v2\/posts"}],"about":[{"href":"https:\/\/upla.cl\/vicerrectoriaacademica\/wp-json\/wp\/v2\/types\/post"}],"author":[{"embeddable":true,"href":"https:\/\/upla.cl\/vicerrectoriaacademica\/wp-json\/wp\/v2\/users\/4"}],"replies":[{"embeddable":true,"href":"https:\/\/upla.cl\/vicerrectoriaacademica\/wp-json\/wp\/v2\/comments?post=1302"}],"version-history":[{"count":3,"href":"https:\/\/upla.cl\/vicerrectoriaacademica\/wp-json\/wp\/v2\/posts\/1302\/revisions"}],"predecessor-version":[{"id":1315,"href":"https:\/\/upla.cl\/vicerrectoriaacademica\/wp-json\/wp\/v2\/posts\/1302\/revisions\/1315"}],"wp:featuredmedia":[{"embeddable":true,"href":"https:\/\/upla.cl\/vicerrectoriaacademica\/wp-json\/wp\/v2\/media\/1304"}],"wp:attachment":[{"href":"https:\/\/upla.cl\/vicerrectoriaacademica\/wp-json\/wp\/v2\/media?parent=1302"}],"wp:term":[{"taxonomy":"category","embeddable":true,"href":"https:\/\/upla.cl\/vicerrectoriaacademica\/wp-json\/wp\/v2\/categories?post=1302"},{"taxonomy":"post_tag","embeddable":true,"href":"https:\/\/upla.cl\/vicerrectoriaacademica\/wp-json\/wp\/v2\/tags?post=1302"}],"curies":[{"name":"wp","href":"https:\/\/api.w.org\/{rel}","templated":true}]}}