{"id":1311,"date":"2021-11-24T15:42:12","date_gmt":"2021-11-24T18:42:12","guid":{"rendered":"https:\/\/upla.cl\/vicerrectoriaacademica\/?p=1311"},"modified":"2021-11-29T13:58:51","modified_gmt":"2021-11-29T16:58:51","slug":"participa-en-el-concurso-artistico-literario-el-valor-de-la-diversidad","status":"publish","type":"post","link":"https:\/\/upla.cl\/vicerrectoriaacademica\/2021\/11\/24\/participa-en-el-concurso-artistico-literario-el-valor-de-la-diversidad\/","title":{"rendered":"Participa en el Concurso Art\u00edstico-Literario \u201cEl Valor de la Diversidad\u201d"},"content":{"rendered":"<p><img loading=\"lazy\" decoding=\"async\" class=\"size-medium wp-image-1312 alignleft\" src=\"https:\/\/upla.cl\/vicerrectoriaacademica\/wp-content\/uploads\/2021\/11\/WhatsApp-Image-2021-11-23-at-12.50.19-PM-300x300.jpeg\" alt=\"\" width=\"300\" height=\"300\" srcset=\"https:\/\/upla.cl\/vicerrectoriaacademica\/wp-content\/uploads\/2021\/11\/WhatsApp-Image-2021-11-23-at-12.50.19-PM-300x300.jpeg 300w, https:\/\/upla.cl\/vicerrectoriaacademica\/wp-content\/uploads\/2021\/11\/WhatsApp-Image-2021-11-23-at-12.50.19-PM-1024x1024.jpeg 1024w, https:\/\/upla.cl\/vicerrectoriaacademica\/wp-content\/uploads\/2021\/11\/WhatsApp-Image-2021-11-23-at-12.50.19-PM-150x150.jpeg 150w, https:\/\/upla.cl\/vicerrectoriaacademica\/wp-content\/uploads\/2021\/11\/WhatsApp-Image-2021-11-23-at-12.50.19-PM-768x768.jpeg 768w, https:\/\/upla.cl\/vicerrectoriaacademica\/wp-content\/uploads\/2021\/11\/WhatsApp-Image-2021-11-23-at-12.50.19-PM-100x100.jpeg 100w, https:\/\/upla.cl\/vicerrectoriaacademica\/wp-content\/uploads\/2021\/11\/WhatsApp-Image-2021-11-23-at-12.50.19-PM-140x140.jpeg 140w, https:\/\/upla.cl\/vicerrectoriaacademica\/wp-content\/uploads\/2021\/11\/WhatsApp-Image-2021-11-23-at-12.50.19-PM-500x500.jpeg 500w, https:\/\/upla.cl\/vicerrectoriaacademica\/wp-content\/uploads\/2021\/11\/WhatsApp-Image-2021-11-23-at-12.50.19-PM-350x350.jpeg 350w, https:\/\/upla.cl\/vicerrectoriaacademica\/wp-content\/uploads\/2021\/11\/WhatsApp-Image-2021-11-23-at-12.50.19-PM-1000x1000.jpeg 1000w, https:\/\/upla.cl\/vicerrectoriaacademica\/wp-content\/uploads\/2021\/11\/WhatsApp-Image-2021-11-23-at-12.50.19-PM-800x800.jpeg 800w, https:\/\/upla.cl\/vicerrectoriaacademica\/wp-content\/uploads\/2021\/11\/WhatsApp-Image-2021-11-23-at-12.50.19-PM.jpeg 1280w\" sizes=\"(max-width: 300px) 100vw, 300px\" \/><strong>SE EXTENDI\u00d3 EL PLAZO HASTA EL JUEVES 2 DE DICIEMBRE, A LAS 12.00 HORAS.<\/strong><\/p>\n<p>La Unidad de Acompa\u00f1amiento Estudiantil, dependiente de la Vicerrector\u00eda Acad\u00e9mica de la Universidad de Playa Ancha, y su \u00e1rea de Inclusi\u00f3n, invitan a participar en el<strong> Concurso Art\u00edstico &#8211; Literario \u00abEl Valor de la Diversidad\u00bb,<\/strong> que tiene por objetivo identificar acciones, ideas, sue\u00f1os y anhelos que promuevan y realcen el valor de la diversidad humana en diferentes contextos o espacios sociales, a trav\u00e9s de representaciones art\u00edsticas.<\/p>\n<p>Esta iniciativa est\u00e1 enmarcada en la<strong> \u00abSemana de la Discapacidad\u00bb<\/strong>, la cual se celebrar\u00e1 entre el 29 de noviembre y el 3 de diciembre en la Universidad de Playa Ancha.<\/p>\n<p><strong>Participantes<\/strong><\/p>\n<p>El concurso est\u00e1 dirigido a toda nuestra comunidad universitaria, por lo que podr\u00e1n participar estudiantes, acad\u00e9micos\/as y administrativos\/as.<\/p>\n<p>Se recibir\u00e1n trabajos asociados a las siguientes categor\u00edas:<\/p>\n<ol>\n<li>Expresi\u00f3n literaria (cuento, poema, canci\u00f3n o novela). En formato PDF si es un texto o video si es una canci\u00f3n.<\/li>\n<li>Fotograf\u00eda.<\/li>\n<li>Pintura (env\u00edo por formato PNG o PDF).<\/li>\n<li>Dibujo (env\u00edo por formato PNG o PDF).<\/li>\n<\/ol>\n<p><strong>Disposiciones generales<\/strong><\/p>\n<ol>\n<li>S\u00f3lo se recibir\u00e1 un (1) trabajo por autor, por cada categor\u00eda.<\/li>\n<li>Los trabajos deber\u00e1n ser enviados al correo<strong> inclusion@upla.cl,<\/strong> hasta el <del>martes 30 de diciembre <\/del>jueves 2 de diciembre, a las 12.00 horas.<\/li>\n<li>Si el autor desea, puede indicar junto a su trabajo que prefiere permanecer en el anonimato o utilizar un pseud\u00f3nimo.<\/li>\n<li>Los trabajos enviados deben ser originales o in\u00e9ditos.<\/li>\n<li>Para consultas e informaciones, contactar a Daniela Gallardo al correo <strong>daniela.gallardo@upla.cl<\/strong>; o a Lorena Contreras a <strong>lorena.contreras@upla.cl.<\/strong><\/li>\n<li>El trabajo presentado deber\u00e1 contar con una portada que indique el t\u00edtulo de la obra y la categor\u00eda a la cual se asocia su trabajo.<\/li>\n<li>Los trabajos ser\u00e1n dados a conocer en nuestras redes sociales durante la<strong> \u00abSemana de la Discapacidad\u00bb<\/strong> (29 al 3 de diciembre).<\/li>\n<li>Las personas que participen de este concurso deber\u00e1n seguir TODAS nuestras cuentas de instagram, las cuales se mencionan a continuaci\u00f3n:<\/li>\n<\/ol>\n<ul>\n<li><a href=\"https:\/\/www.instagram.com\/unidadinclusion.upla\" target=\"_blank\" rel=\"noopener\"><strong>Unidad de Inclusi\u00f3n<\/strong><\/a><\/li>\n<li><strong><a href=\"https:\/\/www.instagram.com\/uae.upla\" target=\"_blank\" rel=\"noopener\">Unidad de Acompa\u00f1amiento Estudiantil<\/a><\/strong><\/li>\n<li><strong><a href=\"https:\/\/www.instagram.com\/vraupla\" target=\"_blank\" rel=\"noopener\">Vicerrector\u00eda Acad\u00e9mica<\/a><\/strong><\/li>\n<li><a href=\"https:\/\/www.instagram.com\/acceso_inclusivo_upla\" target=\"_blank\" rel=\"noopener\"><strong>Acceso Inclusivo<\/strong><\/a><\/li>\n<li><a href=\"https:\/\/www.instagram.com\/pace_upla\" target=\"_blank\" rel=\"noopener\"><strong>PACE.<\/strong><\/a><\/li>\n<\/ul>\n<p><strong>Premios<\/strong><\/p>\n<p>El trabajo que cuente con mayor cantidad de votaciones (reflejadas en \u00abme gusta\u00bb en el <a href=\"https:\/\/www.instagram.com\/unidadinclusion.upla\" target=\"_blank\" rel=\"noopener\"><strong>instagram de inclusi\u00f3n<\/strong><\/a>), recibir\u00e1 un premio de<strong> $30.000<\/strong> por ser el 1\u00b0 lugar, mientras que el 2\u00b0 lugar se llevar\u00e1 un premio sorpresa.<\/p>\n","protected":false},"excerpt":{"rendered":"<p>SE EXTENDI\u00d3 EL PLAZO HASTA EL JUEVES 2 DE DICIEMBRE, A LAS 12.00 HORAS. La Unidad de Acompa\u00f1amiento Estudiantil, dependiente de la Vicerrector\u00eda Acad\u00e9mica de la Universidad de Playa Ancha, y su \u00e1rea de Inclusi\u00f3n, invitan a participar en el Concurso Art\u00edstico &#8211; Literario \u00abEl Valor de la Diversidad\u00bb, que tiene por objetivo identificar acciones, [&hellip;]<\/p>\n","protected":false},"author":4,"featured_media":1312,"comment_status":"closed","ping_status":"closed","sticky":false,"template":"","format":"standard","meta":{"_et_pb_use_builder":"","_et_pb_old_content":"","_et_gb_content_width":"","footnotes":""},"categories":[10,2],"tags":[],"class_list":["post-1311","post","type-post","status-publish","format-standard","has-post-thumbnail","hentry","category-noticias","category-novedades"],"_links":{"self":[{"href":"https:\/\/upla.cl\/vicerrectoriaacademica\/wp-json\/wp\/v2\/posts\/1311","targetHints":{"allow":["GET"]}}],"collection":[{"href":"https:\/\/upla.cl\/vicerrectoriaacademica\/wp-json\/wp\/v2\/posts"}],"about":[{"href":"https:\/\/upla.cl\/vicerrectoriaacademica\/wp-json\/wp\/v2\/types\/post"}],"author":[{"embeddable":true,"href":"https:\/\/upla.cl\/vicerrectoriaacademica\/wp-json\/wp\/v2\/users\/4"}],"replies":[{"embeddable":true,"href":"https:\/\/upla.cl\/vicerrectoriaacademica\/wp-json\/wp\/v2\/comments?post=1311"}],"version-history":[{"count":4,"href":"https:\/\/upla.cl\/vicerrectoriaacademica\/wp-json\/wp\/v2\/posts\/1311\/revisions"}],"predecessor-version":[{"id":1353,"href":"https:\/\/upla.cl\/vicerrectoriaacademica\/wp-json\/wp\/v2\/posts\/1311\/revisions\/1353"}],"wp:featuredmedia":[{"embeddable":true,"href":"https:\/\/upla.cl\/vicerrectoriaacademica\/wp-json\/wp\/v2\/media\/1312"}],"wp:attachment":[{"href":"https:\/\/upla.cl\/vicerrectoriaacademica\/wp-json\/wp\/v2\/media?parent=1311"}],"wp:term":[{"taxonomy":"category","embeddable":true,"href":"https:\/\/upla.cl\/vicerrectoriaacademica\/wp-json\/wp\/v2\/categories?post=1311"},{"taxonomy":"post_tag","embeddable":true,"href":"https:\/\/upla.cl\/vicerrectoriaacademica\/wp-json\/wp\/v2\/tags?post=1311"}],"curies":[{"name":"wp","href":"https:\/\/api.w.org\/{rel}","templated":true}]}}