{"id":1324,"date":"2021-11-24T16:18:45","date_gmt":"2021-11-24T19:18:45","guid":{"rendered":"https:\/\/upla.cl\/vicerrectoriaacademica\/?p=1324"},"modified":"2021-11-24T16:20:45","modified_gmt":"2021-11-24T19:20:45","slug":"upla-abierto-proceso-de-admision-especial-2022","status":"publish","type":"post","link":"https:\/\/upla.cl\/vicerrectoriaacademica\/2021\/11\/24\/upla-abierto-proceso-de-admision-especial-2022\/","title":{"rendered":"UPLA: Abierto Proceso de Admisi\u00f3n Especial 2022"},"content":{"rendered":"<p>[vc_row type=\u00bbin_container\u00bb full_screen_row_position=\u00bbmiddle\u00bb column_margin=\u00bbdefault\u00bb column_direction=\u00bbdefault\u00bb column_direction_tablet=\u00bbdefault\u00bb column_direction_phone=\u00bbdefault\u00bb scene_position=\u00bbcenter\u00bb text_color=\u00bbdark\u00bb text_align=\u00bbleft\u00bb row_border_radius=\u00bbnone\u00bb row_border_radius_applies=\u00bbbg\u00bb overlay_strength=\u00bb0.3&#8243; gradient_direction=\u00bbleft_to_right\u00bb shape_divider_position=\u00bbbottom\u00bb bg_image_animation=\u00bbnone\u00bb][vc_column column_padding=\u00bbno-extra-padding\u00bb column_padding_tablet=\u00bbinherit\u00bb column_padding_phone=\u00bbinherit\u00bb column_padding_position=\u00bball\u00bb background_color_opacity=\u00bb1&#8243; background_hover_color_opacity=\u00bb1&#8243; column_shadow=\u00bbnone\u00bb column_border_radius=\u00bbnone\u00bb column_link_target=\u00bb_self\u00bb gradient_direction=\u00bbleft_to_right\u00bb overlay_strength=\u00bb0.3&#8243; width=\u00bb1\/1&#8243; tablet_width_inherit=\u00bbdefault\u00bb tablet_text_alignment=\u00bbdefault\u00bb phone_text_alignment=\u00bbdefault\u00bb column_border_width=\u00bbnone\u00bb column_border_style=\u00bbsolid\u00bb bg_image_animation=\u00bbnone\u00bb][vc_column_text]En pleno desarrollo se encuentra el proceso de Admisi\u00f3n Especial que realiza la Universidad de Playa Ancha para su a\u00f1o lectivo 2022.<\/p>\n<p>Abierto desde el 12 de octubre y hasta el mediod\u00eda del 10 de enero del pr\u00f3ximo a\u00f1o, esta casa de estudios recibir\u00e1 postulaciones a las carreras de pregrado, a trav\u00e9s de la plataforma en l\u00ednea\u00a0<a href=\"http:\/\/www.upla.cl\/admision\/\"><strong>www.upla.cl\/admision\/<\/strong><\/a>.<\/p>\n<p>Se trata de una modalidad de ingreso a esta universidad p\u00fablica, que otorga posibilidades de cursar carreras profesionales tanto en el campus Valpara\u00edso como en el de San Felipe, a quienes han seguido una trayectoria en diversas \u00e1reas reconocidas y valoradas por la Universidad de Playa Ancha, contribuyendo de esta manera al proceso de formaci\u00f3n y perfeccionamiento de j\u00f3venes con caracter\u00edsticas que los distinguen y diferencian.<\/p>\n<figure id=\"attachment_144422\" class=\"wp-caption alignleft\" aria-describedby=\"caption-attachment-144422\"><a href=\"https:\/\/www.upla.cl\/noticias\/wp-content\/uploads\/2021\/10\/maritza_farlora_dir_admision_.jpeg\"><img loading=\"lazy\" decoding=\"async\" class=\"size-medium wp-image-144422 tie-appear\" src=\"https:\/\/www.upla.cl\/noticias\/wp-content\/uploads\/2021\/10\/maritza_farlora_dir_admision_-300x300.jpeg\" sizes=\"(max-width: 300px) 100vw, 300px\" srcset=\"https:\/\/www.upla.cl\/noticias\/wp-content\/uploads\/2021\/10\/maritza_farlora_dir_admision_-300x300.jpeg 300w, https:\/\/www.upla.cl\/noticias\/wp-content\/uploads\/2021\/10\/maritza_farlora_dir_admision_-150x150.jpeg 150w, https:\/\/www.upla.cl\/noticias\/wp-content\/uploads\/2021\/10\/maritza_farlora_dir_admision_.jpeg 640w\" alt=\"\" width=\"300\" height=\"300\" \/><\/a><figcaption id=\"caption-attachment-144422\" class=\"wp-caption-text\">Directora de Admisi\u00f3n, Maritza Farlora.<\/figcaption><\/figure>\n<p>As\u00ed lo inform\u00f3 la\u00a0<strong>directora de Admisi\u00f3n de la UPLA, Maritza Farlora Zapata: <\/strong>\u201cDesde esta modalidad contamos con un total de 15 v\u00edas de ingreso dentro de las cuales destacamos e invitamos a conocer los requisitos de postulaci\u00f3n a quienes son dirigentes sociales, talentos en danza, artes pl\u00e1sticas y deportes. Contamos tambi\u00e9n con una posibilidad de postulaci\u00f3n para funcionarios p\u00fablicos que desean seguir su formaci\u00f3n profesional, as\u00ed como una v\u00eda de ingreso para quienes cursaron estudios secundarios en el extranjero, adem\u00e1s del reconocimiento a quienes son parte de las comunidades de pueblos originarios.\u00a0 Lo relevante de esta modalidad es que permite el acceso a la educaci\u00f3n superior sin considerar los resultados de la Prueba de Transici\u00f3n, ya que nuestra instituci\u00f3n espera satisfacer las necesidades e inquietudes de formaci\u00f3n de todas y todos quienes est\u00e1n comprometidos con su quehacer\u201d.<\/p>\n<p>La autoridad destac\u00f3 que cada v\u00eda de ingreso exige requisitos espec\u00edficos, por lo que invit\u00f3 a los postulantes a revisar en detalle la documentaci\u00f3n requerida para que la postulaci\u00f3n sea efectiva, y reiter\u00f3 que dicho tr\u00e1mite es completamente en l\u00ednea.<\/p>\n<p>\u201cLas y los invitamos a todas y todos quienes quieran ser parte de nuestra comunidad de aprendizaje Universidad de Playa Ancha, a contactarse con nuestra Unidad en el correo\u00a0<a href=\"mailto:admision@upla.cl\"><strong>admision@upla.cl<\/strong><\/a>, respecto de cualquier duda que tengan en la postulaci\u00f3n a la Admisi\u00f3n Especial. De igual manera, para que tengan un conocimiento m\u00e1s profundo sobre cu\u00e1les son las exigencias de postulaci\u00f3n, los invito a revisar el sitio de Admisi\u00f3n Especial, al cual pueden llegar desde la p\u00e1gina central de la Universidad de Playa Ancha <a href=\"http:\/\/www.upla.cl%29\/\"><strong>(<\/strong><\/a><a href=\"http:\/\/www.upla.cl%29\/\"><strong>www.upla.cl)<\/strong><\/a>\u201d, afirm\u00f3 la directora Maritza Farlora.[\/vc_column_text][\/vc_column][\/vc_row]<\/p>\n","protected":false},"excerpt":{"rendered":"<p>[vc_row type=\u00bbin_container\u00bb full_screen_row_position=\u00bbmiddle\u00bb column_margin=\u00bbdefault\u00bb column_direction=\u00bbdefault\u00bb column_direction_tablet=\u00bbdefault\u00bb column_direction_phone=\u00bbdefault\u00bb scene_position=\u00bbcenter\u00bb text_color=\u00bbdark\u00bb text_align=\u00bbleft\u00bb row_border_radius=\u00bbnone\u00bb row_border_radius_applies=\u00bbbg\u00bb overlay_strength=\u00bb0.3&#8243; gradient_direction=\u00bbleft_to_right\u00bb shape_divider_position=\u00bbbottom\u00bb bg_image_animation=\u00bbnone\u00bb][vc_column column_padding=\u00bbno-extra-padding\u00bb column_padding_tablet=\u00bbinherit\u00bb column_padding_phone=\u00bbinherit\u00bb column_padding_position=\u00bball\u00bb background_color_opacity=\u00bb1&#8243; background_hover_color_opacity=\u00bb1&#8243; column_shadow=\u00bbnone\u00bb column_border_radius=\u00bbnone\u00bb column_link_target=\u00bb_self\u00bb gradient_direction=\u00bbleft_to_right\u00bb overlay_strength=\u00bb0.3&#8243; width=\u00bb1\/1&#8243; tablet_width_inherit=\u00bbdefault\u00bb tablet_text_alignment=\u00bbdefault\u00bb phone_text_alignment=\u00bbdefault\u00bb column_border_width=\u00bbnone\u00bb column_border_style=\u00bbsolid\u00bb bg_image_animation=\u00bbnone\u00bb][vc_column_text]En pleno desarrollo se encuentra el proceso de Admisi\u00f3n Especial que realiza la Universidad de Playa Ancha para su a\u00f1o lectivo 2022. [&hellip;]<\/p>\n","protected":false},"author":4,"featured_media":1325,"comment_status":"closed","ping_status":"closed","sticky":false,"template":"","format":"standard","meta":{"_et_pb_use_builder":"","_et_pb_old_content":"","_et_gb_content_width":"","footnotes":""},"categories":[10,2],"tags":[],"class_list":["post-1324","post","type-post","status-publish","format-standard","has-post-thumbnail","hentry","category-noticias","category-novedades"],"_links":{"self":[{"href":"https:\/\/upla.cl\/vicerrectoriaacademica\/wp-json\/wp\/v2\/posts\/1324","targetHints":{"allow":["GET"]}}],"collection":[{"href":"https:\/\/upla.cl\/vicerrectoriaacademica\/wp-json\/wp\/v2\/posts"}],"about":[{"href":"https:\/\/upla.cl\/vicerrectoriaacademica\/wp-json\/wp\/v2\/types\/post"}],"author":[{"embeddable":true,"href":"https:\/\/upla.cl\/vicerrectoriaacademica\/wp-json\/wp\/v2\/users\/4"}],"replies":[{"embeddable":true,"href":"https:\/\/upla.cl\/vicerrectoriaacademica\/wp-json\/wp\/v2\/comments?post=1324"}],"version-history":[{"count":4,"href":"https:\/\/upla.cl\/vicerrectoriaacademica\/wp-json\/wp\/v2\/posts\/1324\/revisions"}],"predecessor-version":[{"id":1329,"href":"https:\/\/upla.cl\/vicerrectoriaacademica\/wp-json\/wp\/v2\/posts\/1324\/revisions\/1329"}],"wp:featuredmedia":[{"embeddable":true,"href":"https:\/\/upla.cl\/vicerrectoriaacademica\/wp-json\/wp\/v2\/media\/1325"}],"wp:attachment":[{"href":"https:\/\/upla.cl\/vicerrectoriaacademica\/wp-json\/wp\/v2\/media?parent=1324"}],"wp:term":[{"taxonomy":"category","embeddable":true,"href":"https:\/\/upla.cl\/vicerrectoriaacademica\/wp-json\/wp\/v2\/categories?post=1324"},{"taxonomy":"post_tag","embeddable":true,"href":"https:\/\/upla.cl\/vicerrectoriaacademica\/wp-json\/wp\/v2\/tags?post=1324"}],"curies":[{"name":"wp","href":"https:\/\/api.w.org\/{rel}","templated":true}]}}