{"id":1337,"date":"2021-11-29T12:11:21","date_gmt":"2021-11-29T15:11:21","guid":{"rendered":"https:\/\/upla.cl\/vicerrectoriaacademica\/?p=1337"},"modified":"2021-11-29T12:11:21","modified_gmt":"2021-11-29T15:11:21","slug":"uae-invita-a-taller-y-como-se-hace-herramientas-computacionales","status":"publish","type":"post","link":"https:\/\/upla.cl\/vicerrectoriaacademica\/2021\/11\/29\/uae-invita-a-taller-y-como-se-hace-herramientas-computacionales\/","title":{"rendered":"UAE invita a taller \u00ab\u00bfY c\u00f3mo se hace?: Herramientas Computacionales\u00bb"},"content":{"rendered":"<p><span style=\"font-weight: 400;\">La Unidad de Acompa\u00f1amiento Estudiantil, dependiente de la Vicerrector\u00eda Acad\u00e9mica, invita a los y las estudiantes a participar en el taller \u00ab\u00bfY c\u00f3mo se hace?: Herramientas computacionales\u00bb, el cual se desarrollar\u00e1 el pr\u00f3ximo jueves 2 de diciembre, a las 16.00 horas, v\u00eda plataforma Zoom.<\/span><\/p>\n<p><span style=\"font-weight: 400;\">El objetivo de la iniciativa, a cargo de la profesora de Matem\u00e1tica y Computaci\u00f3n Fernanda Zamora, es presentar nuevas herramientas, potenciar habilidades computacionales y ampliar el conocimiento sobre las plataformas de trabajo y estudio utilizados durante el a\u00f1o acad\u00e9mico.<\/span><\/p>\n<p><span style=\"font-weight: 400;\">\u00a0Quienes se encuentren interesados e interesadas, deben inscribirse en el siguiente <\/span> <span style=\"font-weight: 400;\">(plazo m\u00e1ximo: 2 de diciembre, a las 12.00 horas). Cabe destacar que el link de conexi\u00f3n ser\u00e1 enviado el mismo d\u00eda del taller.<\/span><\/p>\n<p>&nbsp;<\/p>\n<p><img loading=\"lazy\" decoding=\"async\" class=\"alignnone wp-image-1338 size-large\" src=\"https:\/\/upla.cl\/vicerrectoriaacademica\/wp-content\/uploads\/2021\/11\/afiche_herramientas-computacionales-1024x1024.png\" alt=\"\" width=\"1024\" height=\"1024\" srcset=\"https:\/\/upla.cl\/vicerrectoriaacademica\/wp-content\/uploads\/2021\/11\/afiche_herramientas-computacionales-1024x1024.png 1024w, https:\/\/upla.cl\/vicerrectoriaacademica\/wp-content\/uploads\/2021\/11\/afiche_herramientas-computacionales-300x300.png 300w, https:\/\/upla.cl\/vicerrectoriaacademica\/wp-content\/uploads\/2021\/11\/afiche_herramientas-computacionales-150x150.png 150w, https:\/\/upla.cl\/vicerrectoriaacademica\/wp-content\/uploads\/2021\/11\/afiche_herramientas-computacionales-768x768.png 768w, https:\/\/upla.cl\/vicerrectoriaacademica\/wp-content\/uploads\/2021\/11\/afiche_herramientas-computacionales-100x100.png 100w, https:\/\/upla.cl\/vicerrectoriaacademica\/wp-content\/uploads\/2021\/11\/afiche_herramientas-computacionales-140x140.png 140w, https:\/\/upla.cl\/vicerrectoriaacademica\/wp-content\/uploads\/2021\/11\/afiche_herramientas-computacionales-500x500.png 500w, https:\/\/upla.cl\/vicerrectoriaacademica\/wp-content\/uploads\/2021\/11\/afiche_herramientas-computacionales-350x350.png 350w, https:\/\/upla.cl\/vicerrectoriaacademica\/wp-content\/uploads\/2021\/11\/afiche_herramientas-computacionales-1000x1000.png 1000w, https:\/\/upla.cl\/vicerrectoriaacademica\/wp-content\/uploads\/2021\/11\/afiche_herramientas-computacionales-800x800.png 800w, https:\/\/upla.cl\/vicerrectoriaacademica\/wp-content\/uploads\/2021\/11\/afiche_herramientas-computacionales.png 1182w\" sizes=\"(max-width: 1024px) 100vw, 1024px\" \/><\/p>\n","protected":false},"excerpt":{"rendered":"<p>La Unidad de Acompa\u00f1amiento Estudiantil, dependiente de la Vicerrector\u00eda Acad\u00e9mica, invita a los y las estudiantes a participar en el taller \u00ab\u00bfY c\u00f3mo se hace?: Herramientas computacionales\u00bb, el cual se desarrollar\u00e1 el pr\u00f3ximo jueves 2 de diciembre, a las 16.00 horas, v\u00eda plataforma Zoom. El objetivo de la iniciativa, a cargo de la profesora de [&hellip;]<\/p>\n","protected":false},"author":4,"featured_media":1339,"comment_status":"closed","ping_status":"closed","sticky":false,"template":"","format":"standard","meta":{"_et_pb_use_builder":"","_et_pb_old_content":"","_et_gb_content_width":"","footnotes":""},"categories":[10,2],"tags":[],"class_list":["post-1337","post","type-post","status-publish","format-standard","has-post-thumbnail","hentry","category-noticias","category-novedades"],"_links":{"self":[{"href":"https:\/\/upla.cl\/vicerrectoriaacademica\/wp-json\/wp\/v2\/posts\/1337","targetHints":{"allow":["GET"]}}],"collection":[{"href":"https:\/\/upla.cl\/vicerrectoriaacademica\/wp-json\/wp\/v2\/posts"}],"about":[{"href":"https:\/\/upla.cl\/vicerrectoriaacademica\/wp-json\/wp\/v2\/types\/post"}],"author":[{"embeddable":true,"href":"https:\/\/upla.cl\/vicerrectoriaacademica\/wp-json\/wp\/v2\/users\/4"}],"replies":[{"embeddable":true,"href":"https:\/\/upla.cl\/vicerrectoriaacademica\/wp-json\/wp\/v2\/comments?post=1337"}],"version-history":[{"count":1,"href":"https:\/\/upla.cl\/vicerrectoriaacademica\/wp-json\/wp\/v2\/posts\/1337\/revisions"}],"predecessor-version":[{"id":1340,"href":"https:\/\/upla.cl\/vicerrectoriaacademica\/wp-json\/wp\/v2\/posts\/1337\/revisions\/1340"}],"wp:featuredmedia":[{"embeddable":true,"href":"https:\/\/upla.cl\/vicerrectoriaacademica\/wp-json\/wp\/v2\/media\/1339"}],"wp:attachment":[{"href":"https:\/\/upla.cl\/vicerrectoriaacademica\/wp-json\/wp\/v2\/media?parent=1337"}],"wp:term":[{"taxonomy":"category","embeddable":true,"href":"https:\/\/upla.cl\/vicerrectoriaacademica\/wp-json\/wp\/v2\/categories?post=1337"},{"taxonomy":"post_tag","embeddable":true,"href":"https:\/\/upla.cl\/vicerrectoriaacademica\/wp-json\/wp\/v2\/tags?post=1337"}],"curies":[{"name":"wp","href":"https:\/\/api.w.org\/{rel}","templated":true}]}}