{"id":1342,"date":"2021-11-29T12:15:07","date_gmt":"2021-11-29T15:15:07","guid":{"rendered":"https:\/\/upla.cl\/vicerrectoriaacademica\/?p=1342"},"modified":"2021-11-29T12:17:39","modified_gmt":"2021-11-29T15:17:39","slug":"se-extendio-plazo-para-inscribirse-en-encuentro-sobre-ciudadania-y-formacion-ciudadana-cuech","status":"publish","type":"post","link":"https:\/\/upla.cl\/vicerrectoriaacademica\/2021\/11\/29\/se-extendio-plazo-para-inscribirse-en-encuentro-sobre-ciudadania-y-formacion-ciudadana-cuech\/","title":{"rendered":"Se extendi\u00f3 plazo para inscribirse en encuentro sobre ciudadan\u00eda y formaci\u00f3n ciudadana (CUECH)"},"content":{"rendered":"<p>[vc_row type=\u00bbin_container\u00bb full_screen_row_position=\u00bbmiddle\u00bb column_margin=\u00bbdefault\u00bb column_direction=\u00bbdefault\u00bb column_direction_tablet=\u00bbdefault\u00bb column_direction_phone=\u00bbdefault\u00bb scene_position=\u00bbcenter\u00bb text_color=\u00bbdark\u00bb text_align=\u00bbleft\u00bb row_border_radius=\u00bbnone\u00bb row_border_radius_applies=\u00bbbg\u00bb overlay_strength=\u00bb0.3&#8243; gradient_direction=\u00bbleft_to_right\u00bb shape_divider_position=\u00bbbottom\u00bb bg_image_animation=\u00bbnone\u00bb][vc_column column_padding=\u00bbno-extra-padding\u00bb column_padding_tablet=\u00bbinherit\u00bb column_padding_phone=\u00bbinherit\u00bb column_padding_position=\u00bball\u00bb background_color_opacity=\u00bb1&#8243; background_hover_color_opacity=\u00bb1&#8243; column_shadow=\u00bbnone\u00bb column_border_radius=\u00bbnone\u00bb column_link_target=\u00bb_self\u00bb gradient_direction=\u00bbleft_to_right\u00bb overlay_strength=\u00bb0.3&#8243; width=\u00bb1\/1&#8243; tablet_width_inherit=\u00bbdefault\u00bb tablet_text_alignment=\u00bbdefault\u00bb phone_text_alignment=\u00bbdefault\u00bb column_border_width=\u00bbnone\u00bb column_border_style=\u00bbsolid\u00bb bg_image_animation=\u00bbnone\u00bb][vc_column_text]<\/p>\n<div>La\u00a0<b>Direcci\u00f3n General de Pregrado<\/b>, dependiente de la Vicerrector\u00eda Acad\u00e9mica, invita a los y las estudiantes que se encuentren cursando los \u00faltimos a\u00f1os de su\u00a0formaci\u00f3n\u00a0profesional a participar en el \u201cEncuentro de estudiantes de las Universidades del Estado: Ciudadan\u00eda y\u00a0formaci\u00f3n\u00a0ciudadana\u00a0en Educaci\u00f3n Superior\u201d, el cual est\u00e1 siendo organizado por el\u00a0<b>Consorcio de Universidades del Estado de Chile<\/b>\u00a0(CUECH).<\/div>\n<div><\/div>\n<div>El objetivo de esta iniciativa, dirigida a las 18 universidades del Estado, es generar un espacio de intercambio y reflexi\u00f3n sobre estrategias para el desarrollo de la ciudadan\u00eda y la\u00a0formaci\u00f3n\u00a0ciudadana\u00a0en la vida universitaria.<\/div>\n<div><\/div>\n<div>El encuentro contempla tres momentos:<\/div>\n<ol>\n<li><span style=\"font-size: revert; color: initial;\">Trabajo de autoformaci\u00f3n previo al encuentro.<\/span><\/li>\n<li><span style=\"font-size: revert; color: initial;\">Trabajo sincr\u00f3nico correspondiente al encuentro\u00a0<\/span><b style=\"font-size: revert; color: initial;\">(13 a 17 de diciembre)<\/b><span style=\"font-size: revert; color: initial;\">.<\/span><\/li>\n<li><span style=\"font-size: revert; color: initial;\">Participaci\u00f3n de una comunidad de estudiantes.<\/span><\/li>\n<\/ol>\n<div><\/div>\n<div>Los y las interesadas deben completar\u00a0<a href=\"https:\/\/docs.google.com\/forms\/d\/e\/1FAIpQLSeMfblXrwdouuNepeKB3tzKgcpy34CSwKD1QJ-jPn3pHG6vQA\/viewform\" target=\"_blank\" rel=\"noopener\" data-saferedirecturl=\"https:\/\/www.google.com\/url?q=https:\/\/docs.google.com\/forms\/d\/e\/1FAIpQLSeMfblXrwdouuNepeKB3tzKgcpy34CSwKD1QJ-jPn3pHG6vQA\/viewform&amp;source=gmail&amp;ust=1638283353896000&amp;usg=AOvVaw2yfbhaNBCWwaEExpQ-UYWC\"><b>este formulario en l\u00ednea<\/b><\/a>. Plazo m\u00e1ximo de inscripci\u00f3n: viernes 3 de diciembre, a las 12.00 horas.<\/div>\n<div><\/div>\n<div>Mayores detalles pueden encontrarlos en el documento adjunto y tambi\u00e9n ser\u00e1n informados a las personas inscritas v\u00eda correo electr\u00f3nico.<\/div>\n<p>[\/vc_column_text][\/vc_column][\/vc_row]<\/p>\n","protected":false},"excerpt":{"rendered":"<p>[vc_row type=\u00bbin_container\u00bb full_screen_row_position=\u00bbmiddle\u00bb column_margin=\u00bbdefault\u00bb column_direction=\u00bbdefault\u00bb column_direction_tablet=\u00bbdefault\u00bb column_direction_phone=\u00bbdefault\u00bb scene_position=\u00bbcenter\u00bb text_color=\u00bbdark\u00bb text_align=\u00bbleft\u00bb row_border_radius=\u00bbnone\u00bb row_border_radius_applies=\u00bbbg\u00bb overlay_strength=\u00bb0.3&#8243; gradient_direction=\u00bbleft_to_right\u00bb shape_divider_position=\u00bbbottom\u00bb bg_image_animation=\u00bbnone\u00bb][vc_column column_padding=\u00bbno-extra-padding\u00bb column_padding_tablet=\u00bbinherit\u00bb column_padding_phone=\u00bbinherit\u00bb column_padding_position=\u00bball\u00bb background_color_opacity=\u00bb1&#8243; background_hover_color_opacity=\u00bb1&#8243; column_shadow=\u00bbnone\u00bb column_border_radius=\u00bbnone\u00bb column_link_target=\u00bb_self\u00bb gradient_direction=\u00bbleft_to_right\u00bb overlay_strength=\u00bb0.3&#8243; width=\u00bb1\/1&#8243; tablet_width_inherit=\u00bbdefault\u00bb tablet_text_alignment=\u00bbdefault\u00bb phone_text_alignment=\u00bbdefault\u00bb column_border_width=\u00bbnone\u00bb column_border_style=\u00bbsolid\u00bb bg_image_animation=\u00bbnone\u00bb][vc_column_text] La\u00a0Direcci\u00f3n General de Pregrado, dependiente de la Vicerrector\u00eda Acad\u00e9mica, invita a los y las estudiantes que se encuentren cursando los \u00faltimos [&hellip;]<\/p>\n","protected":false},"author":4,"featured_media":1343,"comment_status":"closed","ping_status":"closed","sticky":false,"template":"","format":"standard","meta":{"_et_pb_use_builder":"","_et_pb_old_content":"","_et_gb_content_width":"","footnotes":""},"categories":[10,2],"tags":[],"class_list":["post-1342","post","type-post","status-publish","format-standard","has-post-thumbnail","hentry","category-noticias","category-novedades"],"_links":{"self":[{"href":"https:\/\/upla.cl\/vicerrectoriaacademica\/wp-json\/wp\/v2\/posts\/1342","targetHints":{"allow":["GET"]}}],"collection":[{"href":"https:\/\/upla.cl\/vicerrectoriaacademica\/wp-json\/wp\/v2\/posts"}],"about":[{"href":"https:\/\/upla.cl\/vicerrectoriaacademica\/wp-json\/wp\/v2\/types\/post"}],"author":[{"embeddable":true,"href":"https:\/\/upla.cl\/vicerrectoriaacademica\/wp-json\/wp\/v2\/users\/4"}],"replies":[{"embeddable":true,"href":"https:\/\/upla.cl\/vicerrectoriaacademica\/wp-json\/wp\/v2\/comments?post=1342"}],"version-history":[{"count":3,"href":"https:\/\/upla.cl\/vicerrectoriaacademica\/wp-json\/wp\/v2\/posts\/1342\/revisions"}],"predecessor-version":[{"id":1346,"href":"https:\/\/upla.cl\/vicerrectoriaacademica\/wp-json\/wp\/v2\/posts\/1342\/revisions\/1346"}],"wp:featuredmedia":[{"embeddable":true,"href":"https:\/\/upla.cl\/vicerrectoriaacademica\/wp-json\/wp\/v2\/media\/1343"}],"wp:attachment":[{"href":"https:\/\/upla.cl\/vicerrectoriaacademica\/wp-json\/wp\/v2\/media?parent=1342"}],"wp:term":[{"taxonomy":"category","embeddable":true,"href":"https:\/\/upla.cl\/vicerrectoriaacademica\/wp-json\/wp\/v2\/categories?post=1342"},{"taxonomy":"post_tag","embeddable":true,"href":"https:\/\/upla.cl\/vicerrectoriaacademica\/wp-json\/wp\/v2\/tags?post=1342"}],"curies":[{"name":"wp","href":"https:\/\/api.w.org\/{rel}","templated":true}]}}