{"id":1347,"date":"2021-11-29T12:22:41","date_gmt":"2021-11-29T15:22:41","guid":{"rendered":"https:\/\/upla.cl\/vicerrectoriaacademica\/?p=1347"},"modified":"2021-11-29T12:22:41","modified_gmt":"2021-11-29T15:22:41","slug":"1-de-diciembre-nueva-toma-de-test-rapido-de-vih-cupos-limitados","status":"publish","type":"post","link":"https:\/\/upla.cl\/vicerrectoriaacademica\/2021\/11\/29\/1-de-diciembre-nueva-toma-de-test-rapido-de-vih-cupos-limitados\/","title":{"rendered":"1 de diciembre: Nueva toma de Test R\u00e1pido de VIH (cupos limitados)"},"content":{"rendered":"<p>La\u00a0<b>Direcci\u00f3n General de Desarrollo Estudiantil<\/b>, dependiente de la Vicerrector\u00eda Acad\u00e9mica, invita a los y las estudiantes de la Universidad de Playa Ancha a realizarse el examen de detecci\u00f3n de VIH, en un operativo de test r\u00e1pido que se llevar\u00e1 a efecto este<b>\u00a0mi\u00e9rcoles 1 de diciembre<\/b>, entre las 9.00 y las 14.00 horas, en el Centro Integral de Atenci\u00f3n al Estudiante (edificio CIAE) de la Universidad de Valpara\u00edso (Blanco 1931, Valpara\u00edso).<\/p>\n<p>Los interesados e interesadas en esta oportunidad enmarcada en la Conmemoraci\u00f3n del D\u00eda Mundial del Sida, deben inscribirse\u00a0<a href=\"https:\/\/docs.google.com\/forms\/d\/e\/1FAIpQLScBhyFf2UixjNiPzT8PxPe6uTQsIWsFDAMn2ckuBzgiQmXwzg\/viewform?usp=sf_link\" target=\"_blank\" rel=\"noopener\" data-saferedirecturl=\"https:\/\/www.google.com\/url?q=https:\/\/docs.google.com\/forms\/d\/e\/1FAIpQLScBhyFf2UixjNiPzT8PxPe6uTQsIWsFDAMn2ckuBzgiQmXwzg\/viewform?usp%3Dsf_link&amp;source=gmail&amp;ust=1638276442708000&amp;usg=AOvVaw2yBeNjK-eeYRRBCA46gzdx\"><b>en este enlace<\/b><\/a>\u00a0(formulario exclusivo para estudiantes UPLA). Cupos limitados.<\/p>\n<p>En caso de duda o consulta, escribir a Hilda Correa Araneda, encargada del Programa Alerta en la UPLA:\u00a0<a href=\"mailto:hcorrea@upla.cl\" target=\"_blank\" rel=\"noopener\"><b>hcorrea@upla.cl<\/b><\/a>.<\/p>\n<p>&nbsp;<\/p>\n<p><img loading=\"lazy\" decoding=\"async\" class=\"wp-image-1348 size-full aligncenter\" src=\"https:\/\/upla.cl\/vicerrectoriaacademica\/wp-content\/uploads\/2021\/11\/FINAL-DMS-1.png\" alt=\"\" width=\"1001\" height=\"1001\" srcset=\"https:\/\/upla.cl\/vicerrectoriaacademica\/wp-content\/uploads\/2021\/11\/FINAL-DMS-1.png 1001w, https:\/\/upla.cl\/vicerrectoriaacademica\/wp-content\/uploads\/2021\/11\/FINAL-DMS-1-300x300.png 300w, https:\/\/upla.cl\/vicerrectoriaacademica\/wp-content\/uploads\/2021\/11\/FINAL-DMS-1-150x150.png 150w, https:\/\/upla.cl\/vicerrectoriaacademica\/wp-content\/uploads\/2021\/11\/FINAL-DMS-1-768x768.png 768w, https:\/\/upla.cl\/vicerrectoriaacademica\/wp-content\/uploads\/2021\/11\/FINAL-DMS-1-100x100.png 100w, https:\/\/upla.cl\/vicerrectoriaacademica\/wp-content\/uploads\/2021\/11\/FINAL-DMS-1-140x140.png 140w, https:\/\/upla.cl\/vicerrectoriaacademica\/wp-content\/uploads\/2021\/11\/FINAL-DMS-1-500x500.png 500w, https:\/\/upla.cl\/vicerrectoriaacademica\/wp-content\/uploads\/2021\/11\/FINAL-DMS-1-350x350.png 350w, https:\/\/upla.cl\/vicerrectoriaacademica\/wp-content\/uploads\/2021\/11\/FINAL-DMS-1-800x800.png 800w\" sizes=\"(max-width: 1001px) 100vw, 1001px\" \/><\/p>\n","protected":false},"excerpt":{"rendered":"<p>La\u00a0Direcci\u00f3n General de Desarrollo Estudiantil, dependiente de la Vicerrector\u00eda Acad\u00e9mica, invita a los y las estudiantes de la Universidad de Playa Ancha a realizarse el examen de detecci\u00f3n de VIH, en un operativo de test r\u00e1pido que se llevar\u00e1 a efecto este\u00a0mi\u00e9rcoles 1 de diciembre, entre las 9.00 y las 14.00 horas, en el Centro [&hellip;]<\/p>\n","protected":false},"author":4,"featured_media":1349,"comment_status":"closed","ping_status":"closed","sticky":false,"template":"","format":"standard","meta":{"_et_pb_use_builder":"","_et_pb_old_content":"","_et_gb_content_width":"","footnotes":""},"categories":[10,2],"tags":[],"class_list":["post-1347","post","type-post","status-publish","format-standard","has-post-thumbnail","hentry","category-noticias","category-novedades"],"_links":{"self":[{"href":"https:\/\/upla.cl\/vicerrectoriaacademica\/wp-json\/wp\/v2\/posts\/1347","targetHints":{"allow":["GET"]}}],"collection":[{"href":"https:\/\/upla.cl\/vicerrectoriaacademica\/wp-json\/wp\/v2\/posts"}],"about":[{"href":"https:\/\/upla.cl\/vicerrectoriaacademica\/wp-json\/wp\/v2\/types\/post"}],"author":[{"embeddable":true,"href":"https:\/\/upla.cl\/vicerrectoriaacademica\/wp-json\/wp\/v2\/users\/4"}],"replies":[{"embeddable":true,"href":"https:\/\/upla.cl\/vicerrectoriaacademica\/wp-json\/wp\/v2\/comments?post=1347"}],"version-history":[{"count":2,"href":"https:\/\/upla.cl\/vicerrectoriaacademica\/wp-json\/wp\/v2\/posts\/1347\/revisions"}],"predecessor-version":[{"id":1351,"href":"https:\/\/upla.cl\/vicerrectoriaacademica\/wp-json\/wp\/v2\/posts\/1347\/revisions\/1351"}],"wp:featuredmedia":[{"embeddable":true,"href":"https:\/\/upla.cl\/vicerrectoriaacademica\/wp-json\/wp\/v2\/media\/1349"}],"wp:attachment":[{"href":"https:\/\/upla.cl\/vicerrectoriaacademica\/wp-json\/wp\/v2\/media?parent=1347"}],"wp:term":[{"taxonomy":"category","embeddable":true,"href":"https:\/\/upla.cl\/vicerrectoriaacademica\/wp-json\/wp\/v2\/categories?post=1347"},{"taxonomy":"post_tag","embeddable":true,"href":"https:\/\/upla.cl\/vicerrectoriaacademica\/wp-json\/wp\/v2\/tags?post=1347"}],"curies":[{"name":"wp","href":"https:\/\/api.w.org\/{rel}","templated":true}]}}