{"id":1355,"date":"2021-11-29T15:50:42","date_gmt":"2021-11-29T18:50:42","guid":{"rendered":"https:\/\/upla.cl\/vicerrectoriaacademica\/?p=1355"},"modified":"2021-11-29T16:19:07","modified_gmt":"2021-11-29T19:19:07","slug":"invitacion-a-seminario-movilidad-nacional-riqueza-academica-y-diversidad-territorial","status":"publish","type":"post","link":"https:\/\/upla.cl\/vicerrectoriaacademica\/2021\/11\/29\/invitacion-a-seminario-movilidad-nacional-riqueza-academica-y-diversidad-territorial\/","title":{"rendered":"Invitaci\u00f3n a seminario \u00abMovilidad Nacional: Riqueza Acad\u00e9mica y Diversidad Territorial\u00bb"},"content":{"rendered":"<p><img loading=\"lazy\" decoding=\"async\" class=\"wp-image-1357 size-full alignleft\" src=\"https:\/\/upla.cl\/vicerrectoriaacademica\/wp-content\/uploads\/2021\/11\/AFICHE.jpg\" alt=\"\" width=\"533\" height=\"781\" srcset=\"https:\/\/upla.cl\/vicerrectoriaacademica\/wp-content\/uploads\/2021\/11\/AFICHE.jpg 533w, https:\/\/upla.cl\/vicerrectoriaacademica\/wp-content\/uploads\/2021\/11\/AFICHE-205x300.jpg 205w\" sizes=\"(max-width: 533px) 100vw, 533px\" \/><\/p>\n<p><span style=\"font-weight: 400;\">El pr\u00f3ximo viernes 17 de diciembre a partir de las 10.30 horas, v\u00eda plataforma Zoom, se efectuar\u00e1 el seminario <\/span><b>\u00abMovilidad Nacional: Diversidad territorial y riqueza acad\u00e9mica\u00bb<\/b><span style=\"font-weight: 400;\">, iniciativa organizada por el Programa de Movilidad Nacional del Sistema de Universidades del Estado (SUE), que profundizar\u00e1 sobre los \u00e1mbitos de riqueza acad\u00e9mica y diversidad territorial. <\/span><a href=\"https:\/\/forms.gle\/fLor8HMnNX9Wy4Be6\" target=\"_blank\" rel=\"noopener\"><span style=\"font-weight: 400;\">Inscripci\u00f3n aqu\u00ed.<\/span><\/a><\/p>\n<p><span style=\"font-weight: 400;\">El espacio contar\u00e1 con la participaci\u00f3n del doctor <\/span><b>\u00c1lvaro Maglia<\/b><span style=\"font-weight: 400;\">, secretario ejecutivo de la Asociaci\u00f3n de Universidades Grupo Montevideo, quien desde su experiencia profesional brindar\u00e1 una charla magistral sobre la importancia del trabajo colaborativo y en red entre universidades del Estado, para mejorar la Educaci\u00f3n Superior y enfrentar los desaf\u00edos actuales.<\/span><\/p>\n<p><span style=\"font-weight: 400;\">Adem\u00e1s, <\/span><b>Guillermo Williamson<\/b><span style=\"font-weight: 400;\">, doctor en educaci\u00f3n y director del mag\u00edster en Desarrollo Humano Local de la Universidad de la Frontera, expondr\u00e1 sobre la importancia de la movilidad estudiantil como constructora de la mejora del sistema de universidades del Estado, a partir de experiencias territoriales y el fortalecimiento acad\u00e9mico que conlleva.<\/span><\/p>\n<p><span style=\"font-weight: 400;\">Se destaca que la base del programa de movilidad est\u00e1 marcada por la \u00abmovilidad estudiantil\u00bb, por lo tanto, en la actividad tambi\u00e9n se conocer\u00e1n vivencias de estudiantes de pregrado, sus procesos de aprendizaje y las nuevas experiencias territoriales.<\/span><\/p>\n<p><span style=\"font-weight: 400;\">\u201cEl seminario tiene por objeto promover la movilidad por parte de los\/as acad\u00e9micos\/as y estudiantes, como una oportunidad formativa innovadora, destacando el valor de la diversidad territorial y del potencial acad\u00e9mico de cada instituci\u00f3n\u201d, detall\u00f3 <\/span><b>Marco Yupanqui<\/b><span style=\"font-weight: 400;\">, coordinador del proyecto de movilidad del SUE.<\/span><\/p>\n","protected":false},"excerpt":{"rendered":"<p>El pr\u00f3ximo viernes 17 de diciembre a partir de las 10.30 horas, v\u00eda plataforma Zoom, se efectuar\u00e1 el seminario \u00abMovilidad Nacional: Diversidad territorial y riqueza acad\u00e9mica\u00bb, iniciativa organizada por el Programa de Movilidad Nacional del Sistema de Universidades del Estado (SUE), que profundizar\u00e1 sobre los \u00e1mbitos de riqueza acad\u00e9mica y diversidad territorial. Inscripci\u00f3n aqu\u00ed. El [&hellip;]<\/p>\n","protected":false},"author":4,"featured_media":1356,"comment_status":"closed","ping_status":"closed","sticky":false,"template":"","format":"standard","meta":{"_et_pb_use_builder":"","_et_pb_old_content":"","_et_gb_content_width":"","footnotes":""},"categories":[10,2],"tags":[],"class_list":["post-1355","post","type-post","status-publish","format-standard","has-post-thumbnail","hentry","category-noticias","category-novedades"],"_links":{"self":[{"href":"https:\/\/upla.cl\/vicerrectoriaacademica\/wp-json\/wp\/v2\/posts\/1355","targetHints":{"allow":["GET"]}}],"collection":[{"href":"https:\/\/upla.cl\/vicerrectoriaacademica\/wp-json\/wp\/v2\/posts"}],"about":[{"href":"https:\/\/upla.cl\/vicerrectoriaacademica\/wp-json\/wp\/v2\/types\/post"}],"author":[{"embeddable":true,"href":"https:\/\/upla.cl\/vicerrectoriaacademica\/wp-json\/wp\/v2\/users\/4"}],"replies":[{"embeddable":true,"href":"https:\/\/upla.cl\/vicerrectoriaacademica\/wp-json\/wp\/v2\/comments?post=1355"}],"version-history":[{"count":6,"href":"https:\/\/upla.cl\/vicerrectoriaacademica\/wp-json\/wp\/v2\/posts\/1355\/revisions"}],"predecessor-version":[{"id":1364,"href":"https:\/\/upla.cl\/vicerrectoriaacademica\/wp-json\/wp\/v2\/posts\/1355\/revisions\/1364"}],"wp:featuredmedia":[{"embeddable":true,"href":"https:\/\/upla.cl\/vicerrectoriaacademica\/wp-json\/wp\/v2\/media\/1356"}],"wp:attachment":[{"href":"https:\/\/upla.cl\/vicerrectoriaacademica\/wp-json\/wp\/v2\/media?parent=1355"}],"wp:term":[{"taxonomy":"category","embeddable":true,"href":"https:\/\/upla.cl\/vicerrectoriaacademica\/wp-json\/wp\/v2\/categories?post=1355"},{"taxonomy":"post_tag","embeddable":true,"href":"https:\/\/upla.cl\/vicerrectoriaacademica\/wp-json\/wp\/v2\/tags?post=1355"}],"curies":[{"name":"wp","href":"https:\/\/api.w.org\/{rel}","templated":true}]}}