{"id":1367,"date":"2021-11-30T10:41:06","date_gmt":"2021-11-30T13:41:06","guid":{"rendered":"https:\/\/upla.cl\/vicerrectoriaacademica\/?p=1367"},"modified":"2021-11-30T10:41:06","modified_gmt":"2021-11-30T13:41:06","slug":"comision-asesora-de-bibliotecas-del-cruch-destaco-avances-de-sus-subcomisiones","status":"publish","type":"post","link":"https:\/\/upla.cl\/vicerrectoriaacademica\/2021\/11\/30\/comision-asesora-de-bibliotecas-del-cruch-destaco-avances-de-sus-subcomisiones\/","title":{"rendered":"Comisi\u00f3n Asesora de Bibliotecas del CRUCH destac\u00f3 avances de sus subcomisiones"},"content":{"rendered":"<p><img loading=\"lazy\" decoding=\"async\" class=\"size-medium wp-image-1369 alignleft\" src=\"https:\/\/upla.cl\/vicerrectoriaacademica\/wp-content\/uploads\/2021\/11\/CABID-2-300x170.png\" alt=\"\" width=\"300\" height=\"170\" srcset=\"https:\/\/upla.cl\/vicerrectoriaacademica\/wp-content\/uploads\/2021\/11\/CABID-2-300x170.png 300w, https:\/\/upla.cl\/vicerrectoriaacademica\/wp-content\/uploads\/2021\/11\/CABID-2-1024x580.png 1024w, https:\/\/upla.cl\/vicerrectoriaacademica\/wp-content\/uploads\/2021\/11\/CABID-2-768x435.png 768w, https:\/\/upla.cl\/vicerrectoriaacademica\/wp-content\/uploads\/2021\/11\/CABID-2.png 1299w\" sizes=\"(max-width: 300px) 100vw, 300px\" \/>Con \u00e9xito se desarroll\u00f3 la Segunda Reuni\u00f3n Ordinaria de la Comisi\u00f3n Asesora Permanente de Bibliotecas y Documentaci\u00f3n (CABID), dependiente del Consejo de Rectores de las Universidades Chilenas (CRUCH), instancia en la que se argument\u00f3 la importancia de los avances en las subcomisiones y en sus respectivos temarios, con miras al 2022.<\/p>\n<p>La reuni\u00f3n titulada \u201cMesa de Trabajo para establecer Red de Apoyo a la Infraestructura Nacional de Acceso a la Informaci\u00f3n\u201d, cont\u00f3 con la presentaci\u00f3n del Memor\u00e1ndum de Entendimiento para constituir dicha red, como tambi\u00e9n de las siete subcomisiones, entre las cuales destacan: bases de datos, servicio para la investigaci\u00f3n, competencias digitales y modernizaci\u00f3n de los estatutos internos.<\/p>\n<div id=\"attachment_1370\" style=\"width: 310px\" class=\"wp-caption alignright\"><img loading=\"lazy\" decoding=\"async\" aria-describedby=\"caption-attachment-1370\" class=\"wp-image-1370 size-medium\" src=\"https:\/\/upla.cl\/vicerrectoriaacademica\/wp-content\/uploads\/2021\/11\/Carmen-Gloria-Arlegui-3-300x267.jpg\" alt=\"\" width=\"300\" height=\"267\" srcset=\"https:\/\/upla.cl\/vicerrectoriaacademica\/wp-content\/uploads\/2021\/11\/Carmen-Gloria-Arlegui-3-300x267.jpg 300w, https:\/\/upla.cl\/vicerrectoriaacademica\/wp-content\/uploads\/2021\/11\/Carmen-Gloria-Arlegui-3.jpg 640w\" sizes=\"(max-width: 300px) 100vw, 300px\" \/><p id=\"caption-attachment-1370\" class=\"wp-caption-text\">Carmen Gloria Arlegui, directora del Sistema de Bibliotecas UPLA.<\/p><\/div>\n<p>\u201cPara CABID es fundamental el trabajo de las subcomisiones, ya que son el soporte t\u00e9cnico del Consejo de Rectores, en donde participan m\u00e1s de 30 universidades y sus respectivas bibliotecas; todo aquello en busca de beneficiar a los y las estudiantes e investigadores\u201d, as\u00ed lo expres\u00f3 Karen Jara, presidenta de CABID y directora de Bibliotecas de la Universidad de Concepci\u00f3n.<\/p>\n<p>\u201cCabe destacar que el trabajo permanente que realiza CABID es valorado por el CRUCH y por las comunidades usuarias de las bibliotecas adheridas a este importante organismo, adem\u00e1s, mantiene vigente los <em>Est\u00e1ndares para Bibliotecas Universitarias<\/em>, que permiten cumplir con los par\u00e1metros establecidos en ellos y que se transforman en instrumentos que apoyan no tan s\u00f3lo a los procesos de gesti\u00f3n bibliotecaria, sino tambi\u00e9n a los de acreditaci\u00f3n\u00a0 institucional y de carreras en este \u00e1mbito\u201d, manifest\u00f3 Carmen Gloria Arlegui, directora del Sistema de Bibliotecas de la Universidad de Playa Ancha.<\/p>\n","protected":false},"excerpt":{"rendered":"<p>Con \u00e9xito se desarroll\u00f3 la Segunda Reuni\u00f3n Ordinaria de la Comisi\u00f3n Asesora Permanente de Bibliotecas y Documentaci\u00f3n (CABID), dependiente del Consejo de Rectores de las Universidades Chilenas (CRUCH), instancia en la que se argument\u00f3 la importancia de los avances en las subcomisiones y en sus respectivos temarios, con miras al 2022. La reuni\u00f3n titulada \u201cMesa [&hellip;]<\/p>\n","protected":false},"author":4,"featured_media":1368,"comment_status":"closed","ping_status":"closed","sticky":false,"template":"","format":"standard","meta":{"_et_pb_use_builder":"","_et_pb_old_content":"","_et_gb_content_width":"","footnotes":""},"categories":[10,2],"tags":[],"class_list":["post-1367","post","type-post","status-publish","format-standard","has-post-thumbnail","hentry","category-noticias","category-novedades"],"_links":{"self":[{"href":"https:\/\/upla.cl\/vicerrectoriaacademica\/wp-json\/wp\/v2\/posts\/1367","targetHints":{"allow":["GET"]}}],"collection":[{"href":"https:\/\/upla.cl\/vicerrectoriaacademica\/wp-json\/wp\/v2\/posts"}],"about":[{"href":"https:\/\/upla.cl\/vicerrectoriaacademica\/wp-json\/wp\/v2\/types\/post"}],"author":[{"embeddable":true,"href":"https:\/\/upla.cl\/vicerrectoriaacademica\/wp-json\/wp\/v2\/users\/4"}],"replies":[{"embeddable":true,"href":"https:\/\/upla.cl\/vicerrectoriaacademica\/wp-json\/wp\/v2\/comments?post=1367"}],"version-history":[{"count":2,"href":"https:\/\/upla.cl\/vicerrectoriaacademica\/wp-json\/wp\/v2\/posts\/1367\/revisions"}],"predecessor-version":[{"id":1372,"href":"https:\/\/upla.cl\/vicerrectoriaacademica\/wp-json\/wp\/v2\/posts\/1367\/revisions\/1372"}],"wp:featuredmedia":[{"embeddable":true,"href":"https:\/\/upla.cl\/vicerrectoriaacademica\/wp-json\/wp\/v2\/media\/1368"}],"wp:attachment":[{"href":"https:\/\/upla.cl\/vicerrectoriaacademica\/wp-json\/wp\/v2\/media?parent=1367"}],"wp:term":[{"taxonomy":"category","embeddable":true,"href":"https:\/\/upla.cl\/vicerrectoriaacademica\/wp-json\/wp\/v2\/categories?post=1367"},{"taxonomy":"post_tag","embeddable":true,"href":"https:\/\/upla.cl\/vicerrectoriaacademica\/wp-json\/wp\/v2\/tags?post=1367"}],"curies":[{"name":"wp","href":"https:\/\/api.w.org\/{rel}","templated":true}]}}