{"id":1389,"date":"2021-11-30T18:24:46","date_gmt":"2021-11-30T21:24:46","guid":{"rendered":"https:\/\/upla.cl\/vicerrectoriaacademica\/?p=1389"},"modified":"2021-11-30T18:28:04","modified_gmt":"2021-11-30T21:28:04","slug":"uid-invita-a-estudiantes-a-microtaller-proyectos-colaborativos-con-slack","status":"publish","type":"post","link":"https:\/\/upla.cl\/vicerrectoriaacademica\/2021\/11\/30\/uid-invita-a-estudiantes-a-microtaller-proyectos-colaborativos-con-slack\/","title":{"rendered":"UID invita a estudiantes a microtaller \u00abProyectos colaborativos con Slack\u00bb"},"content":{"rendered":"<p><img loading=\"lazy\" decoding=\"async\" class=\"size-medium wp-image-1393 alignleft\" src=\"https:\/\/upla.cl\/vicerrectoriaacademica\/wp-content\/uploads\/2021\/11\/hipertextual-slack-actualiza-su-app-escritorio-mejora-su-rendimiento-significativamente-2019266168-300x180.jpg\" alt=\"\" width=\"300\" height=\"180\" srcset=\"https:\/\/upla.cl\/vicerrectoriaacademica\/wp-content\/uploads\/2021\/11\/hipertextual-slack-actualiza-su-app-escritorio-mejora-su-rendimiento-significativamente-2019266168-300x180.jpg 300w, https:\/\/upla.cl\/vicerrectoriaacademica\/wp-content\/uploads\/2021\/11\/hipertextual-slack-actualiza-su-app-escritorio-mejora-su-rendimiento-significativamente-2019266168-1024x614.jpg 1024w, https:\/\/upla.cl\/vicerrectoriaacademica\/wp-content\/uploads\/2021\/11\/hipertextual-slack-actualiza-su-app-escritorio-mejora-su-rendimiento-significativamente-2019266168-768x461.jpg 768w, https:\/\/upla.cl\/vicerrectoriaacademica\/wp-content\/uploads\/2021\/11\/hipertextual-slack-actualiza-su-app-escritorio-mejora-su-rendimiento-significativamente-2019266168.jpg 1200w\" sizes=\"(max-width: 300px) 100vw, 300px\" \/>La\u00a0<b>Unidad de Innovaci\u00f3n Digital<\/b>, dependiente de la Vicerrector\u00eda Acad\u00e9mica, en su compromiso de aportar al fortalecimiento de las competencias digitales de la comunidad universitaria, invita a los y las estudiantes a participar en el microtaller \u00abProyectos colaborativos con Slack\u00bb, actividad que se efectuar\u00e1 este <b>mi\u00e9rcoles 1 de diciembre, a partir de las 18.00 horas<\/b>, v\u00eda Zoom.<\/p>\n<p>La iniciativa brindar\u00e1 conocimientos sobre c\u00f3mo propiciar proyectos colaborativos con Slack, una herramienta que facilita la forma en la que se comunican las organizaciones, reuniendo a las personas para que trabajen como un equipo unificado. Adem\u00e1s, la iniciativa busca empoderar a los y las estudiantes, como tambi\u00e9n fomentar el compromiso activo y creativo en relaci\u00f3n a una tem\u00e1tica en particular.<\/p>\n<p>Los interesados e interesadas deben inscribirse\u00a0<a href=\"https:\/\/us02web.zoom.us\/meeting\/register\/tZwodOygqDgiHtY1YDfwdZ9t_-7fBlUEhB5i\" target=\"_blank\" rel=\"noopener\" data-saferedirecturl=\"https:\/\/www.google.com\/url?q=https:\/\/us02web.zoom.us\/meeting\/register\/tZwodOygqDgiHtY1YDfwdZ9t_-7fBlUEhB5i&amp;source=gmail&amp;ust=1638391209082000&amp;usg=AOvVaw0uWDsM4QP6hpc93Ej2SVQN\"><b>en este enlace<\/b><\/a>.<\/p>\n<p>Este microtaller otorgar\u00e1 constancia de participaci\u00f3n. En caso de dudas o consultas, escribir a\u00a0<a href=\"mailto:innovaciondigital@upla.cl\" target=\"_blank\" rel=\"noopener\"><b>innovaciondigital@upla.cl<\/b><\/a>.<\/p>\n","protected":false},"excerpt":{"rendered":"<p>La\u00a0Unidad de Innovaci\u00f3n Digital, dependiente de la Vicerrector\u00eda Acad\u00e9mica, en su compromiso de aportar al fortalecimiento de las competencias digitales de la comunidad universitaria, invita a los y las estudiantes a participar en el microtaller \u00abProyectos colaborativos con Slack\u00bb, actividad que se efectuar\u00e1 este mi\u00e9rcoles 1 de diciembre, a partir de las 18.00 horas, v\u00eda [&hellip;]<\/p>\n","protected":false},"author":4,"featured_media":1392,"comment_status":"closed","ping_status":"closed","sticky":false,"template":"","format":"standard","meta":{"_et_pb_use_builder":"","_et_pb_old_content":"","_et_gb_content_width":"","footnotes":""},"categories":[10,2],"tags":[],"class_list":["post-1389","post","type-post","status-publish","format-standard","has-post-thumbnail","hentry","category-noticias","category-novedades"],"_links":{"self":[{"href":"https:\/\/upla.cl\/vicerrectoriaacademica\/wp-json\/wp\/v2\/posts\/1389","targetHints":{"allow":["GET"]}}],"collection":[{"href":"https:\/\/upla.cl\/vicerrectoriaacademica\/wp-json\/wp\/v2\/posts"}],"about":[{"href":"https:\/\/upla.cl\/vicerrectoriaacademica\/wp-json\/wp\/v2\/types\/post"}],"author":[{"embeddable":true,"href":"https:\/\/upla.cl\/vicerrectoriaacademica\/wp-json\/wp\/v2\/users\/4"}],"replies":[{"embeddable":true,"href":"https:\/\/upla.cl\/vicerrectoriaacademica\/wp-json\/wp\/v2\/comments?post=1389"}],"version-history":[{"count":3,"href":"https:\/\/upla.cl\/vicerrectoriaacademica\/wp-json\/wp\/v2\/posts\/1389\/revisions"}],"predecessor-version":[{"id":1395,"href":"https:\/\/upla.cl\/vicerrectoriaacademica\/wp-json\/wp\/v2\/posts\/1389\/revisions\/1395"}],"wp:featuredmedia":[{"embeddable":true,"href":"https:\/\/upla.cl\/vicerrectoriaacademica\/wp-json\/wp\/v2\/media\/1392"}],"wp:attachment":[{"href":"https:\/\/upla.cl\/vicerrectoriaacademica\/wp-json\/wp\/v2\/media?parent=1389"}],"wp:term":[{"taxonomy":"category","embeddable":true,"href":"https:\/\/upla.cl\/vicerrectoriaacademica\/wp-json\/wp\/v2\/categories?post=1389"},{"taxonomy":"post_tag","embeddable":true,"href":"https:\/\/upla.cl\/vicerrectoriaacademica\/wp-json\/wp\/v2\/tags?post=1389"}],"curies":[{"name":"wp","href":"https:\/\/api.w.org\/{rel}","templated":true}]}}