{"id":1405,"date":"2021-12-02T10:53:04","date_gmt":"2021-12-02T13:53:04","guid":{"rendered":"https:\/\/upla.cl\/vicerrectoriaacademica\/?p=1405"},"modified":"2021-12-02T11:03:52","modified_gmt":"2021-12-02T14:03:52","slug":"3-de-diciembre-taller-google-sheets-planillas-de-calculo-que-facilitan-la-gestion","status":"publish","type":"post","link":"https:\/\/upla.cl\/vicerrectoriaacademica\/2021\/12\/02\/3-de-diciembre-taller-google-sheets-planillas-de-calculo-que-facilitan-la-gestion\/","title":{"rendered":"3 de diciembre: Taller \u00abGoogle Sheets, planillas de c\u00e1lculo que facilitan la gesti\u00f3n\u00bb"},"content":{"rendered":"<p><img loading=\"lazy\" decoding=\"async\" class=\"size-medium wp-image-1406 alignleft\" src=\"https:\/\/upla.cl\/vicerrectoriaacademica\/wp-content\/uploads\/2021\/12\/google-sheets-300x300.png\" alt=\"\" width=\"300\" height=\"300\" srcset=\"https:\/\/upla.cl\/vicerrectoriaacademica\/wp-content\/uploads\/2021\/12\/google-sheets-300x300.png 300w, https:\/\/upla.cl\/vicerrectoriaacademica\/wp-content\/uploads\/2021\/12\/google-sheets-1024x1024.png 1024w, https:\/\/upla.cl\/vicerrectoriaacademica\/wp-content\/uploads\/2021\/12\/google-sheets-150x150.png 150w, https:\/\/upla.cl\/vicerrectoriaacademica\/wp-content\/uploads\/2021\/12\/google-sheets-768x768.png 768w, https:\/\/upla.cl\/vicerrectoriaacademica\/wp-content\/uploads\/2021\/12\/google-sheets-100x100.png 100w, https:\/\/upla.cl\/vicerrectoriaacademica\/wp-content\/uploads\/2021\/12\/google-sheets-140x140.png 140w, https:\/\/upla.cl\/vicerrectoriaacademica\/wp-content\/uploads\/2021\/12\/google-sheets-500x500.png 500w, https:\/\/upla.cl\/vicerrectoriaacademica\/wp-content\/uploads\/2021\/12\/google-sheets-350x350.png 350w, https:\/\/upla.cl\/vicerrectoriaacademica\/wp-content\/uploads\/2021\/12\/google-sheets-1000x1000.png 1000w, https:\/\/upla.cl\/vicerrectoriaacademica\/wp-content\/uploads\/2021\/12\/google-sheets-800x800.png 800w, https:\/\/upla.cl\/vicerrectoriaacademica\/wp-content\/uploads\/2021\/12\/google-sheets.png 1080w\" sizes=\"(max-width: 300px) 100vw, 300px\" \/>La\u00a0<b>Unidad de Innovaci\u00f3n Digital<\/b>, dependiente de la Vicerrector\u00eda Acad\u00e9mica, en su compromiso de aportar al fortalecimiento de las competencias digitales de la comunidad universitaria, los y las invita a participar en el taller \u00ab<span class=\"il\">Google<\/span>\u00a0<span class=\"il\">Sheets<\/span>, planillas de c\u00e1lculo que facilitan la gesti\u00f3n\u00bb, actividad que se efectuar\u00e1 el\u00a0<b>viernes 3 de diciembre, a partir de las 18.30 horas<\/b>, v\u00eda Zoom.<\/p>\n<p>La instancia relevar\u00e1 el uso de <span class=\"il\">Google<\/span>\u00a0<span class=\"il\">Sheets<\/span> como una aplicaci\u00f3n de hojas de c\u00e1lculo completamente gratuita y en l\u00ednea, que fortalece la labor en equipo y permite gestionar bases de datos incrementales. Adem\u00e1s, esta oportunidad trabajar\u00e1 la competencia \u00abcompromiso profesional\u00bb y buscar\u00e1 obtener el resultado de aprendizaje \u00abEmplea tecnolog\u00edas digitales para colaborar con sus pares en la construcci\u00f3n de dispositivos de informaci\u00f3n relevantes\u00bb.<\/p>\n<p>Interesados e interesadas deben inscribirse\u00a0<a href=\"https:\/\/us02web.zoom.us\/meeting\/register\/tZMkc-6urj8iEtTbgNir9tIbRgs8fDW6U0f1\" target=\"_blank\" rel=\"noopener\" data-saferedirecturl=\"https:\/\/www.google.com\/url?q=https:\/\/us02web.zoom.us\/meeting\/register\/tZMkc-6urj8iEtTbgNir9tIbRgs8fDW6U0f1&amp;source=gmail&amp;ust=1638532808576000&amp;usg=AOvVaw2h7Ehnvey3wT2IMXssXAe3\"><b>en este enlace<\/b><\/a>.<\/p>\n<p>Este microtaller otorgar\u00e1 constancia de participaci\u00f3n. En caso de dudas o consultas, escribir a\u00a0<a href=\"mailto:innovaciondigital@upla.cl\" target=\"_blank\" rel=\"noopener\"><b>innovaciondigital@upla.cl<\/b><\/a>.<\/p>\n","protected":false},"excerpt":{"rendered":"<p>La\u00a0Unidad de Innovaci\u00f3n Digital, dependiente de la Vicerrector\u00eda Acad\u00e9mica, en su compromiso de aportar al fortalecimiento de las competencias digitales de la comunidad universitaria, los y las invita a participar en el taller \u00abGoogle\u00a0Sheets, planillas de c\u00e1lculo que facilitan la gesti\u00f3n\u00bb, actividad que se efectuar\u00e1 el\u00a0viernes 3 de diciembre, a partir de las 18.30 horas, [&hellip;]<\/p>\n","protected":false},"author":4,"featured_media":1406,"comment_status":"closed","ping_status":"closed","sticky":false,"template":"","format":"standard","meta":{"_et_pb_use_builder":"","_et_pb_old_content":"","_et_gb_content_width":"","footnotes":""},"categories":[10,2],"tags":[],"class_list":["post-1405","post","type-post","status-publish","format-standard","has-post-thumbnail","hentry","category-noticias","category-novedades"],"_links":{"self":[{"href":"https:\/\/upla.cl\/vicerrectoriaacademica\/wp-json\/wp\/v2\/posts\/1405","targetHints":{"allow":["GET"]}}],"collection":[{"href":"https:\/\/upla.cl\/vicerrectoriaacademica\/wp-json\/wp\/v2\/posts"}],"about":[{"href":"https:\/\/upla.cl\/vicerrectoriaacademica\/wp-json\/wp\/v2\/types\/post"}],"author":[{"embeddable":true,"href":"https:\/\/upla.cl\/vicerrectoriaacademica\/wp-json\/wp\/v2\/users\/4"}],"replies":[{"embeddable":true,"href":"https:\/\/upla.cl\/vicerrectoriaacademica\/wp-json\/wp\/v2\/comments?post=1405"}],"version-history":[{"count":3,"href":"https:\/\/upla.cl\/vicerrectoriaacademica\/wp-json\/wp\/v2\/posts\/1405\/revisions"}],"predecessor-version":[{"id":1410,"href":"https:\/\/upla.cl\/vicerrectoriaacademica\/wp-json\/wp\/v2\/posts\/1405\/revisions\/1410"}],"wp:featuredmedia":[{"embeddable":true,"href":"https:\/\/upla.cl\/vicerrectoriaacademica\/wp-json\/wp\/v2\/media\/1406"}],"wp:attachment":[{"href":"https:\/\/upla.cl\/vicerrectoriaacademica\/wp-json\/wp\/v2\/media?parent=1405"}],"wp:term":[{"taxonomy":"category","embeddable":true,"href":"https:\/\/upla.cl\/vicerrectoriaacademica\/wp-json\/wp\/v2\/categories?post=1405"},{"taxonomy":"post_tag","embeddable":true,"href":"https:\/\/upla.cl\/vicerrectoriaacademica\/wp-json\/wp\/v2\/tags?post=1405"}],"curies":[{"name":"wp","href":"https:\/\/api.w.org\/{rel}","templated":true}]}}