{"id":2707,"date":"2022-08-19T12:59:08","date_gmt":"2022-08-19T16:59:08","guid":{"rendered":"https:\/\/upla.cl\/vicerrectoriaacademica\/?p=2707"},"modified":"2022-08-19T13:11:14","modified_gmt":"2022-08-19T17:11:14","slug":"upla-avanza-con-pie-firme-en-la-actualizacion-de-su-modelo-educativo","status":"publish","type":"post","link":"https:\/\/upla.cl\/vicerrectoriaacademica\/2022\/08\/19\/upla-avanza-con-pie-firme-en-la-actualizacion-de-su-modelo-educativo\/","title":{"rendered":"UPLA avanza con pie firme en la actualizaci\u00f3n de su Modelo Educativo"},"content":{"rendered":"<p><img loading=\"lazy\" decoding=\"async\" class=\"size-medium wp-image-2708 alignleft\" src=\"https:\/\/upla.cl\/vicerrectoriaacademica\/wp-content\/uploads\/2022\/08\/15060462511_4fa5c61218_k-300x140.jpg\" alt=\"\" width=\"300\" height=\"140\" srcset=\"https:\/\/upla.cl\/vicerrectoriaacademica\/wp-content\/uploads\/2022\/08\/15060462511_4fa5c61218_k-300x140.jpg 300w, https:\/\/upla.cl\/vicerrectoriaacademica\/wp-content\/uploads\/2022\/08\/15060462511_4fa5c61218_k-1024x477.jpg 1024w, https:\/\/upla.cl\/vicerrectoriaacademica\/wp-content\/uploads\/2022\/08\/15060462511_4fa5c61218_k-768x358.jpg 768w, https:\/\/upla.cl\/vicerrectoriaacademica\/wp-content\/uploads\/2022\/08\/15060462511_4fa5c61218_k-1536x716.jpg 1536w, https:\/\/upla.cl\/vicerrectoriaacademica\/wp-content\/uploads\/2022\/08\/15060462511_4fa5c61218_k.jpg 1883w\" sizes=\"(max-width: 300px) 100vw, 300px\" \/>La Universidad de Playa Ancha cuenta con un Modelo Educativo vigente desde el a\u00f1o 2011, sin embargo, a la luz de los cambios de la legislaci\u00f3n y las pol\u00edticas p\u00fablicas en el campo de la Educaci\u00f3n Superior, las transformaciones, demandas sociales, el fuerte desarrollo de enfoques basados en los derechos humanos, la realidad de la Regi\u00f3n de Valpara\u00edso y las propias din\u00e1micas institucionales, corresponde revisar y actualizar el documento.<\/p>\n<p>Por lo tanto, para enfrentar este y otros desaf\u00edos, se formul\u00f3 el Proyecto de Fortalecimiento Institucional \u201cAvanzando hacia una Transformaci\u00f3n Digital en la Universidad de Playa Ancha\u201d (UPA 2099-1), adjudicado y financiado por el<strong> Plan de Fortalecimiento Universidades Estatales, a\u00f1o 2020, del Ministerio de Educaci\u00f3n<\/strong>. Entre sus objetivos se encuentra la actualizaci\u00f3n del modelo, cuyo proceso contempl\u00f3 un enfoque participativo para que la comunidad universitaria, es decir: estudiantes, funcionarias\/os y acad\u00e9micas\/os, formen parte de su co-construcci\u00f3n.<\/p>\n<p>El nuevo modelo pretende incorporar una perspectiva inclusiva de los procesos formativos y de gesti\u00f3n acad\u00e9mica-administrativa, desarrollando mecanismos de digitalizaci\u00f3n y virtualizaci\u00f3n que posibiliten avanzar hacia una transformaci\u00f3n digital de la universidad en todos sus \u00e1mbitos, como tambi\u00e9n integrar el enfoque de g\u00e9nero, derechos humanos, diversidad sexual, equidad social, diversidad \u00e9tnica, sustentabilidad ambiental, inclusi\u00f3n de personas en situaci\u00f3n de discapacidad y respeto a la diferencia, y\u00a0 la formaci\u00f3n ciudadana, por ejemplo, como tem\u00e1ticas transversales en la instituci\u00f3n, adem\u00e1s de permitir flexibilizar y armonizar sus modalidades formativas presenciales, en l\u00ednea e h\u00edbridas.<\/p>\n<p><img loading=\"lazy\" decoding=\"async\" class=\"size-medium wp-image-2713 alignright\" src=\"https:\/\/upla.cl\/vicerrectoriaacademica\/wp-content\/uploads\/2022\/08\/777-300x143.jpg\" alt=\"\" width=\"300\" height=\"143\" srcset=\"https:\/\/upla.cl\/vicerrectoriaacademica\/wp-content\/uploads\/2022\/08\/777-300x143.jpg 300w, https:\/\/upla.cl\/vicerrectoriaacademica\/wp-content\/uploads\/2022\/08\/777-1024x487.jpg 1024w, https:\/\/upla.cl\/vicerrectoriaacademica\/wp-content\/uploads\/2022\/08\/777-768x365.jpg 768w, https:\/\/upla.cl\/vicerrectoriaacademica\/wp-content\/uploads\/2022\/08\/777.jpg 1341w\" sizes=\"(max-width: 300px) 100vw, 300px\" \/>El proceso de actualizaci\u00f3n del Modelo Educativo, en adelante \u201cME\u201d, contempla tres fases din\u00e1micas y en ejecuci\u00f3n. La primera se denomin\u00f3 \u201cDiagn\u00f3stico y profundizaci\u00f3n de la tem\u00e1tica\u201d, inici\u00f3 en el 2021 y cont\u00f3 con cuatro grandes actividades: la constituci\u00f3n del equipo de coordinaci\u00f3n para la actualizaci\u00f3n del ME, que estuvo a cargo de la Vicerrector\u00eda Acad\u00e9mica; el an\u00e1lisis te\u00f3rico y sistematizaci\u00f3n de modelos educativos de universidades chilenas, realizado por la Unidad de An\u00e1lisis y Estudios de la Progresi\u00f3n Acad\u00e9mica de la VRA y disponible en <strong><a href=\"http:\/\/simes.upla.cl\/descargar-libro\/\">http:\/\/simes.upla.cl\/descargar-libro\/<\/a><\/strong>; la revisi\u00f3n, an\u00e1lisis y sistematizaci\u00f3n del ME vigente; y el desarrollo de jornadas de socializaci\u00f3n de la necesidad de actualizaci\u00f3n del ME con decanaturas y Consejos de Facultades.<\/p>\n<p>Estas actividades se han desarrollado de forma sistem\u00e1tica con el compromiso de la Direcci\u00f3n General de Pregrado, Unidad de Estudios Curriculares, Unidad de Innovaci\u00f3n Digital y Unidad de Acompa\u00f1amiento Docente de la VRA.<\/p>\n<p>Actualmente, la labor se encuentra en la segunda fase denominada <em>Representatividad y participaci\u00f3n<\/em>, \u201cla cual comenz\u00f3 con la preparaci\u00f3n de tres procesos, consistentes en la realizaci\u00f3n de grupos focales para explorar la socializaci\u00f3n, el conocimiento y la apropiaci\u00f3n de las\/os acad\u00e9micas\/os respecto al ME; la aplicaci\u00f3n de una encuesta destinada a conocer la opini\u00f3n de las\/os acad\u00e9micas\/os sobre el ME; y la elaboraci\u00f3n de una propuesta de metodolog\u00eda de trabajo para la conformaci\u00f3n y funcionamiento de una <em>Comisi\u00f3n de Representantes<\/em> de las facultades de Valpara\u00edso, del campus San Felipe y del Instituto Tecnol\u00f3gico UPLA\u201d, explic\u00f3 Rodrigo Ruay, coordinador de la Unidad de Estudios Curriculares.<\/p>\n<p><img loading=\"lazy\" decoding=\"async\" class=\"size-medium wp-image-2714 alignleft\" src=\"https:\/\/upla.cl\/vicerrectoriaacademica\/wp-content\/uploads\/2022\/08\/888-300x173.jpg\" alt=\"\" width=\"300\" height=\"173\" srcset=\"https:\/\/upla.cl\/vicerrectoriaacademica\/wp-content\/uploads\/2022\/08\/888-300x173.jpg 300w, https:\/\/upla.cl\/vicerrectoriaacademica\/wp-content\/uploads\/2022\/08\/888-768x444.jpg 768w, https:\/\/upla.cl\/vicerrectoriaacademica\/wp-content\/uploads\/2022\/08\/888.jpg 1000w\" sizes=\"(max-width: 300px) 100vw, 300px\" \/>Hasta el momento, se han realizado tres grupos focales con acad\u00e9micas\/os del campus San Felipe y las facultades de Ciencias Sociales y de Ciencias de la Educaci\u00f3n. En cuanto a la encuesta, desde la \u00faltima semana de julio se encuentra disponible en el Sistema Integrado Institucional (SINTE) para ser respondida y, por \u00faltimo, la Comisi\u00f3n de Representantes de las facultades del campus San Felipe e ITEC, se conform\u00f3 durante el mes de junio y julio y se reuni\u00f3 por primera vez el mi\u00e9rcoles 27 de julio.<\/p>\n<p>El proceso ha contado con la participaci\u00f3n y el aporte de docentes de todas las facultades, del campus Valpara\u00edso, San Felipe e ITEC; de hecho, solo en las jornadas de socializaci\u00f3n participaron 200 acad\u00e9micas y acad\u00e9micos.<\/p>\n<p>Tras culminar las tareas planificadas para esta segunda fase, se dar\u00e1 paso a la tercera que es de cierre y considerar\u00e1 la difusi\u00f3n triestamental del ME actualizado.<\/p>\n<p><strong>Proyecciones<\/strong><\/p>\n<p><img loading=\"lazy\" decoding=\"async\" class=\"size-medium wp-image-2711 alignright\" src=\"https:\/\/upla.cl\/vicerrectoriaacademica\/wp-content\/uploads\/2022\/08\/444-300x174.jpg\" alt=\"\" width=\"300\" height=\"174\" srcset=\"https:\/\/upla.cl\/vicerrectoriaacademica\/wp-content\/uploads\/2022\/08\/444-300x174.jpg 300w, https:\/\/upla.cl\/vicerrectoriaacademica\/wp-content\/uploads\/2022\/08\/444-768x447.jpg 768w, https:\/\/upla.cl\/vicerrectoriaacademica\/wp-content\/uploads\/2022\/08\/444.jpg 999w\" sizes=\"(max-width: 300px) 100vw, 300px\" \/>En cuanto a las proyecciones del trabajo para la actualizaci\u00f3n del Modelo Educativo, el Dr. Ruay manifest\u00f3: \u201cConsiderando que en este momento estamos en pleno desarrollo de la segunda fase de participaci\u00f3n, y teniendo siempre como norte que todos los estamentos que forman parte de nuestra instituci\u00f3n se vean y sientan representados, es que las actividades que se proyectan, se orientan, por una parte, a incorporar el trabajo de la Comisi\u00f3n de Representantes de manera sistem\u00e1tica, y por otra, a contar con la participaci\u00f3n y el trabajo colaborativo entre las unidades administrativas y expertas\/os de nuestra casa de estudios, que puedan significar un apoyo para el di\u00e1logo y debate en torno a c\u00f3mo es que se integrar\u00e1n las tem\u00e1ticas emergentes en esta actualizaci\u00f3n del ME\u201d.<\/p>\n<p>En paralelo,\u00a0 explic\u00f3 que se contempla realizar jornadas de trabajo y una retroalimentaci\u00f3n con la comunidad acad\u00e9mica, con la finalidad de ir discutiendo estas tem\u00e1ticas, la misi\u00f3n y visi\u00f3n, los valores institucionales, entre otras. \u201cLa idea es tener la mirada de cada una de las facultades y generar encuentros de car\u00e1cter interfacultad. Tambi\u00e9n, se sumar\u00e1n las\/os estudiantes y funcionarias\/os de la Universidad en un trabajo de co-construcci\u00f3n y reflexi\u00f3n sobre la propuesta que se ha puesto en marcha desde los primeros encuentros entre docentes. Posteriormente, se dar\u00e1 inicio a la fase tres\u201d, asegur\u00f3 Rodrigo Ruay, Coordinador de la Unidad de Estudios Curriculares.<\/p>\n<p><strong>Importancia de la labor<\/strong><\/p>\n<p>La Vicerrector\u00eda Acad\u00e9mica y la Unidad de Estudios Curriculares, relevan la actualizaci\u00f3n del ME acorde al Plan de Desarrollo Estrat\u00e9gico de la Universidad (PDEI 2015-2026) y sus necesidades, como tambi\u00e9n al contexto socioeducativo nacional e internacional.<\/p>\n<p>Se destaca que esta tarea se est\u00e1 llevando a cabo a trav\u00e9s de una metodolog\u00eda participativa, que implica el involucramiento de los actores de la comunidad universitaria, pues se considera que la movilizaci\u00f3n de la participaci\u00f3n genera mayores niveles de apropiaci\u00f3n y compromiso; por ello se socializ\u00f3 el prop\u00f3sito de la actualizaci\u00f3n en todas las unidades acad\u00e9micas, espacios en los que se pudo responder consultas y atender observaciones de docentes participantes, a quienes tambi\u00e9n se les solicit\u00f3 completar un cuestionario de preguntas abiertas.<\/p>\n<p><img loading=\"lazy\" decoding=\"async\" class=\"size-medium wp-image-2712 alignleft\" src=\"https:\/\/upla.cl\/vicerrectoriaacademica\/wp-content\/uploads\/2022\/08\/555-300x173.jpg\" alt=\"\" width=\"300\" height=\"173\" srcset=\"https:\/\/upla.cl\/vicerrectoriaacademica\/wp-content\/uploads\/2022\/08\/555-300x173.jpg 300w, https:\/\/upla.cl\/vicerrectoriaacademica\/wp-content\/uploads\/2022\/08\/555-768x443.jpg 768w, https:\/\/upla.cl\/vicerrectoriaacademica\/wp-content\/uploads\/2022\/08\/555-1000x578.jpg 1000w, https:\/\/upla.cl\/vicerrectoriaacademica\/wp-content\/uploads\/2022\/08\/555.jpg 1002w\" sizes=\"(max-width: 300px) 100vw, 300px\" \/>Estas actividades fueron sistematizadas en extensos y ejecutivos informes e incorporadas en una s\u00edntesis institucional de los principales temas se\u00f1alados. Los documentos fueron entregados a todas las facultades de los campus Valpara\u00edso, San Felipe e ITEC, para lograr mayor difusi\u00f3n de las inquietudes y propuestas, como tambi\u00e9n para lograr concitar mayor participaci\u00f3n en las pr\u00f3ximas iniciativas vinculadas a la labor.<\/p>\n<p>Actualmente, se est\u00e1 trabajando con la Comisi\u00f3n de Representantes (para involucrar a las y los docentes en la gesti\u00f3n de la actualizaci\u00f3n y contar con una comunicaci\u00f3n m\u00e1s fluida entre el equipo que coordina el proceso y las unidades acad\u00e9micas), se est\u00e1n desarrollando grupos focales y, a la vez, sigue vigente la encuesta alojada en el SINTE, la cual permitir\u00e1 recoger mayor informaci\u00f3n sobre la mirada del estamento acad\u00e9mico.<\/p>\n<p>Otro elemento a relevar es la incorporaci\u00f3n de lineamientos externos para las \u00e1reas formativas y del conocimiento que tributan a los procesos de acreditaci\u00f3n de carreras, permitiendo poner atenci\u00f3n a la mejora continua tanto del pregrado como del postgrado. Adem\u00e1s, la iniciativa pretende orientar la gesti\u00f3n, organizaci\u00f3n y evaluaci\u00f3n de los procesos curriculares.<\/p>\n<p>Cabe destacar que el trabajo contin\u00faa y existir\u00e1n m\u00e1s instancias enmarcadas en la co-construcci\u00f3n, las cuales estar\u00e1n destinadas a estudiantes, funcionarias\/os y acad\u00e9micas\/os. Y m\u00e1s all\u00e1 del car\u00e1cter proyectivo del proceso, se contempla fomentar la participaci\u00f3n y apropiaci\u00f3n de la labor, para que, finalmente, el modelo actualizado obtenga un amplio sentido de pertenencia, validez y socializaci\u00f3n.<\/p>\n","protected":false},"excerpt":{"rendered":"<p>La Universidad de Playa Ancha cuenta con un Modelo Educativo vigente desde el a\u00f1o 2011, sin embargo, a la luz de los cambios de la legislaci\u00f3n y las pol\u00edticas p\u00fablicas en el campo de la Educaci\u00f3n Superior, las transformaciones, demandas sociales, el fuerte desarrollo de enfoques basados en los derechos humanos, la realidad de la [&hellip;]<\/p>\n","protected":false},"author":4,"featured_media":2709,"comment_status":"closed","ping_status":"closed","sticky":false,"template":"","format":"standard","meta":{"_et_pb_use_builder":"","_et_pb_old_content":"","_et_gb_content_width":"","footnotes":""},"categories":[15,10],"tags":[],"class_list":["post-2707","post","type-post","status-publish","format-standard","has-post-thumbnail","hentry","category-modelo-educativo","category-noticias"],"_links":{"self":[{"href":"https:\/\/upla.cl\/vicerrectoriaacademica\/wp-json\/wp\/v2\/posts\/2707","targetHints":{"allow":["GET"]}}],"collection":[{"href":"https:\/\/upla.cl\/vicerrectoriaacademica\/wp-json\/wp\/v2\/posts"}],"about":[{"href":"https:\/\/upla.cl\/vicerrectoriaacademica\/wp-json\/wp\/v2\/types\/post"}],"author":[{"embeddable":true,"href":"https:\/\/upla.cl\/vicerrectoriaacademica\/wp-json\/wp\/v2\/users\/4"}],"replies":[{"embeddable":true,"href":"https:\/\/upla.cl\/vicerrectoriaacademica\/wp-json\/wp\/v2\/comments?post=2707"}],"version-history":[{"count":2,"href":"https:\/\/upla.cl\/vicerrectoriaacademica\/wp-json\/wp\/v2\/posts\/2707\/revisions"}],"predecessor-version":[{"id":2718,"href":"https:\/\/upla.cl\/vicerrectoriaacademica\/wp-json\/wp\/v2\/posts\/2707\/revisions\/2718"}],"wp:featuredmedia":[{"embeddable":true,"href":"https:\/\/upla.cl\/vicerrectoriaacademica\/wp-json\/wp\/v2\/media\/2709"}],"wp:attachment":[{"href":"https:\/\/upla.cl\/vicerrectoriaacademica\/wp-json\/wp\/v2\/media?parent=2707"}],"wp:term":[{"taxonomy":"category","embeddable":true,"href":"https:\/\/upla.cl\/vicerrectoriaacademica\/wp-json\/wp\/v2\/categories?post=2707"},{"taxonomy":"post_tag","embeddable":true,"href":"https:\/\/upla.cl\/vicerrectoriaacademica\/wp-json\/wp\/v2\/tags?post=2707"}],"curies":[{"name":"wp","href":"https:\/\/api.w.org\/{rel}","templated":true}]}}