{"id":2754,"date":"2022-08-23T10:00:14","date_gmt":"2022-08-23T14:00:14","guid":{"rendered":"https:\/\/upla.cl\/vicerrectoriaacademica\/?p=2754"},"modified":"2022-08-24T11:24:37","modified_gmt":"2022-08-24T15:24:37","slug":"upla-se-une-a-red-interuniversitaria-que-promueve-el-acceso-abierto-a-revistas-cientificas","status":"publish","type":"post","link":"https:\/\/upla.cl\/vicerrectoriaacademica\/2022\/08\/23\/upla-se-une-a-red-interuniversitaria-que-promueve-el-acceso-abierto-a-revistas-cientificas\/","title":{"rendered":"UPLA se une a red interuniversitaria que promueve el acceso abierto a revistas cient\u00edficas"},"content":{"rendered":"<p><strong><span style=\"font-size: 11pt; font-family: georgia, palatino, serif; color: #333333;\"><img loading=\"lazy\" decoding=\"async\" class=\"size-medium wp-image-2755 alignleft\" style=\"font-size: 14.6667px;\" src=\"https:\/\/upla.cl\/vicerrectoriaacademica\/wp-content\/uploads\/2022\/08\/Red_UEstatales_Divulgacion_Cientifica1-e1661187044888-300x225.jpeg\" alt=\"\" width=\"300\" height=\"225\" srcset=\"https:\/\/upla.cl\/vicerrectoriaacademica\/wp-content\/uploads\/2022\/08\/Red_UEstatales_Divulgacion_Cientifica1-e1661187044888-300x225.jpeg 300w, https:\/\/upla.cl\/vicerrectoriaacademica\/wp-content\/uploads\/2022\/08\/Red_UEstatales_Divulgacion_Cientifica1-e1661187044888.jpeg 640w\" sizes=\"(max-width: 300px) 100vw, 300px\" \/><\/span><\/strong>Un intenso trabajo se encuentra desarrollando el Sistema de Bibliotecas de la Universidad de Playa Ancha (SIBUPLA), dependiente de la Vicerrector\u00eda Acad\u00e9mica, a fin de integrarse a los Proyectos de Redes del Plan de Fortalecimiento Universidades Estatales.<\/p>\n<p>El objetivo principal de esta iniciativa es crear e impulsar una red articulada de revistas cient\u00edficas de acceso abierto, que permita generar un v\u00ednculo permanente y una instancia de colaboraci\u00f3n entre las universidades del Estado, para fortalecer la gesti\u00f3n editorial mediante su profesionalizaci\u00f3n.<\/p>\n<p>En representaci\u00f3n de la UPLA participan de esta iniciativa la directora del SIBUPLA, <strong>Carmen Gloria Arlegui Mu\u00f1oz<\/strong>; la bibliotec\u00f3loga del Programa ALFIN, <strong>Achly Barraza S\u00e1ez<\/strong>; la bibliotec\u00f3loga y coordinadora de Redes Interinstitucionales, <strong>Dina Armijo Silva<\/strong>, y el decano de la Facultad de Ciencias Naturales y Exactas,<strong> Dr. Carlos Silva C\u00f3rdova.<\/strong><\/p>\n<p>Al respecto, el decano Carlos Silva explic\u00f3 que la red tambi\u00e9n busca propiciar e incidir en pol\u00edticas y proyectos de desarrollo com\u00fan: \u201cLas revistas chilenas no son prioridad para las instituciones, sin embargo, tributan a las mismas contribuyendo a la difusi\u00f3n de la producci\u00f3n cient\u00edfica de los investigadores en sus distintas \u00e1reas. La gesti\u00f3n editorial de las revistas cient\u00edficas, en general, es realizada por acad\u00e9micos que destinan, de forma voluntaria en muchas ocasiones a esa labor, y que no siempre cuentan con las competencias t\u00e9cnicas y tecnol\u00f3gicas requeridas\u201d.<\/p>\n<p>A su juicio, se debe aumentar la indexaci\u00f3n de revistas cient\u00edficas chilenas en los \u00edndices WOS (ex ISI), SCOPUS y\/o SciELO Chile, adem\u00e1s de ERIH PLUS, Latindex o Doaj, DIALNET (entre otros). Para ello, se debe elevar el nivel de la gesti\u00f3n editorial, hacer un seguimiento a las revistas de la colecci\u00f3n para analizar su desempe\u00f1o y determinar su permanencia, por ejemplo, antig\u00fcedad, periodicidad, considerar que sea una revista arbitrada.<\/p>\n<p><img loading=\"lazy\" decoding=\"async\" class=\"alignright\" src=\"https:\/\/upla.cl\/vicerrectoriaacademica\/wp-content\/uploads\/2022\/08\/Red_UEstatales_Divulgacion_Cientifica2-e1661187061128-300x225-1.jpeg\" alt=\"\" width=\"300\" height=\"225\" \/>En tanto, Dina Armijo, resalt\u00f3 la visibilidad que este proyecto dar\u00e1 a las publicaciones cient\u00edficas de los acad\u00e9micos UPLA, incentivando la investigaci\u00f3n y posterior publicaci\u00f3n, tanto nacional como internacional. \u201cLa idea de esta red es crear lazos entre las distintas redes ya existentes, para lo cual la universidad cuenta con el apoyo de la rector\u00eda y de las revistas que actualmente est\u00e1n vigentes, as\u00ed como tambi\u00e9n la participaci\u00f3n directa del decano Carlos Silva como coordinador institucional y del Sistema de Bibliotecas\u201d.<\/p>\n<p>Entre las principales estrategias y resultados esperados, se cuentan el desarrollo de especialistas con competencias t\u00e9cnicas y tecnol\u00f3gicas en servicios y procesos especializados para revistas cient\u00edficas, como tambi\u00e9n equipos editoriales fortalecidos; revistas visibles con una red consolidada y potente a nivel nacional e internacional; la generaci\u00f3n de bases de datos p\u00fablicas de revistas cient\u00edficas por \u00e1reas tem\u00e1ticas; y la mejora de los procesos editoriales de las universidades adscritas al proyecto, entre otros.<\/p>\n<p>Presiden este proyecto la coordinadora principal (Universidad de Los Lagos), <strong>Ana Celia Comigual<\/strong>, y el coordinador alterno (Universidad de Chile), <strong>Francisco Osorio<\/strong>.<\/p>\n","protected":false},"excerpt":{"rendered":"<p>Un intenso trabajo se encuentra desarrollando el Sistema de Bibliotecas de la Universidad de Playa Ancha (SIBUPLA), dependiente de la Vicerrector\u00eda Acad\u00e9mica, a fin de integrarse a los Proyectos de Redes del Plan de Fortalecimiento Universidades Estatales. El objetivo principal de esta iniciativa es crear e impulsar una red articulada de revistas cient\u00edficas de acceso [&hellip;]<\/p>\n","protected":false},"author":4,"featured_media":2757,"comment_status":"closed","ping_status":"closed","sticky":false,"template":"","format":"standard","meta":{"_et_pb_use_builder":"","_et_pb_old_content":"","_et_gb_content_width":"","footnotes":""},"categories":[10],"tags":[],"class_list":["post-2754","post","type-post","status-publish","format-standard","has-post-thumbnail","hentry","category-noticias"],"_links":{"self":[{"href":"https:\/\/upla.cl\/vicerrectoriaacademica\/wp-json\/wp\/v2\/posts\/2754","targetHints":{"allow":["GET"]}}],"collection":[{"href":"https:\/\/upla.cl\/vicerrectoriaacademica\/wp-json\/wp\/v2\/posts"}],"about":[{"href":"https:\/\/upla.cl\/vicerrectoriaacademica\/wp-json\/wp\/v2\/types\/post"}],"author":[{"embeddable":true,"href":"https:\/\/upla.cl\/vicerrectoriaacademica\/wp-json\/wp\/v2\/users\/4"}],"replies":[{"embeddable":true,"href":"https:\/\/upla.cl\/vicerrectoriaacademica\/wp-json\/wp\/v2\/comments?post=2754"}],"version-history":[{"count":4,"href":"https:\/\/upla.cl\/vicerrectoriaacademica\/wp-json\/wp\/v2\/posts\/2754\/revisions"}],"predecessor-version":[{"id":2763,"href":"https:\/\/upla.cl\/vicerrectoriaacademica\/wp-json\/wp\/v2\/posts\/2754\/revisions\/2763"}],"wp:featuredmedia":[{"embeddable":true,"href":"https:\/\/upla.cl\/vicerrectoriaacademica\/wp-json\/wp\/v2\/media\/2757"}],"wp:attachment":[{"href":"https:\/\/upla.cl\/vicerrectoriaacademica\/wp-json\/wp\/v2\/media?parent=2754"}],"wp:term":[{"taxonomy":"category","embeddable":true,"href":"https:\/\/upla.cl\/vicerrectoriaacademica\/wp-json\/wp\/v2\/categories?post=2754"},{"taxonomy":"post_tag","embeddable":true,"href":"https:\/\/upla.cl\/vicerrectoriaacademica\/wp-json\/wp\/v2\/tags?post=2754"}],"curies":[{"name":"wp","href":"https:\/\/api.w.org\/{rel}","templated":true}]}}