{"id":2764,"date":"2022-08-23T11:29:00","date_gmt":"2022-08-23T15:29:00","guid":{"rendered":"https:\/\/upla.cl\/vicerrectoriaacademica\/?p=2764"},"modified":"2022-08-24T13:18:55","modified_gmt":"2022-08-24T17:18:55","slug":"profesionales-y-docentes-de-universidades-del-cruv-se-capacitan-en-diseno-universal-para-el-aprendizaje","status":"publish","type":"post","link":"https:\/\/upla.cl\/vicerrectoriaacademica\/2022\/08\/23\/profesionales-y-docentes-de-universidades-del-cruv-se-capacitan-en-diseno-universal-para-el-aprendizaje\/","title":{"rendered":"Profesionales y docentes de universidades del CRUV se capacitan en Dise\u00f1o Universal para el Aprendizaje"},"content":{"rendered":"<p>[vc_row type=\u00bbin_container\u00bb full_screen_row_position=\u00bbmiddle\u00bb column_margin=\u00bbdefault\u00bb column_direction=\u00bbdefault\u00bb column_direction_tablet=\u00bbdefault\u00bb column_direction_phone=\u00bbdefault\u00bb scene_position=\u00bbcenter\u00bb text_color=\u00bbdark\u00bb text_align=\u00bbleft\u00bb row_border_radius=\u00bbnone\u00bb row_border_radius_applies=\u00bbbg\u00bb overlay_strength=\u00bb0.3&#8243; gradient_direction=\u00bbleft_to_right\u00bb shape_divider_position=\u00bbbottom\u00bb bg_image_animation=\u00bbnone\u00bb][vc_column column_padding=\u00bbno-extra-padding\u00bb column_padding_tablet=\u00bbinherit\u00bb column_padding_phone=\u00bbinherit\u00bb column_padding_position=\u00bball\u00bb background_color_opacity=\u00bb1&#8243; background_hover_color_opacity=\u00bb1&#8243; column_shadow=\u00bbnone\u00bb column_border_radius=\u00bbnone\u00bb column_link_target=\u00bb_self\u00bb gradient_direction=\u00bbleft_to_right\u00bb overlay_strength=\u00bb0.3&#8243; width=\u00bb1\/1&#8243; tablet_width_inherit=\u00bbdefault\u00bb tablet_text_alignment=\u00bbdefault\u00bb phone_text_alignment=\u00bbdefault\u00bb column_border_width=\u00bbnone\u00bb column_border_style=\u00bbsolid\u00bb bg_image_animation=\u00bbnone\u00bb][vc_column_text]<img loading=\"lazy\" decoding=\"async\" class=\"size-medium wp-image-151360 tie-appear alignleft\" src=\"https:\/\/www.upla.cl\/noticias\/wp-content\/uploads\/2022\/08\/Captura-de-pantalla-535-e1661286852919-300x160.png\" sizes=\"(max-width: 300px) 100vw, 300px\" srcset=\"https:\/\/www.upla.cl\/noticias\/wp-content\/uploads\/2022\/08\/Captura-de-pantalla-535-e1661286852919-300x160.png 300w, https:\/\/www.upla.cl\/noticias\/wp-content\/uploads\/2022\/08\/Captura-de-pantalla-535-e1661286852919-310x165.png 310w, https:\/\/www.upla.cl\/noticias\/wp-content\/uploads\/2022\/08\/Captura-de-pantalla-535-e1661286852919.png 640w\" alt=\"\" width=\"300\" height=\"160\" \/><span style=\"font-size: revert; color: initial;\">Una cuarta capacitaci\u00f3n en <\/span><strong style=\"font-size: revert; color: initial;\">DUA (Dise\u00f1o Universal para el Aprendizaje),<\/strong><span style=\"font-size: revert; color: initial;\">\u00a0realiz\u00f3 la\u00a0<\/span><strong style=\"font-size: revert; color: initial;\">Comisi\u00f3n de Inclusi\u00f3n del Consejo de Rectores de Valpara\u00edso (CRUV) <\/strong>para<span style=\"font-size: revert; color: initial;\">\u00a0profesionales y docentes pertenecientes a sus casas de estudios adscritas, es decir: <\/span><strong style=\"font-size: revert; color: initial;\">Pontificia Universidad Cat\u00f3lica de Valpara\u00edso, Universidad T\u00e9cnica Federico Santa Mar\u00eda, Universidad de Valpara\u00edso y Universidad de Playa Ancha.<\/strong><\/p>\n<p>La iniciativa tuvo como relatora a la<strong> educadora diferencial de la PUCV, Alejandra Ardiles Valenzuela,<\/strong> y cont\u00f3 con la presencia de las encargadas de inclusi\u00f3n de las universidades del CRUV, cuya comisi\u00f3n es presidida por la UPLA (este 2022), a trav\u00e9s de la <strong>coordinadora general de la Unidad de Acompa\u00f1amiento Estudiantil (UAE), Mar\u00eda Jos\u00e9 Maturana.<\/strong><\/p>\n<p><img loading=\"lazy\" decoding=\"async\" class=\"size-medium wp-image-151361 tie-appear alignright\" src=\"https:\/\/www.upla.cl\/noticias\/wp-content\/uploads\/2022\/08\/Captura-de-pantalla-542-e1661286892327-300x198.png\" sizes=\"(max-width: 300px) 100vw, 300px\" srcset=\"https:\/\/www.upla.cl\/noticias\/wp-content\/uploads\/2022\/08\/Captura-de-pantalla-542-e1661286892327-300x198.png 300w, https:\/\/www.upla.cl\/noticias\/wp-content\/uploads\/2022\/08\/Captura-de-pantalla-542-e1661286892327-310x205.png 310w, https:\/\/www.upla.cl\/noticias\/wp-content\/uploads\/2022\/08\/Captura-de-pantalla-542-e1661286892327.png 640w\" alt=\"\" width=\"300\" height=\"198\" \/>El DUA es un marco educativo basado en las ciencias del aprendizaje, a trav\u00e9s de tres principios fundamentales: Compromiso, Representaci\u00f3n y Acci\u00f3n-Expresi\u00f3n. Cada uno de estos pilares est\u00e1 fundado en la neurociencia y, una vez implementados, pueden dar respuesta a la diversidad de los aprendizajes de las y los estudiantes.<\/p>\n<p>Por lo tanto, el taller tuvo como objetivo fortalecer competencias de dise\u00f1o e implementaci\u00f3n curricular en base al DUA, conociendo los principios, pautas y aplicaci\u00f3n. En la oportunidad, la especialista Alejandra Ardiles reflexion\u00f3 junto a las y los asistentes sobre este concepto, a partir de su conocimiento previo y, de forma posterior, explic\u00f3 por qu\u00e9 es importante entender que no todos los estudiantes aprenden de la misma manera y c\u00f3mo esta herramienta hace m\u00e1s f\u00e1cil la integraci\u00f3n de los aprendizajes individuales.<\/p>\n<p>Durante la jornada, Ardiles manifest\u00f3 que este es un momento propicio para lograr la integraci\u00f3n, pues hay un marco legal que la favorece a nivel de Educaci\u00f3n Superior, como tambi\u00e9n que el desaf\u00edo actual no es solo lograr que las y los estudiantes accedan a la educaci\u00f3n, sino que esta sea de calidad.[\/vc_column_text][\/vc_column][\/vc_row]<\/p>\n","protected":false},"excerpt":{"rendered":"<p>[vc_row type=\u00bbin_container\u00bb full_screen_row_position=\u00bbmiddle\u00bb column_margin=\u00bbdefault\u00bb column_direction=\u00bbdefault\u00bb column_direction_tablet=\u00bbdefault\u00bb column_direction_phone=\u00bbdefault\u00bb scene_position=\u00bbcenter\u00bb text_color=\u00bbdark\u00bb text_align=\u00bbleft\u00bb row_border_radius=\u00bbnone\u00bb row_border_radius_applies=\u00bbbg\u00bb overlay_strength=\u00bb0.3&#8243; gradient_direction=\u00bbleft_to_right\u00bb shape_divider_position=\u00bbbottom\u00bb bg_image_animation=\u00bbnone\u00bb][vc_column column_padding=\u00bbno-extra-padding\u00bb column_padding_tablet=\u00bbinherit\u00bb column_padding_phone=\u00bbinherit\u00bb column_padding_position=\u00bball\u00bb background_color_opacity=\u00bb1&#8243; background_hover_color_opacity=\u00bb1&#8243; column_shadow=\u00bbnone\u00bb column_border_radius=\u00bbnone\u00bb column_link_target=\u00bb_self\u00bb gradient_direction=\u00bbleft_to_right\u00bb overlay_strength=\u00bb0.3&#8243; width=\u00bb1\/1&#8243; tablet_width_inherit=\u00bbdefault\u00bb tablet_text_alignment=\u00bbdefault\u00bb phone_text_alignment=\u00bbdefault\u00bb column_border_width=\u00bbnone\u00bb column_border_style=\u00bbsolid\u00bb bg_image_animation=\u00bbnone\u00bb][vc_column_text]Una cuarta capacitaci\u00f3n en DUA (Dise\u00f1o Universal para el Aprendizaje),\u00a0realiz\u00f3 la\u00a0Comisi\u00f3n de Inclusi\u00f3n del Consejo de Rectores de Valpara\u00edso (CRUV) para\u00a0profesionales y [&hellip;]<\/p>\n","protected":false},"author":4,"featured_media":2766,"comment_status":"closed","ping_status":"closed","sticky":false,"template":"","format":"standard","meta":{"_et_pb_use_builder":"","_et_pb_old_content":"","_et_gb_content_width":"","footnotes":""},"categories":[10],"tags":[],"class_list":["post-2764","post","type-post","status-publish","format-standard","has-post-thumbnail","hentry","category-noticias"],"_links":{"self":[{"href":"https:\/\/upla.cl\/vicerrectoriaacademica\/wp-json\/wp\/v2\/posts\/2764","targetHints":{"allow":["GET"]}}],"collection":[{"href":"https:\/\/upla.cl\/vicerrectoriaacademica\/wp-json\/wp\/v2\/posts"}],"about":[{"href":"https:\/\/upla.cl\/vicerrectoriaacademica\/wp-json\/wp\/v2\/types\/post"}],"author":[{"embeddable":true,"href":"https:\/\/upla.cl\/vicerrectoriaacademica\/wp-json\/wp\/v2\/users\/4"}],"replies":[{"embeddable":true,"href":"https:\/\/upla.cl\/vicerrectoriaacademica\/wp-json\/wp\/v2\/comments?post=2764"}],"version-history":[{"count":8,"href":"https:\/\/upla.cl\/vicerrectoriaacademica\/wp-json\/wp\/v2\/posts\/2764\/revisions"}],"predecessor-version":[{"id":2783,"href":"https:\/\/upla.cl\/vicerrectoriaacademica\/wp-json\/wp\/v2\/posts\/2764\/revisions\/2783"}],"wp:featuredmedia":[{"embeddable":true,"href":"https:\/\/upla.cl\/vicerrectoriaacademica\/wp-json\/wp\/v2\/media\/2766"}],"wp:attachment":[{"href":"https:\/\/upla.cl\/vicerrectoriaacademica\/wp-json\/wp\/v2\/media?parent=2764"}],"wp:term":[{"taxonomy":"category","embeddable":true,"href":"https:\/\/upla.cl\/vicerrectoriaacademica\/wp-json\/wp\/v2\/categories?post=2764"},{"taxonomy":"post_tag","embeddable":true,"href":"https:\/\/upla.cl\/vicerrectoriaacademica\/wp-json\/wp\/v2\/tags?post=2764"}],"curies":[{"name":"wp","href":"https:\/\/api.w.org\/{rel}","templated":true}]}}