{"id":2806,"date":"2022-09-06T13:52:33","date_gmt":"2022-09-06T16:52:33","guid":{"rendered":"https:\/\/upla.cl\/vicerrectoriaacademica\/?p=2806"},"modified":"2022-09-06T13:56:38","modified_gmt":"2022-09-06T16:56:38","slug":"internos-de-la-carcel-de-los-andes-se-titularon-como-tecnicos-en-administracion-logistica","status":"publish","type":"post","link":"https:\/\/upla.cl\/vicerrectoriaacademica\/2022\/09\/06\/internos-de-la-carcel-de-los-andes-se-titularon-como-tecnicos-en-administracion-logistica\/","title":{"rendered":"Internos de la c\u00e1rcel de Los Andes se titularon como T\u00e9cnicos en Administraci\u00f3n Log\u00edstica"},"content":{"rendered":"<p>[vc_row type=\u00bbin_container\u00bb full_screen_row_position=\u00bbmiddle\u00bb column_margin=\u00bbdefault\u00bb column_direction=\u00bbdefault\u00bb column_direction_tablet=\u00bbdefault\u00bb column_direction_phone=\u00bbdefault\u00bb scene_position=\u00bbcenter\u00bb text_color=\u00bbdark\u00bb text_align=\u00bbleft\u00bb row_border_radius=\u00bbnone\u00bb row_border_radius_applies=\u00bbbg\u00bb overlay_strength=\u00bb0.3&#8243; gradient_direction=\u00bbleft_to_right\u00bb shape_divider_position=\u00bbbottom\u00bb bg_image_animation=\u00bbnone\u00bb][vc_column column_padding=\u00bbno-extra-padding\u00bb column_padding_tablet=\u00bbinherit\u00bb column_padding_phone=\u00bbinherit\u00bb column_padding_position=\u00bball\u00bb background_color_opacity=\u00bb1&#8243; background_hover_color_opacity=\u00bb1&#8243; column_shadow=\u00bbnone\u00bb column_border_radius=\u00bbnone\u00bb column_link_target=\u00bb_self\u00bb gradient_direction=\u00bbleft_to_right\u00bb overlay_strength=\u00bb0.3&#8243; width=\u00bb1\/1&#8243; tablet_width_inherit=\u00bbdefault\u00bb tablet_text_alignment=\u00bbdefault\u00bb phone_text_alignment=\u00bbdefault\u00bb column_border_width=\u00bbnone\u00bb column_border_style=\u00bbsolid\u00bb bg_image_animation=\u00bbnone\u00bb][vc_column_text]<span style=\"font-weight: 400;\"> <img loading=\"lazy\" decoding=\"async\" class=\"size-medium wp-image-2807 alignleft\" src=\"https:\/\/upla.cl\/vicerrectoriaacademica\/wp-content\/uploads\/2022\/09\/Titulacion-CCP-Los-Andes-8-300x169.jpg\" alt=\"\" width=\"300\" height=\"169\" srcset=\"https:\/\/upla.cl\/vicerrectoriaacademica\/wp-content\/uploads\/2022\/09\/Titulacion-CCP-Los-Andes-8-300x169.jpg 300w, https:\/\/upla.cl\/vicerrectoriaacademica\/wp-content\/uploads\/2022\/09\/Titulacion-CCP-Los-Andes-8-1024x576.jpg 1024w, https:\/\/upla.cl\/vicerrectoriaacademica\/wp-content\/uploads\/2022\/09\/Titulacion-CCP-Los-Andes-8-768x432.jpg 768w, https:\/\/upla.cl\/vicerrectoriaacademica\/wp-content\/uploads\/2022\/09\/Titulacion-CCP-Los-Andes-8-1536x864.jpg 1536w, https:\/\/upla.cl\/vicerrectoriaacademica\/wp-content\/uploads\/2022\/09\/Titulacion-CCP-Los-Andes-8-2048x1152.jpg 2048w\" sizes=\"(max-width: 300px) 100vw, 300px\" \/>Ocho personas privadas de libertad culminaron con \u00e9xito su proceso de formaci\u00f3n como<strong> t\u00e9cnicos en Administraci\u00f3n Log\u00edstica del Instituto Tecnol\u00f3gico (ITEC)<\/strong>, dependiente de la Vicerrector\u00eda Acad\u00e9mica de la Universidad de Playa Ancha, transform\u00e1ndose en los primeros internos del <strong>Centro de Cumplimiento Penitenciario (CCP) de Los Andes<\/strong> en egresar de esta carrera.<\/span><\/p>\n<p><span style=\"font-weight: 400;\">La ceremonia de titulaci\u00f3n, efectuada en el patio interior del penal, cont\u00f3 con la presencia de la seremi del Trabajo y Previsi\u00f3n Social,<\/span><b> Susana Calder\u00f3n Romero<\/b><span style=\"font-weight: 400;\">, del director regional de Gendarmer\u00eda, <\/span><b>coronel Jos\u00e9 Luis Meza Guajardo<\/b><span style=\"font-weight: 400;\">, del alcaide del CCP Los Andes, <\/span><b>Adolfo Ortega Rivera<\/b><span style=\"font-weight: 400;\">, del rector de la UPLA, <\/span><b>Patricio Sanhueza Vivanco<\/b><span style=\"font-weight: 400;\">, del director del ITEC UPLA, <\/span><b>Patricio Ib\u00e1\u00f1ez Le\u00f3n<\/b><span style=\"font-weight: 400;\">, del jefe de Departamento Provincial de Educaci\u00f3n Los Andes &#8211; San Felipe,<\/span><b> Miguel Caro Montecinos<\/b><span style=\"font-weight: 400;\">, del director del <\/span><span style=\"font-weight: 400;\">Centro de Educaci\u00f3n Integral de Adultos (CEIA) Dr. Osvaldo Rojas<\/span><span style=\"font-weight: 400;\">, <\/span><b>Danton Pizarro Gallegos<\/b><span style=\"font-weight: 400;\">, entre otras autoridades, acad\u00e9micos, profesionales, egresados y sus familias.<\/span><\/p>\n<p><span style=\"font-weight: 400;\">Esta carrera naci\u00f3 a trav\u00e9s de un convenio de colaboraci\u00f3n entre Gendarmer\u00eda de Valpara\u00edso y la UPLA, con el prop\u00f3sito de incentivar los procesos de reinserci\u00f3n social, en el marco del inter\u00e9s de la universidad por la educaci\u00f3n de adultos, en especial, en contextos complejos. Por ello, de acuerdo a esta inquietud, ambas instituciones decidieron dar un apoyo sustantivo, imparti\u00e9ndola para personas privadas de libertad del Complejo Penitenciario de Valpara\u00edso (desde el a\u00f1o 2017) y para internos e internas del CCP Los Andes (desde el 2019), lo que ha posibilitado la titulaci\u00f3n de tres generaciones hasta el momento.<\/span><\/p>\n<p><span style=\"font-weight: 400;\">El primer curso del CCP Los Andes estuvo compuesto por 15 internos, tanto hombres como mujeres. Sin embargo, solo ocho reclusos culminaron de forma exitosa este proceso formativo que contempl\u00f3 cinco semestres de clases y que, debido a la dificultades presentadas a ra\u00edz de la pandemia, debi\u00f3 sufrir adaptaciones.<\/span><\/p>\n<p><span style=\"font-weight: 400;\"><img loading=\"lazy\" decoding=\"async\" class=\"size-medium wp-image-2812 alignright\" src=\"https:\/\/upla.cl\/vicerrectoriaacademica\/wp-content\/uploads\/2022\/09\/Titulacion-CCP-Los-Andes-5-300x200.jpg\" alt=\"\" width=\"300\" height=\"200\" srcset=\"https:\/\/upla.cl\/vicerrectoriaacademica\/wp-content\/uploads\/2022\/09\/Titulacion-CCP-Los-Andes-5-300x200.jpg 300w, https:\/\/upla.cl\/vicerrectoriaacademica\/wp-content\/uploads\/2022\/09\/Titulacion-CCP-Los-Andes-5-1024x683.jpg 1024w, https:\/\/upla.cl\/vicerrectoriaacademica\/wp-content\/uploads\/2022\/09\/Titulacion-CCP-Los-Andes-5-768x512.jpg 768w, https:\/\/upla.cl\/vicerrectoriaacademica\/wp-content\/uploads\/2022\/09\/Titulacion-CCP-Los-Andes-5-1536x1024.jpg 1536w, https:\/\/upla.cl\/vicerrectoriaacademica\/wp-content\/uploads\/2022\/09\/Titulacion-CCP-Los-Andes-5-2048x1365.jpg 2048w, https:\/\/upla.cl\/vicerrectoriaacademica\/wp-content\/uploads\/2022\/09\/Titulacion-CCP-Los-Andes-5-900x600.jpg 900w\" sizes=\"(max-width: 300px) 100vw, 300px\" \/>Al respecto, el coronel Meza destac\u00f3 la alianza estrat\u00e9gica entre Gendarmer\u00eda de Chile, Regi\u00f3n de Valpara\u00edso y la Universidad de Playa Ancha, felicit\u00f3 a los estudiantes por su logro y manifest\u00f3: \u201cLas personas privadas de libertad tienen los mismos derechos que las personas que est\u00e1n afuera. Estudiar una carrera universitaria en el medio libre posee sus complejidades, pero ellos han podido pasar esas vallas en un contexto especial como lo es estar en un recinto penitenciario, en el cual han tenido que estudiar con pandemia inclusive; as\u00ed que felicitar a cada uno de los alumnos que se graduaron de esta carrera\u201d.<\/span><\/p>\n<p><span style=\"font-weight: 400;\">Uno de los internos beneficiados fue Aldo, quien agradeci\u00f3 la oportunidad de estudiar en la Educaci\u00f3n Superior y relev\u00f3 la importancia que esto tiene para su vida. \u201cPara m\u00ed es un logro muy importante, porque pens\u00e9 que era una oportunidad que nunca se me iba a dar. Fueron dos a\u00f1os y medio dif\u00edciles, de estudio y de nuevas formas de aprendizaje. El apoyo fue fundamental, porque hubo personas clave que siempre nos brindaron su apoyo y las herramientas necesarias, como por ejemplo, quienes componen el \u00e1rea t\u00e9cnica del CCP\u201d.<\/span><\/p>\n<p><b>REINSERCI\u00d3N SOCIAL<\/b><\/p>\n<p><span style=\"font-weight: 400;\"><img loading=\"lazy\" decoding=\"async\" class=\"size-medium wp-image-2811 alignleft\" src=\"https:\/\/upla.cl\/vicerrectoriaacademica\/wp-content\/uploads\/2022\/09\/Titulacion-CCP-Los-Andes-4-300x200.jpg\" alt=\"\" width=\"300\" height=\"200\" srcset=\"https:\/\/upla.cl\/vicerrectoriaacademica\/wp-content\/uploads\/2022\/09\/Titulacion-CCP-Los-Andes-4-300x200.jpg 300w, https:\/\/upla.cl\/vicerrectoriaacademica\/wp-content\/uploads\/2022\/09\/Titulacion-CCP-Los-Andes-4-1024x683.jpg 1024w, https:\/\/upla.cl\/vicerrectoriaacademica\/wp-content\/uploads\/2022\/09\/Titulacion-CCP-Los-Andes-4-768x512.jpg 768w, https:\/\/upla.cl\/vicerrectoriaacademica\/wp-content\/uploads\/2022\/09\/Titulacion-CCP-Los-Andes-4-1536x1024.jpg 1536w, https:\/\/upla.cl\/vicerrectoriaacademica\/wp-content\/uploads\/2022\/09\/Titulacion-CCP-Los-Andes-4-2048x1365.jpg 2048w, https:\/\/upla.cl\/vicerrectoriaacademica\/wp-content\/uploads\/2022\/09\/Titulacion-CCP-Los-Andes-4-900x600.jpg 900w\" sizes=\"(max-width: 300px) 100vw, 300px\" \/>La ceremonia de titulaci\u00f3n se transform\u00f3 en el inicio de una nueva etapa de las vidas de los internos, quienes desean acceder al mundo laboral una vez que recobren su libertad. En materia de reinserci\u00f3n, Patricio Sanhueza Vivanco, rector de la UPLA, asever\u00f3: \u201cSentimos que cumplimos con el compromiso social de la universidad. No puede haber una universidad p\u00fablica que no tenga esa caracter\u00edstica de pensar siempre en la dignidad humana y en otorgar oportunidades a las personas y, en particular, a estos j\u00f3venes que est\u00e1n cumpliendo una condena, porque tienen que salir mejor preparados para insertarse en la sociedad y ser reconocidos por ella\u201d.<\/span><\/p>\n<p><span style=\"font-weight: 400;\">Por su parte, la seremi del trabajo y previsi\u00f3n social de Valpara\u00edso, Susana Calder\u00f3n Romero, afirm\u00f3: \u201cPara nosotros es muy relevante ser parte de estos momentos en los que se re\u00fanen las voluntades de la academia, Gendarmer\u00eda, los ministerios de Justicia y del Trabajo, que de alguna forma hacemos y contribuimos en la sinergia por no solo entregar una formaci\u00f3n profesional a quienes han sido objeto de rezago social, sino que tambi\u00e9n para comprometemos a fortalecer y generar espacios de empleabilidad. Por lo tanto, hoy redoblamos el compromiso de seguir trabajando en este camino de construcci\u00f3n, de entregar herramientas, dignidad y espacios efectivos de reinserci\u00f3n, para lograr un pa\u00eds en el que nadie quede atr\u00e1s y que contribuya a la dignidad de las personas\u201d.<\/span><\/p>\n<p><img loading=\"lazy\" decoding=\"async\" class=\"size-medium wp-image-2810 alignright\" src=\"https:\/\/upla.cl\/vicerrectoriaacademica\/wp-content\/uploads\/2022\/09\/Titulacion-CCP-Los-Andes-3-300x200.jpg\" alt=\"\" width=\"300\" height=\"200\" srcset=\"https:\/\/upla.cl\/vicerrectoriaacademica\/wp-content\/uploads\/2022\/09\/Titulacion-CCP-Los-Andes-3-300x200.jpg 300w, https:\/\/upla.cl\/vicerrectoriaacademica\/wp-content\/uploads\/2022\/09\/Titulacion-CCP-Los-Andes-3-1024x684.jpg 1024w, https:\/\/upla.cl\/vicerrectoriaacademica\/wp-content\/uploads\/2022\/09\/Titulacion-CCP-Los-Andes-3-768x513.jpg 768w, https:\/\/upla.cl\/vicerrectoriaacademica\/wp-content\/uploads\/2022\/09\/Titulacion-CCP-Los-Andes-3-1536x1026.jpg 1536w, https:\/\/upla.cl\/vicerrectoriaacademica\/wp-content\/uploads\/2022\/09\/Titulacion-CCP-Los-Andes-3-2048x1368.jpg 2048w, https:\/\/upla.cl\/vicerrectoriaacademica\/wp-content\/uploads\/2022\/09\/Titulacion-CCP-Los-Andes-3-900x600.jpg 900w\" sizes=\"(max-width: 300px) 100vw, 300px\" \/><\/p>\n<p><span style=\"font-weight: 400;\">Finalmente, el jefe del Departamento de Educaci\u00f3n San Felipe &#8211; Los Andes, Miguel Caro Montecinos, asever\u00f3 que \u201cla educaci\u00f3n es la \u00fanica forma de avanzar en la movilidad social y una de las mejores maneras de reinsertarse es la educaci\u00f3n; y que estos alumnos hayan tomado este desaf\u00edo, lo hayan asumido y terminado, es un orgullo para nosotros. Desde el Ministerio de Educaci\u00f3n queremos potenciar la inclusi\u00f3n y la inclusi\u00f3n no es solo para alumnos con necesidades educativas especiales, tambi\u00e9n tenemos una inclusi\u00f3n que hay que hacer a toda la sociedad, por lo que necesitamos impulsar un nuevo horizonte y un nuevo paradigma educativo\u201d.<\/span>[\/vc_column_text][\/vc_column][\/vc_row]<\/p>\n","protected":false},"excerpt":{"rendered":"<p>[vc_row type=\u00bbin_container\u00bb full_screen_row_position=\u00bbmiddle\u00bb column_margin=\u00bbdefault\u00bb column_direction=\u00bbdefault\u00bb column_direction_tablet=\u00bbdefault\u00bb column_direction_phone=\u00bbdefault\u00bb scene_position=\u00bbcenter\u00bb text_color=\u00bbdark\u00bb text_align=\u00bbleft\u00bb row_border_radius=\u00bbnone\u00bb row_border_radius_applies=\u00bbbg\u00bb overlay_strength=\u00bb0.3&#8243; gradient_direction=\u00bbleft_to_right\u00bb shape_divider_position=\u00bbbottom\u00bb bg_image_animation=\u00bbnone\u00bb][vc_column column_padding=\u00bbno-extra-padding\u00bb column_padding_tablet=\u00bbinherit\u00bb column_padding_phone=\u00bbinherit\u00bb column_padding_position=\u00bball\u00bb background_color_opacity=\u00bb1&#8243; background_hover_color_opacity=\u00bb1&#8243; column_shadow=\u00bbnone\u00bb column_border_radius=\u00bbnone\u00bb column_link_target=\u00bb_self\u00bb gradient_direction=\u00bbleft_to_right\u00bb overlay_strength=\u00bb0.3&#8243; width=\u00bb1\/1&#8243; tablet_width_inherit=\u00bbdefault\u00bb tablet_text_alignment=\u00bbdefault\u00bb phone_text_alignment=\u00bbdefault\u00bb column_border_width=\u00bbnone\u00bb column_border_style=\u00bbsolid\u00bb bg_image_animation=\u00bbnone\u00bb][vc_column_text] Ocho personas privadas de libertad culminaron con \u00e9xito su proceso de formaci\u00f3n como t\u00e9cnicos en Administraci\u00f3n Log\u00edstica del Instituto Tecnol\u00f3gico (ITEC), [&hellip;]<\/p>\n","protected":false},"author":4,"featured_media":2813,"comment_status":"closed","ping_status":"closed","sticky":false,"template":"","format":"standard","meta":{"_et_pb_use_builder":"","_et_pb_old_content":"","_et_gb_content_width":"","footnotes":""},"categories":[10],"tags":[],"class_list":["post-2806","post","type-post","status-publish","format-standard","has-post-thumbnail","hentry","category-noticias"],"_links":{"self":[{"href":"https:\/\/upla.cl\/vicerrectoriaacademica\/wp-json\/wp\/v2\/posts\/2806","targetHints":{"allow":["GET"]}}],"collection":[{"href":"https:\/\/upla.cl\/vicerrectoriaacademica\/wp-json\/wp\/v2\/posts"}],"about":[{"href":"https:\/\/upla.cl\/vicerrectoriaacademica\/wp-json\/wp\/v2\/types\/post"}],"author":[{"embeddable":true,"href":"https:\/\/upla.cl\/vicerrectoriaacademica\/wp-json\/wp\/v2\/users\/4"}],"replies":[{"embeddable":true,"href":"https:\/\/upla.cl\/vicerrectoriaacademica\/wp-json\/wp\/v2\/comments?post=2806"}],"version-history":[{"count":4,"href":"https:\/\/upla.cl\/vicerrectoriaacademica\/wp-json\/wp\/v2\/posts\/2806\/revisions"}],"predecessor-version":[{"id":2819,"href":"https:\/\/upla.cl\/vicerrectoriaacademica\/wp-json\/wp\/v2\/posts\/2806\/revisions\/2819"}],"wp:featuredmedia":[{"embeddable":true,"href":"https:\/\/upla.cl\/vicerrectoriaacademica\/wp-json\/wp\/v2\/media\/2813"}],"wp:attachment":[{"href":"https:\/\/upla.cl\/vicerrectoriaacademica\/wp-json\/wp\/v2\/media?parent=2806"}],"wp:term":[{"taxonomy":"category","embeddable":true,"href":"https:\/\/upla.cl\/vicerrectoriaacademica\/wp-json\/wp\/v2\/categories?post=2806"},{"taxonomy":"post_tag","embeddable":true,"href":"https:\/\/upla.cl\/vicerrectoriaacademica\/wp-json\/wp\/v2\/tags?post=2806"}],"curies":[{"name":"wp","href":"https:\/\/api.w.org\/{rel}","templated":true}]}}