{"id":2820,"date":"2022-09-23T10:00:25","date_gmt":"2022-09-23T13:00:25","guid":{"rendered":"https:\/\/upla.cl\/vicerrectoriaacademica\/?p=2820"},"modified":"2022-09-23T10:00:25","modified_gmt":"2022-09-23T13:00:25","slug":"vra-invita-a-webinar-sobre-2-estudio-de-autoevaluacion-de-competencias-digitales-docentes-en-la-educacion-superior","status":"publish","type":"post","link":"https:\/\/upla.cl\/vicerrectoriaacademica\/2022\/09\/23\/vra-invita-a-webinar-sobre-2-estudio-de-autoevaluacion-de-competencias-digitales-docentes-en-la-educacion-superior\/","title":{"rendered":"VRA invita a webinar sobre 2\u00b0 Estudio de Autoevaluaci\u00f3n de Competencias Digitales Docentes en la Educaci\u00f3n Superior"},"content":{"rendered":"<p>La Vicerrector\u00eda Acad\u00e9mica invita a las y los docentes de la Universidad de Playa Ancha a participar en el\u00a0webinar\u00a0de promoci\u00f3n del\u00a0<strong>\u201c2\u00b0 Estudio de Autoevaluaci\u00f3n de Competencias Digitales Docentes en la Educaci\u00f3n Superior Chilena\u201d<\/strong>, el cual se efectuar\u00e1 el pr\u00f3ximo martes\u00a027 de septiembre, a las 11:00 horas.<\/p>\n<p>Esta investigaci\u00f3n est\u00e1 siendo\u00a0impulsada por MetaRed IT Chile y su Grupo Tecnolog\u00edas Educativas, con el apoyo de la Secretar\u00eda General Iberoamericana (SEGIB) y el Joint Research Centre (JRC) de la Comisi\u00f3n Europea, y corresponde a\u00a0la continuaci\u00f3n del primer estudio que se efectu\u00f3 en los meses de octubre y noviembre de 2020.<\/p>\n<p>La instancia busca conocer y analizar la evoluci\u00f3n del nivel de competencias digitales de las y los docentes chilenos, para adaptar acciones formativas\u00a0que permitan superar las carencias detectadas a trav\u00e9s de distintas estrategias, por ejemplo: cursos, MOOCs, gu\u00edas did\u00e1cticas, entre otras.\u00a0Se destaca que\u00a0en su versi\u00f3n inicial la indagaci\u00f3n tuvo un impacto relevante, ya que entreg\u00f3 una visi\u00f3n general a nivel pa\u00eds, como tambi\u00e9n los resultados\u00a0de cada instituci\u00f3n de forma personalizada.<\/p>\n<p><strong>Inscripci\u00f3n:<\/strong>\u00a0Interesados e interesadas, pueden obtener mayor informaci\u00f3n y el link de acceso, inscribi\u00e9ndose en el siguiente\u00a0<strong><a href=\"https:\/\/eventos.metared.org\/86603\/detail\/2o-campana-de-autoevaluacion-de-las-competencias-digitales-de-los-docentes-chilenos.html?private=e001a73380f65df623ea\" data-saferedirecturl=\"https:\/\/www.google.com\/url?q=https:\/\/eventos.metared.org\/86603\/detail\/2o-campana-de-autoevaluacion-de-las-competencias-digitales-de-los-docentes-chilenos.html?private%3De001a73380f65df623ea&amp;source=gmail&amp;ust=1664023188346000&amp;usg=AOvVaw0HrUnIVTr6TU8-MO3LEwus\" target=\"_blank\" rel=\"noopener\">enlace<\/a>.<\/strong><\/p>\n","protected":false},"excerpt":{"rendered":"<p>La Vicerrector\u00eda Acad\u00e9mica invita a las y los docentes de la Universidad de Playa Ancha a participar en el\u00a0webinar\u00a0de promoci\u00f3n del\u00a0\u201c2\u00b0 Estudio de Autoevaluaci\u00f3n de Competencias Digitales Docentes en la Educaci\u00f3n Superior Chilena\u201d, el cual se efectuar\u00e1 el pr\u00f3ximo martes\u00a027 de septiembre, a las 11:00 horas. Esta investigaci\u00f3n est\u00e1 siendo\u00a0impulsada por MetaRed IT Chile y [&hellip;]<\/p>\n","protected":false},"author":4,"featured_media":2822,"comment_status":"closed","ping_status":"closed","sticky":false,"template":"","format":"standard","meta":{"_et_pb_use_builder":"","_et_pb_old_content":"","_et_gb_content_width":"","footnotes":""},"categories":[10],"tags":[],"class_list":["post-2820","post","type-post","status-publish","format-standard","has-post-thumbnail","hentry","category-noticias"],"_links":{"self":[{"href":"https:\/\/upla.cl\/vicerrectoriaacademica\/wp-json\/wp\/v2\/posts\/2820","targetHints":{"allow":["GET"]}}],"collection":[{"href":"https:\/\/upla.cl\/vicerrectoriaacademica\/wp-json\/wp\/v2\/posts"}],"about":[{"href":"https:\/\/upla.cl\/vicerrectoriaacademica\/wp-json\/wp\/v2\/types\/post"}],"author":[{"embeddable":true,"href":"https:\/\/upla.cl\/vicerrectoriaacademica\/wp-json\/wp\/v2\/users\/4"}],"replies":[{"embeddable":true,"href":"https:\/\/upla.cl\/vicerrectoriaacademica\/wp-json\/wp\/v2\/comments?post=2820"}],"version-history":[{"count":2,"href":"https:\/\/upla.cl\/vicerrectoriaacademica\/wp-json\/wp\/v2\/posts\/2820\/revisions"}],"predecessor-version":[{"id":2824,"href":"https:\/\/upla.cl\/vicerrectoriaacademica\/wp-json\/wp\/v2\/posts\/2820\/revisions\/2824"}],"wp:featuredmedia":[{"embeddable":true,"href":"https:\/\/upla.cl\/vicerrectoriaacademica\/wp-json\/wp\/v2\/media\/2822"}],"wp:attachment":[{"href":"https:\/\/upla.cl\/vicerrectoriaacademica\/wp-json\/wp\/v2\/media?parent=2820"}],"wp:term":[{"taxonomy":"category","embeddable":true,"href":"https:\/\/upla.cl\/vicerrectoriaacademica\/wp-json\/wp\/v2\/categories?post=2820"},{"taxonomy":"post_tag","embeddable":true,"href":"https:\/\/upla.cl\/vicerrectoriaacademica\/wp-json\/wp\/v2\/tags?post=2820"}],"curies":[{"name":"wp","href":"https:\/\/api.w.org\/{rel}","templated":true}]}}