{"id":2826,"date":"2022-09-23T15:12:51","date_gmt":"2022-09-23T18:12:51","guid":{"rendered":"https:\/\/upla.cl\/vicerrectoriaacademica\/?p=2826"},"modified":"2022-09-23T16:14:46","modified_gmt":"2022-09-23T19:14:46","slug":"hasta-el-30-de-septiembre-se-extendio-plazo-del-proceso-de-evaluacion-de-la-docencia","status":"publish","type":"post","link":"https:\/\/upla.cl\/vicerrectoriaacademica\/2022\/09\/23\/hasta-el-30-de-septiembre-se-extendio-plazo-del-proceso-de-evaluacion-de-la-docencia\/","title":{"rendered":"Hasta el 30 de septiembre se extendi\u00f3 plazo del Proceso de Evaluaci\u00f3n de la Docencia"},"content":{"rendered":"<div>\n<p><img loading=\"lazy\" decoding=\"async\" class=\"size-medium wp-image-2827 alignleft\" src=\"https:\/\/upla.cl\/vicerrectoriaacademica\/wp-content\/uploads\/2022\/09\/Difusion-PED_30-300x300.png\" alt=\"\" width=\"300\" height=\"300\" srcset=\"https:\/\/upla.cl\/vicerrectoriaacademica\/wp-content\/uploads\/2022\/09\/Difusion-PED_30-300x300.png 300w, https:\/\/upla.cl\/vicerrectoriaacademica\/wp-content\/uploads\/2022\/09\/Difusion-PED_30-150x150.png 150w, https:\/\/upla.cl\/vicerrectoriaacademica\/wp-content\/uploads\/2022\/09\/Difusion-PED_30-100x100.png 100w, https:\/\/upla.cl\/vicerrectoriaacademica\/wp-content\/uploads\/2022\/09\/Difusion-PED_30-140x140.png 140w, https:\/\/upla.cl\/vicerrectoriaacademica\/wp-content\/uploads\/2022\/09\/Difusion-PED_30-500x500.png 500w, https:\/\/upla.cl\/vicerrectoriaacademica\/wp-content\/uploads\/2022\/09\/Difusion-PED_30-350x350.png 350w, https:\/\/upla.cl\/vicerrectoriaacademica\/wp-content\/uploads\/2022\/09\/Difusion-PED_30.png 665w\" sizes=\"(max-width: 300px) 100vw, 300px\" \/>La Vicerrector\u00eda Acad\u00e9mica informa que contin\u00faa vigente el\u00a0Proceso de\u00a0Evaluaci\u00f3n\u00a0de la\u00a0Docencia, correspondiente al primer semestre de 2022.<\/p>\n<\/div>\n<div>\n<p>Para acceder al instrumento, es necesario ingresar al\u00a0<a href=\"https:\/\/acceso.upla.cl\/sinte\/Login.aspx?ReturnUrl=%2fsinte%2f\" target=\"_blank\" rel=\"noopener\" data-saferedirecturl=\"https:\/\/www.google.com\/url?q=https:\/\/acceso.upla.cl\/sinte\/Login.aspx?ReturnUrl%3D%252fsinte%252f&amp;source=gmail&amp;ust=1664023203169000&amp;usg=AOvVaw1SNLUqqol5vl9Tu-jGygw5\">Sistema Integrado Institucional<\/a>\u00a0con nombre de usuario y contrase\u00f1a, pulsar el \u00edcono de\u00a0Evaluaci\u00f3n\u00a0de la\u00a0Docencia\u00a0(estudiantes) o de\u00a0Autoevaluaci\u00f3n de la\u00a0Docencia\u00a0(acad\u00e9micos\/as), seg\u00fan corresponda, y contestar el estudio.<\/p>\n<\/div>\n<div>\n<p>Las encuestas estar\u00e1n disponibles hasta el viernes 30 de septiembre del presente a\u00f1o.<\/p>\n<\/div>\n<div>\n<p>Se les invita a participar activamente en este proceso para conocer su experiencia sobre el desarrollo del semestre. En caso de dudas o consultas, se puede escribir a a\u00a0<a href=\"mailto:javier.santis@upla.cl\" target=\"_blank\" rel=\"noopener\">javier.santis@upla.cl<\/a>.<\/p>\n<\/div>\n","protected":false},"excerpt":{"rendered":"<p>La Vicerrector\u00eda Acad\u00e9mica informa que contin\u00faa vigente el\u00a0Proceso de\u00a0Evaluaci\u00f3n\u00a0de la\u00a0Docencia, correspondiente al primer semestre de 2022. Para acceder al instrumento, es necesario ingresar al\u00a0Sistema Integrado Institucional\u00a0con nombre de usuario y contrase\u00f1a, pulsar el \u00edcono de\u00a0Evaluaci\u00f3n\u00a0de la\u00a0Docencia\u00a0(estudiantes) o de\u00a0Autoevaluaci\u00f3n de la\u00a0Docencia\u00a0(acad\u00e9micos\/as), seg\u00fan corresponda, y contestar el estudio. Las encuestas estar\u00e1n disponibles hasta el viernes 30 de [&hellip;]<\/p>\n","protected":false},"author":4,"featured_media":2828,"comment_status":"closed","ping_status":"closed","sticky":false,"template":"","format":"standard","meta":{"_et_pb_use_builder":"","_et_pb_old_content":"","_et_gb_content_width":"","footnotes":""},"categories":[10],"tags":[],"class_list":["post-2826","post","type-post","status-publish","format-standard","has-post-thumbnail","hentry","category-noticias"],"_links":{"self":[{"href":"https:\/\/upla.cl\/vicerrectoriaacademica\/wp-json\/wp\/v2\/posts\/2826","targetHints":{"allow":["GET"]}}],"collection":[{"href":"https:\/\/upla.cl\/vicerrectoriaacademica\/wp-json\/wp\/v2\/posts"}],"about":[{"href":"https:\/\/upla.cl\/vicerrectoriaacademica\/wp-json\/wp\/v2\/types\/post"}],"author":[{"embeddable":true,"href":"https:\/\/upla.cl\/vicerrectoriaacademica\/wp-json\/wp\/v2\/users\/4"}],"replies":[{"embeddable":true,"href":"https:\/\/upla.cl\/vicerrectoriaacademica\/wp-json\/wp\/v2\/comments?post=2826"}],"version-history":[{"count":2,"href":"https:\/\/upla.cl\/vicerrectoriaacademica\/wp-json\/wp\/v2\/posts\/2826\/revisions"}],"predecessor-version":[{"id":2832,"href":"https:\/\/upla.cl\/vicerrectoriaacademica\/wp-json\/wp\/v2\/posts\/2826\/revisions\/2832"}],"wp:featuredmedia":[{"embeddable":true,"href":"https:\/\/upla.cl\/vicerrectoriaacademica\/wp-json\/wp\/v2\/media\/2828"}],"wp:attachment":[{"href":"https:\/\/upla.cl\/vicerrectoriaacademica\/wp-json\/wp\/v2\/media?parent=2826"}],"wp:term":[{"taxonomy":"category","embeddable":true,"href":"https:\/\/upla.cl\/vicerrectoriaacademica\/wp-json\/wp\/v2\/categories?post=2826"},{"taxonomy":"post_tag","embeddable":true,"href":"https:\/\/upla.cl\/vicerrectoriaacademica\/wp-json\/wp\/v2\/tags?post=2826"}],"curies":[{"name":"wp","href":"https:\/\/api.w.org\/{rel}","templated":true}]}}