{"id":2839,"date":"2022-10-05T09:53:37","date_gmt":"2022-10-05T12:53:37","guid":{"rendered":"https:\/\/upla.cl\/vicerrectoriaacademica\/?p=2839"},"modified":"2022-10-05T10:05:48","modified_gmt":"2022-10-05T13:05:48","slug":"upla-efectuara-taller-gratuito-para-trabajadores-de-la-educacion-en-limache","status":"publish","type":"post","link":"https:\/\/upla.cl\/vicerrectoriaacademica\/2022\/10\/05\/upla-efectuara-taller-gratuito-para-trabajadores-de-la-educacion-en-limache\/","title":{"rendered":"UPLA efectuar\u00e1 taller gratuito para trabajadores de la educaci\u00f3n en Limache"},"content":{"rendered":"<p><img loading=\"lazy\" decoding=\"async\" class=\"wp-image-2840 alignleft\" src=\"https:\/\/upla.cl\/vicerrectoriaacademica\/wp-content\/uploads\/2022\/10\/Afiche-Limache_Ig-Fb-Tw-Mineduc-300x300.png\" alt=\"\" width=\"459\" height=\"459\" srcset=\"https:\/\/upla.cl\/vicerrectoriaacademica\/wp-content\/uploads\/2022\/10\/Afiche-Limache_Ig-Fb-Tw-Mineduc-300x300.png 300w, https:\/\/upla.cl\/vicerrectoriaacademica\/wp-content\/uploads\/2022\/10\/Afiche-Limache_Ig-Fb-Tw-Mineduc-1024x1024.png 1024w, https:\/\/upla.cl\/vicerrectoriaacademica\/wp-content\/uploads\/2022\/10\/Afiche-Limache_Ig-Fb-Tw-Mineduc-150x150.png 150w, https:\/\/upla.cl\/vicerrectoriaacademica\/wp-content\/uploads\/2022\/10\/Afiche-Limache_Ig-Fb-Tw-Mineduc-768x768.png 768w, https:\/\/upla.cl\/vicerrectoriaacademica\/wp-content\/uploads\/2022\/10\/Afiche-Limache_Ig-Fb-Tw-Mineduc-100x100.png 100w, https:\/\/upla.cl\/vicerrectoriaacademica\/wp-content\/uploads\/2022\/10\/Afiche-Limache_Ig-Fb-Tw-Mineduc-140x140.png 140w, https:\/\/upla.cl\/vicerrectoriaacademica\/wp-content\/uploads\/2022\/10\/Afiche-Limache_Ig-Fb-Tw-Mineduc-500x500.png 500w, https:\/\/upla.cl\/vicerrectoriaacademica\/wp-content\/uploads\/2022\/10\/Afiche-Limache_Ig-Fb-Tw-Mineduc-350x350.png 350w, https:\/\/upla.cl\/vicerrectoriaacademica\/wp-content\/uploads\/2022\/10\/Afiche-Limache_Ig-Fb-Tw-Mineduc-1000x1000.png 1000w, https:\/\/upla.cl\/vicerrectoriaacademica\/wp-content\/uploads\/2022\/10\/Afiche-Limache_Ig-Fb-Tw-Mineduc-800x800.png 800w, https:\/\/upla.cl\/vicerrectoriaacademica\/wp-content\/uploads\/2022\/10\/Afiche-Limache_Ig-Fb-Tw-Mineduc.png 1080w\" sizes=\"(max-width: 459px) 100vw, 459px\" \/>En el marco de la pol\u00edtica p\u00fablica de Reactivaci\u00f3n Educativa Integral denominada \u201cSeamos Comunidad\u201d, impulsada por el Ministerio de Educaci\u00f3n y que propone abordar los efectos de la pandemia en las comunidades escolares, la Universidad de Playa Ancha invita a inscribirse en el taller gratuito de <a href=\"https:\/\/docs.google.com\/forms\/d\/e\/1FAIpQLSc3j01GOUz9uqTszFyDybxEzI9wwr8K3h-Aq1s1tjGJscJ_Vw\/viewform\" data-saferedirecturl=\"https:\/\/www.google.com\/url?q=https:\/\/docs.google.com\/forms\/d\/e\/1FAIpQLSc3j01GOUz9uqTszFyDybxEzI9wwr8K3h-Aq1s1tjGJscJ_Vw\/viewform&amp;source=gmail&amp;ust=1665059195847000&amp;usg=AOvVaw2CnuJs9c5tiDz3JlZf3Wr7\" target=\"_blank\" rel=\"noopener\"><strong>\u201cSalud Mental, Bienestar Socioemocional y Autocuidado<\/strong><strong>\u00ab<\/strong><\/a>, dise\u00f1ado en conjunto con la Universidad de Valpara\u00edso, el Centro de Perfeccionamiento, Experimentaci\u00f3n e Investigaciones Pedag\u00f3gicas (CPEIP), el Ministerio de Salud, la Seremi de Educaci\u00f3n y Departamentos Provinciales de Educaci\u00f3n de la Quinta Regi\u00f3n.<\/p>\n<p>La oportunidad de formaci\u00f3n otorgar\u00e1 herramientas y estrategias a profesionales y asistentes de la educaci\u00f3n, duplas psicosociales y equipos directivos que cuenten con horas de aula, de establecimientos educacionales municipales, subvencionados, servicios locales de educaci\u00f3n y jardines infantiles Integra y VTF (no dependientes de la Junta Nacional de Jardines Infantiles), para que puedan enfrentar las dificultades psicosociales que se presentan en sus espacios de trabajo.<\/p>\n<p>Este taller que brindar\u00e1 constancia de participaci\u00f3n, se desarrollar\u00e1 el pr\u00f3ximo <strong>mi\u00e9rcoles 12 de octubre, entre las 08.30 y las 18.00 horas, en \u00abEspacio Persea\u00bb (Avenida Eastman 2224, Limache).<\/strong><\/p>\n<p>La actividad tendr\u00e1 una duraci\u00f3n de ocho horas de ejecuci\u00f3n presencial, m\u00e1s seis horas de acompa\u00f1amiento posterior online para retroalimentar la experiencia, conocer los resultados de la aplicaci\u00f3n y recoger informaci\u00f3n. Para mayores detalles e inscripci\u00f3n, ingresar a <a href=\"http:\/\/www.upla.cl\/seamoscomunidad\/\" data-saferedirecturl=\"https:\/\/www.google.com\/url?q=http:\/\/www.upla.cl\/seamoscomunidad\/&amp;source=gmail&amp;ust=1665059195847000&amp;usg=AOvVaw2fE77W68oKlRs1gd2o0qCW\"><strong>www.upla.cl\/seamoscomunidad\/<\/strong><\/a>.<\/p>\n<p>De forma posterior, se levantar\u00e1 encuesta que posibilitar\u00e1 identificar necesidades formativas pertinentes de acuerdo con la realidad local y, sobre los resultados, el CPEIP dise\u00f1ar\u00e1 la oferta formativa para los pr\u00f3ximos tres a\u00f1os.<\/p>\n<h5><strong>Talleres a nivel nacional<\/strong><\/h5>\n<p>Cabe se\u00f1alar que esta iniciativa se vincula a una serie de talleres sobre\u00a0<strong>\u00abConvivencia Escolar\u00bb y\u00a0\u00a0<\/strong><a href=\"http:\/\/www.upla.cl\/seamoscomunidad\/\" data-saferedirecturl=\"https:\/\/www.google.com\/url?q=http:\/\/www.upla.cl\/seamoscomunidad\/&amp;source=gmail&amp;ust=1665059195847000&amp;usg=AOvVaw2fE77W68oKlRs1gd2o0qCW\"><strong>\u201cSalud Mental, Bienestar Socioemocional y Autocuidado<\/strong><\/a><strong>\u201d, <\/strong>\u00a0que se est\u00e1n realizando en cada una de las regiones del pa\u00eds, gracias al trabajo conjunto del\u00a0CPEIP\u00a0con el\u00a0<strong>Consorcio de Universidades del Estado de Chile<\/strong>\u00a0(CUECH), la Universidad Austral de Chile y el Programa Valoras de la Pontificia Universidad Cat\u00f3lica de Chile. En total, se pretende efectuar\u00a0<strong>398 talleres con 23.880 cupos<\/strong>\u00a0a nivel nacional, con una inversi\u00f3n de 1.900 millones de pesos.<\/p>\n<p>&nbsp;<\/p>\n","protected":false},"excerpt":{"rendered":"<p>En el marco de la pol\u00edtica p\u00fablica de Reactivaci\u00f3n Educativa Integral denominada \u201cSeamos Comunidad\u201d, impulsada por el Ministerio de Educaci\u00f3n y que propone abordar los efectos de la pandemia en las comunidades escolares, la Universidad de Playa Ancha invita a inscribirse en el taller gratuito de \u201cSalud Mental, Bienestar Socioemocional y Autocuidado\u00ab, dise\u00f1ado en conjunto [&hellip;]<\/p>\n","protected":false},"author":4,"featured_media":2668,"comment_status":"closed","ping_status":"closed","sticky":false,"template":"","format":"standard","meta":{"_et_pb_use_builder":"","_et_pb_old_content":"","_et_gb_content_width":"","footnotes":""},"categories":[10],"tags":[],"class_list":["post-2839","post","type-post","status-publish","format-standard","has-post-thumbnail","hentry","category-noticias"],"_links":{"self":[{"href":"https:\/\/upla.cl\/vicerrectoriaacademica\/wp-json\/wp\/v2\/posts\/2839","targetHints":{"allow":["GET"]}}],"collection":[{"href":"https:\/\/upla.cl\/vicerrectoriaacademica\/wp-json\/wp\/v2\/posts"}],"about":[{"href":"https:\/\/upla.cl\/vicerrectoriaacademica\/wp-json\/wp\/v2\/types\/post"}],"author":[{"embeddable":true,"href":"https:\/\/upla.cl\/vicerrectoriaacademica\/wp-json\/wp\/v2\/users\/4"}],"replies":[{"embeddable":true,"href":"https:\/\/upla.cl\/vicerrectoriaacademica\/wp-json\/wp\/v2\/comments?post=2839"}],"version-history":[{"count":2,"href":"https:\/\/upla.cl\/vicerrectoriaacademica\/wp-json\/wp\/v2\/posts\/2839\/revisions"}],"predecessor-version":[{"id":2843,"href":"https:\/\/upla.cl\/vicerrectoriaacademica\/wp-json\/wp\/v2\/posts\/2839\/revisions\/2843"}],"wp:featuredmedia":[{"embeddable":true,"href":"https:\/\/upla.cl\/vicerrectoriaacademica\/wp-json\/wp\/v2\/media\/2668"}],"wp:attachment":[{"href":"https:\/\/upla.cl\/vicerrectoriaacademica\/wp-json\/wp\/v2\/media?parent=2839"}],"wp:term":[{"taxonomy":"category","embeddable":true,"href":"https:\/\/upla.cl\/vicerrectoriaacademica\/wp-json\/wp\/v2\/categories?post=2839"},{"taxonomy":"post_tag","embeddable":true,"href":"https:\/\/upla.cl\/vicerrectoriaacademica\/wp-json\/wp\/v2\/tags?post=2839"}],"curies":[{"name":"wp","href":"https:\/\/api.w.org\/{rel}","templated":true}]}}