{"id":2844,"date":"2022-10-06T16:14:12","date_gmt":"2022-10-06T19:14:12","guid":{"rendered":"https:\/\/upla.cl\/vicerrectoriaacademica\/?p=2844"},"modified":"2022-10-06T16:14:12","modified_gmt":"2022-10-06T19:14:12","slug":"atencion-comunidad-academica-se-abrio-concurso-de-proyectos-de-innovacion-pedagogica-para-cursos-de-movilidad-estudiantil","status":"publish","type":"post","link":"https:\/\/upla.cl\/vicerrectoriaacademica\/2022\/10\/06\/atencion-comunidad-academica-se-abrio-concurso-de-proyectos-de-innovacion-pedagogica-para-cursos-de-movilidad-estudiantil\/","title":{"rendered":"Atenci\u00f3n comunidad acad\u00e9mica: se abri\u00f3 concurso de Proyectos de Innovaci\u00f3n Pedag\u00f3gica para cursos de Movilidad Estudiantil"},"content":{"rendered":"<p>La Direcci\u00f3n de Pregrado, dependiente de Vicerrector\u00eda Acad\u00e9mica, invita a los\/as acad\u00e9micos\/as de nuestra instituci\u00f3n a postular en la segunda versi\u00f3n del concurso de <strong>\u00abProyectos de Innovaci\u00f3n Pedag\u00f3gica del Programa de Movilidad Nacional\u00bb<\/strong> para cursos que se implementar\u00e1n de manera online durante el primer semestre 2023 para los\/as estudiantes de nuestra instituci\u00f3n y del resto de las universidades estatales de Chile.<\/p>\n<p>Este concurso tiene como prop\u00f3sito incrementar las opciones de movilidad que permitan potenciar el desarrollo de competencias gen\u00e9ricas y disciplinares para los\/as estudiantes del CUECH, mediante el apoyo a las innovaciones pedag\u00f3gicas.<\/p>\n<p>En esta oportunidad, los gastos financiables corresponden a los siguientes bienes de capital:<\/p>\n<div>\n<table style=\"border-collapse: collapse; width: 81.8708%; height: 370px;\">\n<tbody>\n<tr style=\"height: 24px;\">\n<td style=\"height: 24px; width: 17.1473%;\"><strong>Sub\u00edtem<\/strong><\/td>\n<td style=\"height: 24px; width: 23.2521%;\"><strong>Gastos elegibles<\/strong><\/td>\n<td style=\"height: 24px; width: 40.4255%;\"><strong>Descripci\u00f3n\u00a0\u00a0\u00a0 del\u00a0\u00a0\u00a0\u00a0\u00a0\u00a0 gasto\u00a0\u00a0 \/ consideraciones<\/strong><\/td>\n<\/tr>\n<tr style=\"height: 72px;\">\n<td style=\"height: 72px; width: 17.1473%;\"><strong>Equipamiento e instrumental de apoyo<\/strong><\/td>\n<td style=\"height: 72px; width: 23.2521%;\">Instrumental para laboratorios, talleres e investigaci\u00f3n.<\/td>\n<td style=\"height: 72px; width: 40.4255%;\">Instrumentos destinados a actividades en laboratorios y talleres.<\/td>\n<\/tr>\n<tr style=\"height: 72px;\">\n<td style=\"height: 72px; width: 17.1473%;\"><\/td>\n<td style=\"height: 72px; width: 23.2521%;\">Equipamiento computacional y de informaci\u00f3n.<\/td>\n<td style=\"height: 72px; width: 40.4255%;\">Equipamiento tecnol\u00f3gico computacional, fijo o port\u00e1til.<\/td>\n<\/tr>\n<tr style=\"height: 48px;\">\n<td style=\"height: 48px; width: 17.1473%;\"><\/td>\n<td style=\"height: 48px; width: 23.2521%;\">Equipamiento audiovisual.<\/td>\n<td style=\"height: 48px; width: 40.4255%;\">Equipamiento tecnol\u00f3gico audiovisual.<\/td>\n<\/tr>\n<tr style=\"height: 48px;\">\n<td style=\"height: 48px; width: 17.1473%;\"><\/td>\n<td style=\"height: 48px; width: 23.2521%;\">Bienes de apoyo para la docencia y aprendizaje.<\/td>\n<td style=\"height: 48px; width: 40.4255%;\">Material did\u00e1ctico af\u00edn para la docencia virtual.<\/td>\n<\/tr>\n<tr style=\"height: 96px;\">\n<td style=\"height: 96px; width: 17.1473%;\"><strong>Alhajamiento<\/strong><\/td>\n<td style=\"height: 96px; width: 23.2521%;\">Alhajamiento menor mobiliario.<\/td>\n<td style=\"height: 96px; width: 40.4255%;\">Bienes de habilitaci\u00f3n de espacios con fines acad\u00e9micos, de investigaci\u00f3n o de funcionamiento operativo de la instituci\u00f3n, por ejemplo, mobiliario, para perfeccionar la docencia h\u00edbrida o virtual.<\/td>\n<\/tr>\n<tr style=\"height: 10px;\">\n<td style=\"height: 10px; width: 17.1473%;\"><\/td>\n<td style=\"height: 10px; width: 23.2521%;\"><\/td>\n<td style=\"height: 10px; width: 40.4255%;\"><\/td>\n<\/tr>\n<\/tbody>\n<\/table>\n<\/div>\n<p>Cabe destacar que el cierre de las postulaciones ser\u00e1 el <strong>30 de noviembre del a\u00f1o en curso<\/strong> y \u00a0la postulaci\u00f3n ser\u00e1 centralizada, a trav\u00e9s de la p\u00e1gina del Consorcio:<strong>\u00a0<\/strong><a href=\"https:\/\/www.uestatales.cl\/cue\/concurso\" target=\"_blank\" rel=\"noopener\" data-saferedirecturl=\"https:\/\/www.google.com\/url?q=https:\/\/www.uestatales.cl\/cue\/concurso&amp;source=gmail&amp;ust=1665165473885000&amp;usg=AOvVaw0PWZWAta1xiJEdfhRmE1mz\"><strong>https:\/\/www.uestatales.cl\/cue\/<wbr \/>concurso<\/strong><\/a>. En caso de dudas o consultas, se encuentra disponible el correo\u00a0<strong><a href=\"mailto:contacto@uestatales.cl\" target=\"_blank\" rel=\"noopener\">contacto@uestatales.cl<\/a>.<\/strong><\/p>\n<p>Para mayor informaci\u00f3n, revisar <a href=\"https:\/\/www.uestatales.cl\/cue\/sites\/default\/files\/documentacion\/BASES%20CONCURSO%20PIP%20version%202022%20VF.pdf\" target=\"_blank\" rel=\"noopener\"><strong>bases del concurso.<\/strong><\/a><\/p>\n<p>Descargar <a href=\"https:\/\/www.uestatales.cl\/cue\/?q=node\/9647\" target=\"_blank\" rel=\"noopener\"><strong>formulario de postulaci\u00f3n aqu\u00ed.<\/strong><\/a><\/p>\n","protected":false},"excerpt":{"rendered":"<p>La Direcci\u00f3n de Pregrado, dependiente de Vicerrector\u00eda Acad\u00e9mica, invita a los\/as acad\u00e9micos\/as de nuestra instituci\u00f3n a postular en la segunda versi\u00f3n del concurso de \u00abProyectos de Innovaci\u00f3n Pedag\u00f3gica del Programa de Movilidad Nacional\u00bb para cursos que se implementar\u00e1n de manera online durante el primer semestre 2023 para los\/as estudiantes de nuestra instituci\u00f3n y del resto [&hellip;]<\/p>\n","protected":false},"author":4,"featured_media":2845,"comment_status":"closed","ping_status":"closed","sticky":false,"template":"","format":"standard","meta":{"_et_pb_use_builder":"","_et_pb_old_content":"","_et_gb_content_width":"","footnotes":""},"categories":[10],"tags":[],"class_list":["post-2844","post","type-post","status-publish","format-standard","has-post-thumbnail","hentry","category-noticias"],"_links":{"self":[{"href":"https:\/\/upla.cl\/vicerrectoriaacademica\/wp-json\/wp\/v2\/posts\/2844","targetHints":{"allow":["GET"]}}],"collection":[{"href":"https:\/\/upla.cl\/vicerrectoriaacademica\/wp-json\/wp\/v2\/posts"}],"about":[{"href":"https:\/\/upla.cl\/vicerrectoriaacademica\/wp-json\/wp\/v2\/types\/post"}],"author":[{"embeddable":true,"href":"https:\/\/upla.cl\/vicerrectoriaacademica\/wp-json\/wp\/v2\/users\/4"}],"replies":[{"embeddable":true,"href":"https:\/\/upla.cl\/vicerrectoriaacademica\/wp-json\/wp\/v2\/comments?post=2844"}],"version-history":[{"count":1,"href":"https:\/\/upla.cl\/vicerrectoriaacademica\/wp-json\/wp\/v2\/posts\/2844\/revisions"}],"predecessor-version":[{"id":2846,"href":"https:\/\/upla.cl\/vicerrectoriaacademica\/wp-json\/wp\/v2\/posts\/2844\/revisions\/2846"}],"wp:featuredmedia":[{"embeddable":true,"href":"https:\/\/upla.cl\/vicerrectoriaacademica\/wp-json\/wp\/v2\/media\/2845"}],"wp:attachment":[{"href":"https:\/\/upla.cl\/vicerrectoriaacademica\/wp-json\/wp\/v2\/media?parent=2844"}],"wp:term":[{"taxonomy":"category","embeddable":true,"href":"https:\/\/upla.cl\/vicerrectoriaacademica\/wp-json\/wp\/v2\/categories?post=2844"},{"taxonomy":"post_tag","embeddable":true,"href":"https:\/\/upla.cl\/vicerrectoriaacademica\/wp-json\/wp\/v2\/tags?post=2844"}],"curies":[{"name":"wp","href":"https:\/\/api.w.org\/{rel}","templated":true}]}}