{"id":2851,"date":"2022-10-05T16:34:09","date_gmt":"2022-10-05T19:34:09","guid":{"rendered":"https:\/\/upla.cl\/vicerrectoriaacademica\/?p=2851"},"modified":"2022-10-06T17:15:08","modified_gmt":"2022-10-06T20:15:08","slug":"la-universidad-de-playa-ancha-te-acompana-en-tu-trayectoria-academica","status":"publish","type":"post","link":"https:\/\/upla.cl\/vicerrectoriaacademica\/2022\/10\/05\/la-universidad-de-playa-ancha-te-acompana-en-tu-trayectoria-academica\/","title":{"rendered":"La Universidad de Playa Ancha te acompa\u00f1a en tu trayectoria acad\u00e9mica"},"content":{"rendered":"<p><a href=\"https:\/\/www.upla.cl\/noticias\/wp-content\/uploads\/2022\/09\/gran_bretana.jpeg\"><img loading=\"lazy\" decoding=\"async\" class=\"alignleft\" src=\"https:\/\/www.upla.cl\/noticias\/wp-content\/uploads\/2022\/09\/gran_bretana-289x300.jpeg\" sizes=\"(max-width: 289px) 100vw, 289px\" srcset=\"https:\/\/www.upla.cl\/noticias\/wp-content\/uploads\/2022\/09\/gran_bretana-289x300.jpeg 289w, https:\/\/www.upla.cl\/noticias\/wp-content\/uploads\/2022\/09\/gran_bretana.jpeg 617w\" alt=\"\" width=\"289\" height=\"300\" \/><\/a>La<strong> Unidad de Acompa\u00f1amiento Estudiantil<\/strong> (UAE), dependiente de la Vicerrector\u00eda Acad\u00e9mica de la Universidad de Playa Ancha, a trav\u00e9s del\u00a0<strong>Programa PACE\u00a0UPLA\u00a0<\/strong>promueve la participaci\u00f3n de los estudiantes en programas de fortalecimiento acad\u00e9mico y psicoeducativo. Lo anterior, por medio de un trabajo colaborativo durante los primeros dos a\u00f1os de carrera, a manera de favorecer el avance y compromiso en la trayectoria formativa de los futuros profesionales.<\/p>\n<p>Es por esta raz\u00f3n, que la UAE y el PACE UPLA se han desplazado con un stand de difusi\u00f3n por las sedes de Gran Breta\u00f1a e Independencia, as\u00ed como por las\u00a0<a href=\"https:\/\/www.upla.cl\/facultad\/ingenieria\/\">Facultades de Ingenier\u00eda<\/a>\u00a0y\u00a0<a href=\"https:\/\/www.upla.cl\/cienciasnaturalesyexactas\/\">Ciencias Naturales y Exactas<\/a>, para dar a conocer a las y los estudiantes los distintos apoyos a los que pueden acceder.<\/p>\n<p>El 6 de octubre la difusi\u00f3n se realizar\u00e1 en Casa Central para las carreras que all\u00ed se imparten. La invitaci\u00f3n est\u00e1 hecha para visitar el stand y conocer los acompa\u00f1amientos existentes, sus beneficios y tambi\u00e9n conversar con sus tutores.<\/p>\n<p><strong>\u00bfCu\u00e1les son los apoyos?<\/strong><\/p>\n<p><a href=\"https:\/\/www.upla.cl\/noticias\/wp-content\/uploads\/2022\/09\/independencia.jpeg\"><img loading=\"lazy\" decoding=\"async\" class=\"alignright\" src=\"https:\/\/www.upla.cl\/noticias\/wp-content\/uploads\/2022\/09\/independencia-245x300.jpeg\" sizes=\"(max-width: 245px) 100vw, 245px\" srcset=\"https:\/\/www.upla.cl\/noticias\/wp-content\/uploads\/2022\/09\/independencia-245x300.jpeg 245w, https:\/\/www.upla.cl\/noticias\/wp-content\/uploads\/2022\/09\/independencia.jpeg 640w\" alt=\"\" width=\"245\" height=\"300\" \/><\/a>La UAE y el programa PACE UPLA poseen cuatro tipos de apoyos:<\/p>\n<ul>\n<li><a href=\"https:\/\/upla.cl\/acompanamientoestudiantil\/acompanamiento-psicoeducativo\/\">Acompa\u00f1amiento Psicoeducativo<\/a><\/li>\n<li><a href=\"https:\/\/upla.cl\/acompanamientoestudiantil\/tutoria-par\/\">Acompa\u00f1amiento Tutores Par<\/a><\/li>\n<li><a href=\"https:\/\/upla.cl\/acompanamientoestudiantil\/acompanamiento-academico\/\">Acompa\u00f1amiento Acad\u00e9mico<\/a><\/li>\n<li><a href=\"https:\/\/upla.cl\/acompanamientoestudiantil\/unidad-de-inclusion\/\">Unidad de Inclusi\u00f3n<\/a><\/li>\n<\/ul>\n<p>Dentro de los\u00a0Acompa\u00f1amientos Acad\u00e9micos\u00a0que se han dado a conocer presencialmente, est\u00e1n las siguientes Tutor\u00edas o Talleres:<\/p>\n<p><em>-Tutor\u00eda Acad\u00e9mica Trabajo de S\u00edntesis (Facultad de Ciencias de la Educaci\u00f3n).<\/em><\/p>\n<p><em>-Tutor\u00eda Procesos de Aprendizaje en Matem\u00e1tica (Pedagog\u00eda en Educaci\u00f3n B\u00e1sica).<\/em><\/p>\n<p><em>-Tutor\u00edas en Lenguaje, Matem\u00e1ticas, Ingl\u00e9s, Ingenier\u00eda, Ciencias (Biolog\u00eda, Qu\u00edmica).<\/em><\/p>\n<p><em>-Tutor\u00edas Emergentes. \u00bfNecesitas orientaci\u00f3n en tus estudios, resolver dudas o reforzar contenidos vistos en clases?<\/em><\/p>\n<p><em><a href=\"https:\/\/www.upla.cl\/noticias\/wp-content\/uploads\/2022\/09\/fac_ciencias_ingenieria_.jpeg\"><img loading=\"lazy\" decoding=\"async\" class=\"alignleft\" src=\"https:\/\/www.upla.cl\/noticias\/wp-content\/uploads\/2022\/09\/fac_ciencias_ingenieria_-300x241.jpeg\" sizes=\"(max-width: 300px) 100vw, 300px\" srcset=\"https:\/\/www.upla.cl\/noticias\/wp-content\/uploads\/2022\/09\/fac_ciencias_ingenieria_-300x241.jpeg 300w, https:\/\/www.upla.cl\/noticias\/wp-content\/uploads\/2022\/09\/fac_ciencias_ingenieria_.jpeg 640w\" alt=\"\" width=\"300\" height=\"241\" \/><\/a>-Taller Estrategias para la Inclusi\u00f3n de Citas con Norma APA.<\/em><\/p>\n<p><em>-Taller de Estad\u00edstica Descriptiva Transversal.<\/em><\/p>\n<p><em>-Taller Nuevas Normas de la IUPAC en la Nomenclatura de Compuestos Org\u00e1nicos.<\/em><\/p>\n<p><em>-Taller de Introducci\u00f3n a la Fisiopatolog\u00eda<\/em><\/p>\n<p><em>-Integraci\u00f3n al grupo de Tutor\u00edas Par.<\/em><\/p>\n","protected":false},"excerpt":{"rendered":"<p>La Unidad de Acompa\u00f1amiento Estudiantil (UAE), dependiente de la Vicerrector\u00eda Acad\u00e9mica de la Universidad de Playa Ancha, a trav\u00e9s del\u00a0Programa PACE\u00a0UPLA\u00a0promueve la participaci\u00f3n de los estudiantes en programas de fortalecimiento acad\u00e9mico y psicoeducativo. Lo anterior, por medio de un trabajo colaborativo durante los primeros dos a\u00f1os de carrera, a manera de favorecer el avance y [&hellip;]<\/p>\n","protected":false},"author":4,"featured_media":2853,"comment_status":"closed","ping_status":"closed","sticky":false,"template":"","format":"standard","meta":{"_et_pb_use_builder":"","_et_pb_old_content":"","_et_gb_content_width":"","footnotes":""},"categories":[10],"tags":[],"class_list":["post-2851","post","type-post","status-publish","format-standard","has-post-thumbnail","hentry","category-noticias"],"_links":{"self":[{"href":"https:\/\/upla.cl\/vicerrectoriaacademica\/wp-json\/wp\/v2\/posts\/2851","targetHints":{"allow":["GET"]}}],"collection":[{"href":"https:\/\/upla.cl\/vicerrectoriaacademica\/wp-json\/wp\/v2\/posts"}],"about":[{"href":"https:\/\/upla.cl\/vicerrectoriaacademica\/wp-json\/wp\/v2\/types\/post"}],"author":[{"embeddable":true,"href":"https:\/\/upla.cl\/vicerrectoriaacademica\/wp-json\/wp\/v2\/users\/4"}],"replies":[{"embeddable":true,"href":"https:\/\/upla.cl\/vicerrectoriaacademica\/wp-json\/wp\/v2\/comments?post=2851"}],"version-history":[{"count":1,"href":"https:\/\/upla.cl\/vicerrectoriaacademica\/wp-json\/wp\/v2\/posts\/2851\/revisions"}],"predecessor-version":[{"id":2854,"href":"https:\/\/upla.cl\/vicerrectoriaacademica\/wp-json\/wp\/v2\/posts\/2851\/revisions\/2854"}],"wp:featuredmedia":[{"embeddable":true,"href":"https:\/\/upla.cl\/vicerrectoriaacademica\/wp-json\/wp\/v2\/media\/2853"}],"wp:attachment":[{"href":"https:\/\/upla.cl\/vicerrectoriaacademica\/wp-json\/wp\/v2\/media?parent=2851"}],"wp:term":[{"taxonomy":"category","embeddable":true,"href":"https:\/\/upla.cl\/vicerrectoriaacademica\/wp-json\/wp\/v2\/categories?post=2851"},{"taxonomy":"post_tag","embeddable":true,"href":"https:\/\/upla.cl\/vicerrectoriaacademica\/wp-json\/wp\/v2\/tags?post=2851"}],"curies":[{"name":"wp","href":"https:\/\/api.w.org\/{rel}","templated":true}]}}