{"id":2856,"date":"2022-10-13T17:05:59","date_gmt":"2022-10-13T20:05:59","guid":{"rendered":"https:\/\/upla.cl\/vicerrectoriaacademica\/?p=2856"},"modified":"2022-10-13T17:05:59","modified_gmt":"2022-10-13T20:05:59","slug":"upla-invita-a-su-comunidad-academica-a-completar-encuesta-de-competencias-digitales-docentes","status":"publish","type":"post","link":"https:\/\/upla.cl\/vicerrectoriaacademica\/2022\/10\/13\/upla-invita-a-su-comunidad-academica-a-completar-encuesta-de-competencias-digitales-docentes\/","title":{"rendered":"UPLA invita a su comunidad acad\u00e9mica a completar Encuesta de Competencias Digitales Docentes"},"content":{"rendered":"<p>La Unidad de Innovaci\u00f3n Digital, dependiente de la Vicerrector\u00eda Acad\u00e9mica, informa que en el marco del\u00a0Proyecto de\u00a0Fortalecimiento\u00a0Institucional \u201cAvanzando hacia una Transformaci\u00f3n Digital en la Universidad de Playa Ancha\u201d (UPA 2099-1),\u00a0nuestra\u00a0casa de estudios se encuentra implementando una encuesta vinculada a las competencias digitales de las y los acad\u00e9micos UPLA.<\/p>\n<p>Para ello, se emple\u00f3 una adaptaci\u00f3n\u00a0del instrumento validado por el\u00a0Marco de Competencias Digitales para Educadores\u00a0(DigCompEdu),\u00a0el cual permitir\u00e1\u00a0abordar los nuevos desaf\u00edos emergentes en torno a la mediaci\u00f3n del aprendizaje, utilizando tecnolog\u00edas digitales en modalidad sincr\u00f3nica, asincr\u00f3nica e h\u00edbrida.<\/p>\n<p>En este sentido, se les invita a completar la <strong>\u00abEncuesta de Competencias Digitales Docentes\u00bb\u00a0<\/strong>que es de vital importancia para dar respuesta a los requerimientos ministeriales.\u00a0<strong>Hacer clic en la imagen para acceder al estudio.<\/strong><\/p>\n<p>&nbsp;<\/p>\n<p><a href=\"https:\/\/www.questionpro.com\/a\/TakeSurvey?tt=TxvXZh72wKg%3D\" target=\"_blank\" rel=\"noopener\"><img loading=\"lazy\" decoding=\"async\" class=\"alignnone wp-image-2857 size-full\" src=\"https:\/\/upla.cl\/vicerrectoriaacademica\/wp-content\/uploads\/2022\/10\/banner_horizontal.png\" alt=\"\" width=\"1909\" height=\"697\" srcset=\"https:\/\/upla.cl\/vicerrectoriaacademica\/wp-content\/uploads\/2022\/10\/banner_horizontal.png 1909w, https:\/\/upla.cl\/vicerrectoriaacademica\/wp-content\/uploads\/2022\/10\/banner_horizontal-300x110.png 300w, https:\/\/upla.cl\/vicerrectoriaacademica\/wp-content\/uploads\/2022\/10\/banner_horizontal-1024x374.png 1024w, https:\/\/upla.cl\/vicerrectoriaacademica\/wp-content\/uploads\/2022\/10\/banner_horizontal-768x280.png 768w, https:\/\/upla.cl\/vicerrectoriaacademica\/wp-content\/uploads\/2022\/10\/banner_horizontal-1536x561.png 1536w\" sizes=\"(max-width: 1909px) 100vw, 1909px\" \/><\/a><\/p>\n<p>&nbsp;<\/p>\n","protected":false},"excerpt":{"rendered":"<p>La Unidad de Innovaci\u00f3n Digital, dependiente de la Vicerrector\u00eda Acad\u00e9mica, informa que en el marco del\u00a0Proyecto de\u00a0Fortalecimiento\u00a0Institucional \u201cAvanzando hacia una Transformaci\u00f3n Digital en la Universidad de Playa Ancha\u201d (UPA 2099-1),\u00a0nuestra\u00a0casa de estudios se encuentra implementando una encuesta vinculada a las competencias digitales de las y los acad\u00e9micos UPLA. Para ello, se emple\u00f3 una adaptaci\u00f3n\u00a0del instrumento [&hellip;]<\/p>\n","protected":false},"author":4,"featured_media":2858,"comment_status":"closed","ping_status":"closed","sticky":false,"template":"","format":"standard","meta":{"_et_pb_use_builder":"","_et_pb_old_content":"","_et_gb_content_width":"","footnotes":""},"categories":[10],"tags":[],"class_list":["post-2856","post","type-post","status-publish","format-standard","has-post-thumbnail","hentry","category-noticias"],"_links":{"self":[{"href":"https:\/\/upla.cl\/vicerrectoriaacademica\/wp-json\/wp\/v2\/posts\/2856","targetHints":{"allow":["GET"]}}],"collection":[{"href":"https:\/\/upla.cl\/vicerrectoriaacademica\/wp-json\/wp\/v2\/posts"}],"about":[{"href":"https:\/\/upla.cl\/vicerrectoriaacademica\/wp-json\/wp\/v2\/types\/post"}],"author":[{"embeddable":true,"href":"https:\/\/upla.cl\/vicerrectoriaacademica\/wp-json\/wp\/v2\/users\/4"}],"replies":[{"embeddable":true,"href":"https:\/\/upla.cl\/vicerrectoriaacademica\/wp-json\/wp\/v2\/comments?post=2856"}],"version-history":[{"count":2,"href":"https:\/\/upla.cl\/vicerrectoriaacademica\/wp-json\/wp\/v2\/posts\/2856\/revisions"}],"predecessor-version":[{"id":2860,"href":"https:\/\/upla.cl\/vicerrectoriaacademica\/wp-json\/wp\/v2\/posts\/2856\/revisions\/2860"}],"wp:featuredmedia":[{"embeddable":true,"href":"https:\/\/upla.cl\/vicerrectoriaacademica\/wp-json\/wp\/v2\/media\/2858"}],"wp:attachment":[{"href":"https:\/\/upla.cl\/vicerrectoriaacademica\/wp-json\/wp\/v2\/media?parent=2856"}],"wp:term":[{"taxonomy":"category","embeddable":true,"href":"https:\/\/upla.cl\/vicerrectoriaacademica\/wp-json\/wp\/v2\/categories?post=2856"},{"taxonomy":"post_tag","embeddable":true,"href":"https:\/\/upla.cl\/vicerrectoriaacademica\/wp-json\/wp\/v2\/tags?post=2856"}],"curies":[{"name":"wp","href":"https:\/\/api.w.org\/{rel}","templated":true}]}}