{"id":2885,"date":"2022-10-17T12:47:34","date_gmt":"2022-10-17T15:47:34","guid":{"rendered":"https:\/\/upla.cl\/vicerrectoriaacademica\/?p=2885"},"modified":"2022-10-17T12:51:13","modified_gmt":"2022-10-17T15:51:13","slug":"instituto-tecnologico-upla-inicia-proceso-de-admision-2023","status":"publish","type":"post","link":"https:\/\/upla.cl\/vicerrectoriaacademica\/2022\/10\/17\/instituto-tecnologico-upla-inicia-proceso-de-admision-2023\/","title":{"rendered":"Instituto Tecnol\u00f3gico UPLA inicia Proceso de Admisi\u00f3n 2023"},"content":{"rendered":"<p><img loading=\"lazy\" decoding=\"async\" class=\"size-medium wp-image-2877 alignleft\" src=\"https:\/\/upla.cl\/vicerrectoriaacademica\/wp-content\/uploads\/2022\/10\/14773199507_7100ab2851_k-300x199.jpg\" alt=\"\" width=\"300\" height=\"199\" srcset=\"https:\/\/upla.cl\/vicerrectoriaacademica\/wp-content\/uploads\/2022\/10\/14773199507_7100ab2851_k-300x199.jpg 300w, https:\/\/upla.cl\/vicerrectoriaacademica\/wp-content\/uploads\/2022\/10\/14773199507_7100ab2851_k-1024x680.jpg 1024w, https:\/\/upla.cl\/vicerrectoriaacademica\/wp-content\/uploads\/2022\/10\/14773199507_7100ab2851_k-768x510.jpg 768w, https:\/\/upla.cl\/vicerrectoriaacademica\/wp-content\/uploads\/2022\/10\/14773199507_7100ab2851_k-1536x1020.jpg 1536w, https:\/\/upla.cl\/vicerrectoriaacademica\/wp-content\/uploads\/2022\/10\/14773199507_7100ab2851_k-900x600.jpg 900w, https:\/\/upla.cl\/vicerrectoriaacademica\/wp-content\/uploads\/2022\/10\/14773199507_7100ab2851_k.jpg 2047w\" sizes=\"(max-width: 300px) 100vw, 300px\" \/>El<strong> Instituto Tecnol\u00f3gico Universidad de Playa Ancha<\/strong> informa que se dio inicio al <strong>Proceso de Admisi\u00f3n 2023<\/strong> para las carreras T\u00e9cnicas de Nivel Superior que imparte nuestra casa de estudios a trav\u00e9s \u00e9l.<\/p>\n<p>*Todas las carreras t\u00e9cnicas se dictan en jornada vespertina (a partir de las 18.30 horas, sujeto a modificaci\u00f3n).<\/p>\n<p>El link de matr\u00edcula se encuentra habilitado en el siguiente enlace: <strong><a href=\"https:\/\/www.upla.cl\/institutotecnologico\/\">https:\/\/www.upla.cl\/institutotecnologico\/<\/a><\/strong><\/p>\n<p>De manera presencial, pueden dirigirse a las oficinas del Instituto Tecnol\u00f3gico de la Universidad de Playa Ancha, en horario de\u00a009.00 a 13.00 horas y de 14.30 a 17.00\u00a0horas.<\/p>\n<p><strong>EN CAMPUS VALPARA\u00cdSO<\/strong><br \/>\nDirecci\u00f3n: Avenida Playa Ancha 850 (subida Leopoldo Carvallo), Valpara\u00edso.<br \/>\nFono: 32-2205268 \/ 32-2205700<\/p>\n<p>Las carreras ofertadas para el a\u00f1o 2023 en el Campus Valpara\u00edso son:<\/p>\n<ul>\n<li>T\u00e9cnico en Contabilidad General.<\/li>\n<li>T\u00e9cnico en Administraci\u00f3n de Recursos Humanos.<\/li>\n<li>T\u00e9cnico en Educaci\u00f3n Parvularia.<\/li>\n<li>T\u00e9cnico en Interpretaci\u00f3n de Lengua de Se\u00f1as.<\/li>\n<\/ul>\n<p><strong>EN CAMPUS SAN FELIPE<\/strong><br \/>\nDirecci\u00f3n: Benigno Caldera 351, San Felipe.<br \/>\nFono: +569 95386072 \/ 32-2205615<\/p>\n<p>Las carreras ofertadas para el a\u00f1o 2023 en el Campus San Felipe son:<\/p>\n<ul>\n<li>T\u00e9cnico en Construcci\u00f3n.<\/li>\n<li>T\u00e9cnico en Electricidad.<\/li>\n<li>T\u00e9cnico en Miner\u00eda.<\/li>\n<li>T\u00e9cnico en Administraci\u00f3n Log\u00edstica.<\/li>\n<li>T\u00e9cnico en Contabilidad General.<\/li>\n<li>T\u00e9cnico en Administraci\u00f3n de Recursos Humanos.<\/li>\n<li>T\u00e9cnico en Educaci\u00f3n Parvularia.<\/li>\n<li>T\u00e9cnico en Interpretaci\u00f3n de Lengua de Se\u00f1as.<\/li>\n<\/ul>\n<p>Para m\u00e1s informaci\u00f3n, puede escribir a <strong><a href=\"mailto:institutotecnologico@upla.cl\">institutotecnologico@upla.cl.<\/a><\/strong><\/p>\n","protected":false},"excerpt":{"rendered":"<p>El Instituto Tecnol\u00f3gico Universidad de Playa Ancha informa que se dio inicio al Proceso de Admisi\u00f3n 2023 para las carreras T\u00e9cnicas de Nivel Superior que imparte nuestra casa de estudios a trav\u00e9s \u00e9l. *Todas las carreras t\u00e9cnicas se dictan en jornada vespertina (a partir de las 18.30 horas, sujeto a modificaci\u00f3n). El link de matr\u00edcula [&hellip;]<\/p>\n","protected":false},"author":4,"featured_media":2878,"comment_status":"closed","ping_status":"closed","sticky":false,"template":"","format":"standard","meta":{"_et_pb_use_builder":"","_et_pb_old_content":"","_et_gb_content_width":"","footnotes":""},"categories":[10],"tags":[],"class_list":["post-2885","post","type-post","status-publish","format-standard","has-post-thumbnail","hentry","category-noticias"],"_links":{"self":[{"href":"https:\/\/upla.cl\/vicerrectoriaacademica\/wp-json\/wp\/v2\/posts\/2885","targetHints":{"allow":["GET"]}}],"collection":[{"href":"https:\/\/upla.cl\/vicerrectoriaacademica\/wp-json\/wp\/v2\/posts"}],"about":[{"href":"https:\/\/upla.cl\/vicerrectoriaacademica\/wp-json\/wp\/v2\/types\/post"}],"author":[{"embeddable":true,"href":"https:\/\/upla.cl\/vicerrectoriaacademica\/wp-json\/wp\/v2\/users\/4"}],"replies":[{"embeddable":true,"href":"https:\/\/upla.cl\/vicerrectoriaacademica\/wp-json\/wp\/v2\/comments?post=2885"}],"version-history":[{"count":7,"href":"https:\/\/upla.cl\/vicerrectoriaacademica\/wp-json\/wp\/v2\/posts\/2885\/revisions"}],"predecessor-version":[{"id":2893,"href":"https:\/\/upla.cl\/vicerrectoriaacademica\/wp-json\/wp\/v2\/posts\/2885\/revisions\/2893"}],"wp:featuredmedia":[{"embeddable":true,"href":"https:\/\/upla.cl\/vicerrectoriaacademica\/wp-json\/wp\/v2\/media\/2878"}],"wp:attachment":[{"href":"https:\/\/upla.cl\/vicerrectoriaacademica\/wp-json\/wp\/v2\/media?parent=2885"}],"wp:term":[{"taxonomy":"category","embeddable":true,"href":"https:\/\/upla.cl\/vicerrectoriaacademica\/wp-json\/wp\/v2\/categories?post=2885"},{"taxonomy":"post_tag","embeddable":true,"href":"https:\/\/upla.cl\/vicerrectoriaacademica\/wp-json\/wp\/v2\/tags?post=2885"}],"curies":[{"name":"wp","href":"https:\/\/api.w.org\/{rel}","templated":true}]}}