{"id":17230580,"date":"2019-01-17T09:30:31","date_gmt":"2019-01-17T12:30:31","guid":{"rendered":"https:\/\/upla.cl\/vinculacion\/?p=17230580"},"modified":"2025-12-15T12:04:22","modified_gmt":"2025-12-15T15:04:22","slug":"experta-upla-expone-sobre-alternativas-de-uso-de-aguas-residuales-como-nueva-fuente-de-recursos","status":"publish","type":"post","link":"https:\/\/upla.cl\/vinculacion\/2019\/01\/17\/experta-upla-expone-sobre-alternativas-de-uso-de-aguas-residuales-como-nueva-fuente-de-recursos\/","title":{"rendered":"Experta UPLA expone sobre alternativas de uso de aguas residuales como nueva fuente de recursos"},"content":{"rendered":"<p>[et_pb_section fb_built=\u00bb1&#8243; fullwidth=\u00bbon\u00bb _builder_version=\u00bb4.27.4&#8243; _module_preset=\u00bbdefault\u00bb global_colors_info=\u00bb{}\u00bb][et_pb_fullwidth_header title=\u00bbExperta UPLA expone sobre alternativas de uso de aguas residuales como nueva fuente de recursos\u00bb _builder_version=\u00bb4.27.4&#8243; _module_preset=\u00bbdefault\u00bb title_font=\u00bbLato|700|||||||\u00bb title_font_size=\u00bb50px\u00bb subhead_font=\u00bbLato||||||||\u00bb subhead_font_size=\u00bb30px\u00bb background_image=\u00bbhttps:\/\/upla.cl\/vinculacion\/wp-content\/uploads\/2019\/01\/marisol_belmonte_cienciaycultura.jpg\u00bb background_blend=\u00bbmultiply\u00bb custom_padding=\u00bb10%||10%||true|false\u00bb title_text_shadow_style=\u00bbpreset5&#8243; subhead_text_shadow_style=\u00bbpreset5&#8243; global_colors_info=\u00bb{}\u00bb][\/et_pb_fullwidth_header][\/et_pb_section][et_pb_section fb_built=\u00bb1&#8243; _builder_version=\u00bb4.27.4&#8243; _module_preset=\u00bbdefault\u00bb custom_margin=\u00bb||||false|false\u00bb custom_padding=\u00bb0px||0px||true|false\u00bb global_colors_info=\u00bb{}\u00bb][et_pb_row column_structure=\u00bb1_3,2_3&#8243; _builder_version=\u00bb4.27.4&#8243; _module_preset=\u00bbdefault\u00bb width=\u00bb90%\u00bb global_colors_info=\u00bb{}\u00bb][et_pb_column type=\u00bb1_3&#8243; _builder_version=\u00bb4.27.4&#8243; _module_preset=\u00bbdefault\u00bb global_colors_info=\u00bb{}\u00bb][et_pb_gallery gallery_ids=\u00bb294,295&#8243; fullwidth=\u00bbon\u00bb _builder_version=\u00bb4.27.4&#8243; _module_preset=\u00bbdefault\u00bb global_colors_info=\u00bb{}\u00bb][\/et_pb_gallery][\/et_pb_column][et_pb_column type=\u00bb2_3&#8243; _builder_version=\u00bb4.27.4&#8243; _module_preset=\u00bbdefault\u00bb global_colors_info=\u00bb{}\u00bb][et_pb_text _builder_version=\u00bb4.27.4&#8243; _module_preset=\u00bbdefault\u00bb text_font=\u00bbLato||||||||\u00bb text_font_size=\u00bb16px\u00bb global_colors_info=\u00bb{}\u00bb]<\/p>\n<p>Frente al aumento exponencial de la poblaci\u00f3n y los efectos del cambio clim\u00e1tico el recurso h\u00eddrico se ha visto afectado por su alto consumo, poca disponibilidad y contaminaci\u00f3n, lo que ha intensificado la escasez de este vital elemento.<\/p>\n<p>Ante este escenario, se requiere de manera urgente -seg\u00fan la acad\u00e9mica del Departamento de Medio Ambiente de la Facultad de Ingenier\u00eda de la Universidad de Playa Ancha, <strong>Marisol Belmonte Soto<\/strong>\u2013 la b\u00fasqueda de nuevas fuentes de agua para contrarrestar estos efectos.<\/p>\n<p>Tema que fue abordado por la Doctora en Ciencias Ambientales con menci\u00f3n en Sistemas Acu\u00e1ticos Continentales en el ciclo de charlas \u201cViernes de Cultura + Ciencia\u201d del <a href=\"https:\/\/www.explora.cl\/valparaiso\/\" target=\"_blank\" rel=\"noopener\">programa Explora<\/a>, Regi\u00f3n de Valpara\u00edso, que se realiza en el Museo Fonck de Vi\u00f1a del Mar con entrada liberada.<\/p>\n<p>La Dra. Belmonte Soto recalc\u00f3 que \u201cva a ver un punto en que s\u00ed se va a tener que buscar alternativas porque ya el recurso (h\u00eddrico) es cada vez m\u00e1s escaso sobre todo con el cambio clim\u00e1tico, la desertificaci\u00f3n est\u00e1 avanzando hacia la zona central de Chile entonces s\u00ed se va a requerir tener nuevas fuentes. Ese desaf\u00edo tendr\u00e1 que ser de todos y del Estado\u201d.<\/p>\n<p>En esa l\u00ednea, propuso el uso de aguas residuales no solo como fuente h\u00eddrica sino que tambi\u00e9n como fuente de potenciales otros recursos: <em>\u201cuno es el agua que podr\u00eda ser para riego, otro para agua potable pensando en la potabilizaci\u00f3n, pero tambi\u00e9n est\u00e1 la energ\u00eda dependiendo del tratamiento que se le haga a esas aguas residuales y est\u00e1 el uso de fertilizantes para suelo\u201d.<\/em> Gran parte de esos usos ya se est\u00e1n haciendo de alguna manera en Chile, a excepci\u00f3n del utilizado para consumo humano, detall\u00f3 la integrante del <strong>Grupo de Investigaci\u00f3n UPLAguas.<\/strong><\/p>\n<p>Respecto a la generaci\u00f3n de energ\u00eda a partir del tratamiento anaerobio de las aguas residuales afirm\u00f3 que<em> \u201cs\u00ed se est\u00e1 haciendo en Chile, en el caso de Santiago en las plantas de tratamiento de aguas residuales que son de Aguas Andinas, que ya no se denominan como plantas de tratamiento sino como biofactor\u00edas como son La Farfana y el Trebal-Mapocho, a partir de ellas se obtienen estos recursos, ejemplo es la energ\u00eda, el metano. Lo que no tenemos es el uso de potabilizar el agua que se genera, eso no, y eso se podr\u00eda hacer\u201d.<\/em><\/p>\n<p>Marisol Belmonte recalc\u00f3 que as\u00ed como se tiene que diversificar la generaci\u00f3n de energ\u00eda lo mismo deber\u00eda hacerse para el recurso h\u00eddrico. En ese sentido, dio cuenta de experiencias de pa\u00edses como Singapur que tienen diversificado el suministro de agua potable en donde una parte proviene de las aguas lluvias, otra de desalinizaci\u00f3n del agua de mar, y otra de las aguas residuales. En este \u00faltimo punto se espera que para el 2060 m\u00e1s del 50% del suministro de agua en este pa\u00eds provenga de las aguas residuales urbanas, dejando planteada la interrogante: \u00bfSer\u00e1 posible, entonces utilizar las aguas residuales como una nueva fuente de recurso h\u00eddrico en Chile?<\/p>\n<p>[\/et_pb_text][\/et_pb_column][\/et_pb_row][\/et_pb_section]<\/p>\n","protected":false},"excerpt":{"rendered":"<p>Frente al aumento exponencial de la poblaci\u00f3n y los efectos del cambio clim\u00e1tico el recurso h\u00eddrico se ha visto afectado por su alto consumo, poca disponibilidad y contaminaci\u00f3n, lo que [&hellip;]<\/p>\n","protected":false},"author":12,"featured_media":295,"comment_status":"closed","ping_status":"closed","sticky":false,"template":"","format":"standard","meta":{"_et_pb_use_builder":"on","_et_pb_old_content":"","_et_gb_content_width":"","_price":"","_stock":"","_tribe_ticket_header":"","_tribe_default_ticket_provider":"","_tribe_ticket_capacity":"","_ticket_start_date":"","_ticket_end_date":"","_tribe_ticket_show_description":"","_tribe_ticket_show_not_going":false,"_tribe_ticket_use_global_stock":"","_tribe_ticket_global_stock_level":"","_global_stock_mode":"","_global_stock_cap":"","_tribe_rsvp_for_event":"","_tribe_ticket_going_count":"","_tribe_ticket_not_going_count":"","_tribe_tickets_list":"[]","_tribe_ticket_has_attendee_info_fields":false,"footnotes":""},"categories":[4],"tags":[],"class_list":["post-17230580","post","type-post","status-publish","format-standard","has-post-thumbnail","hentry","category-noticias"],"_links":{"self":[{"href":"https:\/\/upla.cl\/vinculacion\/wp-json\/wp\/v2\/posts\/17230580","targetHints":{"allow":["GET"]}}],"collection":[{"href":"https:\/\/upla.cl\/vinculacion\/wp-json\/wp\/v2\/posts"}],"about":[{"href":"https:\/\/upla.cl\/vinculacion\/wp-json\/wp\/v2\/types\/post"}],"author":[{"embeddable":true,"href":"https:\/\/upla.cl\/vinculacion\/wp-json\/wp\/v2\/users\/12"}],"replies":[{"embeddable":true,"href":"https:\/\/upla.cl\/vinculacion\/wp-json\/wp\/v2\/comments?post=17230580"}],"version-history":[{"count":3,"href":"https:\/\/upla.cl\/vinculacion\/wp-json\/wp\/v2\/posts\/17230580\/revisions"}],"predecessor-version":[{"id":17231621,"href":"https:\/\/upla.cl\/vinculacion\/wp-json\/wp\/v2\/posts\/17230580\/revisions\/17231621"}],"wp:featuredmedia":[{"embeddable":true,"href":"https:\/\/upla.cl\/vinculacion\/wp-json\/wp\/v2\/media\/295"}],"wp:attachment":[{"href":"https:\/\/upla.cl\/vinculacion\/wp-json\/wp\/v2\/media?parent=17230580"}],"wp:term":[{"taxonomy":"category","embeddable":true,"href":"https:\/\/upla.cl\/vinculacion\/wp-json\/wp\/v2\/categories?post=17230580"},{"taxonomy":"post_tag","embeddable":true,"href":"https:\/\/upla.cl\/vinculacion\/wp-json\/wp\/v2\/tags?post=17230580"}],"curies":[{"name":"wp","href":"https:\/\/api.w.org\/{rel}","templated":true}]}}